{"id":7666,"date":"2021-06-01T18:54:43","date_gmt":"2021-06-01T16:54:43","guid":{"rendered":"http:\/\/spp3.slawno.pl\/?p=7666"},"modified":"2021-06-01T19:45:41","modified_gmt":"2021-06-01T17:45:41","slug":"ruch-to-zdrowie","status":"publish","type":"post","link":"http:\/\/spp3.slawno.pl\/?p=7666","title":{"rendered":"Ruch to zdrowie- Dzie\u0144 Dziecka w 5a"},"content":{"rendered":"<p>Pod takim has\u0142em klasa 5a \u015bwi\u0119towa\u0142a Dzie\u0144 Dziecka.<\/p>\n<p>Zacz\u0119li\u015bmy od wybrania dru\u017cyn, do naszej kilkukilometrowej zabawy w podchody.\u00a0Jedna dru\u017cyna sz\u0142a przodem i zostawia\u0142a wiele ukrytych zada\u0144 do wykonania, druga kieruj\u0105c si\u0119 zostawionymi znakami, strza\u0142kami i napisami szuka\u0142a karteczek z poleceniem, kt\u00f3re musia\u0142a wykona\u0107. W po\u0142owie trasy dru\u017cyny spotka\u0142y si\u0119 i nastapi\u0142a zmiana. Po ponad dw\u00f3ch godzinach dotarli\u015bmy do placu zabaw i si\u0142owni na \u015bwie\u017cym powietrzu. Po odpoczynku i zabawach poszli\u015bmy na boisko pograc w pi\u0142k\u0119 oraz pograc w &#8222;Zgadnij kim jestem&#8221; itp. Opalali\u015bmy si\u0119 na trawie, opowiadali\u015bmy r\u00f3\u017cne historie i du\u017co si\u0119 \u015bmiali\u015bmy. Na koniec wychowawczyni przygotowa\u0142a niespodziank\u0119, s\u0142odkie dro\u017cd\u017c\u00f3wki, kt\u00f3re sama upiek\u0142a specjalnie dla nas. To by\u0142 bardzo mi\u0142o sp\u0119dzony czas, mimo zm\u0119czenia d\u0142ugim spacerem, wszyscy byli\u015bmy rado\u015bni i nikt nie chcia\u0142 wraca\u0107 do domu.<\/p>\n<p>Bardzo dzi\u0119kujemy Pani Monice Roszak, kt\u00f3ra zdecydowa\u0142a si\u0119 nam pom\u00f3c w opiece nad drug\u0105 z grup.<\/p>\n<p><img loading=\"lazy\" decoding=\"async\" class=\"alignnone wp-image-7667\" src=\"http:\/\/spp3.slawno.pl\/wp-content\/uploads\/2021\/06\/5a.jpg\" alt=\"Dzieci podczas zabaw z okazji Dnia Dziecka\" width=\"560\" height=\"746\" srcset=\"http:\/\/spp3.slawno.pl\/wp-content\/uploads\/2021\/06\/5a.jpg 694w, http:\/\/spp3.slawno.pl\/wp-content\/uploads\/2021\/06\/5a-225x300.jpg 225w\" sizes=\"(max-width: 560px) 100vw, 560px\" \/> <img loading=\"lazy\" decoding=\"async\" class=\"alignnone wp-image-7668\" src=\"http:\/\/spp3.slawno.pl\/wp-content\/uploads\/2021\/06\/5a1.jpg\" alt=\"\" width=\"560\" height=\"746\" srcset=\"http:\/\/spp3.slawno.pl\/wp-content\/uploads\/2021\/06\/5a1.jpg 694w, http:\/\/spp3.slawno.pl\/wp-content\/uploads\/2021\/06\/5a1-225x300.jpg 225w\" sizes=\"(max-width: 560px) 100vw, 560px\" \/><\/p>\n<p><img loading=\"lazy\" decoding=\"async\" class=\"alignnone size-large wp-image-7749\" src=\"http:\/\/spp3.slawno.pl\/wp-content\/uploads\/2021\/06\/Resized_20210601_091411-1024x768.jpg\" alt=\"Uczniowie \u015bwietuj\u0105 Dzie\u0144 Dziecka\" width=\"1024\" height=\"768\" srcset=\"http:\/\/spp3.slawno.pl\/wp-content\/uploads\/2021\/06\/Resized_20210601_091411-1024x768.jpg 1024w, http:\/\/spp3.slawno.pl\/wp-content\/uploads\/2021\/06\/Resized_20210601_091411-300x225.jpg 300w, http:\/\/spp3.slawno.pl\/wp-content\/uploads\/2021\/06\/Resized_20210601_091411-768x576.jpg 768w, http:\/\/spp3.slawno.pl\/wp-content\/uploads\/2021\/06\/Resized_20210601_091411-678x509.jpg 678w, http:\/\/spp3.slawno.pl\/wp-content\/uploads\/2021\/06\/Resized_20210601_091411-326x245.jpg 326w, http:\/\/spp3.slawno.pl\/wp-content\/uploads\/2021\/06\/Resized_20210601_091411-80x60.jpg 80w, http:\/\/spp3.slawno.pl\/wp-content\/uploads\/2021\/06\/Resized_20210601_091411.jpg 1049w\" sizes=\"(max-width: 1024px) 100vw, 1024px\" \/> <img loading=\"lazy\" decoding=\"async\" class=\"alignnone size-large wp-image-7750\" src=\"http:\/\/spp3.slawno.pl\/wp-content\/uploads\/2021\/06\/Resized_20210601_093809-1024x768.jpg\" alt=\"Uczniowie \u015bwietuj\u0105 Dzie\u0144 Dziecka\" width=\"1024\" height=\"768\" srcset=\"http:\/\/spp3.slawno.pl\/wp-content\/uploads\/2021\/06\/Resized_20210601_093809-1024x768.jpg 1024w, http:\/\/spp3.slawno.pl\/wp-content\/uploads\/2021\/06\/Resized_20210601_093809-300x225.jpg 300w, http:\/\/spp3.slawno.pl\/wp-content\/uploads\/2021\/06\/Resized_20210601_093809-768x576.jpg 768w, http:\/\/spp3.slawno.pl\/wp-content\/uploads\/2021\/06\/Resized_20210601_093809-678x509.jpg 678w, http:\/\/spp3.slawno.pl\/wp-content\/uploads\/2021\/06\/Resized_20210601_093809-326x245.jpg 326w, http:\/\/spp3.slawno.pl\/wp-content\/uploads\/2021\/06\/Resized_20210601_093809-80x60.jpg 80w, http:\/\/spp3.slawno.pl\/wp-content\/uploads\/2021\/06\/Resized_20210601_093809.jpg 1296w\" sizes=\"(max-width: 1024px) 100vw, 1024px\" \/> <img loading=\"lazy\" decoding=\"async\" class=\"alignnone size-large wp-image-7751\" src=\"http:\/\/spp3.slawno.pl\/wp-content\/uploads\/2021\/06\/Resized_20210601_103932-768x1024.jpg\" alt=\"Uczniowie \u015bwietuj\u0105 Dzie\u0144 Dziecka\" width=\"768\" height=\"1024\" srcset=\"http:\/\/spp3.slawno.pl\/wp-content\/uploads\/2021\/06\/Resized_20210601_103932-768x1024.jpg 768w, http:\/\/spp3.slawno.pl\/wp-content\/uploads\/2021\/06\/Resized_20210601_103932-225x300.jpg 225w, http:\/\/spp3.slawno.pl\/wp-content\/uploads\/2021\/06\/Resized_20210601_103932.jpg 1080w\" sizes=\"(max-width: 768px) 100vw, 768px\" \/> <img loading=\"lazy\" decoding=\"async\" class=\"alignnone size-large wp-image-7753\" src=\"http:\/\/spp3.slawno.pl\/wp-content\/uploads\/2021\/06\/Resized_20210601_110641-768x1024.jpg\" alt=\"Uczniowie \u015bwietuj\u0105 Dzie\u0144 Dziecka\" width=\"768\" height=\"1024\" srcset=\"http:\/\/spp3.slawno.pl\/wp-content\/uploads\/2021\/06\/Resized_20210601_110641-768x1024.jpg 768w, http:\/\/spp3.slawno.pl\/wp-content\/uploads\/2021\/06\/Resized_20210601_110641-225x300.jpg 225w, http:\/\/spp3.slawno.pl\/wp-content\/uploads\/2021\/06\/Resized_20210601_110641.jpg 1080w\" sizes=\"(max-width: 768px) 100vw, 768px\" \/> <img loading=\"lazy\" decoding=\"async\" class=\"alignnone size-full wp-image-7754\" src=\"http:\/\/spp3.slawno.pl\/wp-content\/uploads\/2021\/06\/Resized_20210601_111157.jpg\" alt=\"Uczniowie \u015bwietuj\u0105 Dzie\u0144 Dziecka\" width=\"501\" height=\"375\" srcset=\"http:\/\/spp3.slawno.pl\/wp-content\/uploads\/2021\/06\/Resized_20210601_111157.jpg 501w, http:\/\/spp3.slawno.pl\/wp-content\/uploads\/2021\/06\/Resized_20210601_111157-300x225.jpg 300w, http:\/\/spp3.slawno.pl\/wp-content\/uploads\/2021\/06\/Resized_20210601_111157-326x245.jpg 326w, http:\/\/spp3.slawno.pl\/wp-content\/uploads\/2021\/06\/Resized_20210601_111157-80x60.jpg 80w\" sizes=\"(max-width: 501px) 100vw, 501px\" \/> <img loading=\"lazy\" decoding=\"async\" class=\"alignnone size-large wp-image-7755\" src=\"http:\/\/spp3.slawno.pl\/wp-content\/uploads\/2021\/06\/Resized_20210601_112021-768x1024.jpg\" alt=\"Uczniowie \u015bwietuj\u0105 Dzie\u0144 Dziecka\" width=\"768\" height=\"1024\" srcset=\"http:\/\/spp3.slawno.pl\/wp-content\/uploads\/2021\/06\/Resized_20210601_112021-768x1024.jpg 768w, http:\/\/spp3.slawno.pl\/wp-content\/uploads\/2021\/06\/Resized_20210601_112021-225x300.jpg 225w, http:\/\/spp3.slawno.pl\/wp-content\/uploads\/2021\/06\/Resized_20210601_112021.jpg 1080w\" sizes=\"(max-width: 768px) 100vw, 768px\" \/><\/p>\n<p><img loading=\"lazy\" decoding=\"async\" class=\"alignnone wp-image-7669\" src=\"http:\/\/spp3.slawno.pl\/wp-content\/uploads\/2021\/06\/5a2.jpg\" alt=\"Dzieci podczas zabaw z okazji Dnia Dziecka\" width=\"716\" height=\"537\" srcset=\"http:\/\/spp3.slawno.pl\/wp-content\/uploads\/2021\/06\/5a2.jpg 925w, http:\/\/spp3.slawno.pl\/wp-content\/uploads\/2021\/06\/5a2-300x225.jpg 300w, http:\/\/spp3.slawno.pl\/wp-content\/uploads\/2021\/06\/5a2-768x576.jpg 768w, http:\/\/spp3.slawno.pl\/wp-content\/uploads\/2021\/06\/5a2-678x509.jpg 678w, http:\/\/spp3.slawno.pl\/wp-content\/uploads\/2021\/06\/5a2-326x245.jpg 326w, http:\/\/spp3.slawno.pl\/wp-content\/uploads\/2021\/06\/5a2-80x60.jpg 80w\" sizes=\"(max-width: 716px) 100vw, 716px\" \/> <img loading=\"lazy\" decoding=\"async\" class=\"alignnone wp-image-7670\" src=\"http:\/\/spp3.slawno.pl\/wp-content\/uploads\/2021\/06\/5a3.jpg\" alt=\"Dzieci podczas zabaw z okazji Dnia Dziecka\" width=\"718\" height=\"539\" srcset=\"http:\/\/spp3.slawno.pl\/wp-content\/uploads\/2021\/06\/5a3.jpg 925w, http:\/\/spp3.slawno.pl\/wp-content\/uploads\/2021\/06\/5a3-300x225.jpg 300w, http:\/\/spp3.slawno.pl\/wp-content\/uploads\/2021\/06\/5a3-768x576.jpg 768w, http:\/\/spp3.slawno.pl\/wp-content\/uploads\/2021\/06\/5a3-678x509.jpg 678w, http:\/\/spp3.slawno.pl\/wp-content\/uploads\/2021\/06\/5a3-326x245.jpg 326w, http:\/\/spp3.slawno.pl\/wp-content\/uploads\/2021\/06\/5a3-80x60.jpg 80w\" sizes=\"(max-width: 718px) 100vw, 718px\" \/> <img loading=\"lazy\" decoding=\"async\" class=\"alignnone wp-image-7671\" src=\"http:\/\/spp3.slawno.pl\/wp-content\/uploads\/2021\/06\/5a4.jpg\" alt=\"Dzieci podczas zabaw z okazji Dnia Dziecka\" width=\"713\" height=\"535\" srcset=\"http:\/\/spp3.slawno.pl\/wp-content\/uploads\/2021\/06\/5a4.jpg 925w, http:\/\/spp3.slawno.pl\/wp-content\/uploads\/2021\/06\/5a4-300x225.jpg 300w, http:\/\/spp3.slawno.pl\/wp-content\/uploads\/2021\/06\/5a4-768x576.jpg 768w, http:\/\/spp3.slawno.pl\/wp-content\/uploads\/2021\/06\/5a4-678x509.jpg 678w, http:\/\/spp3.slawno.pl\/wp-content\/uploads\/2021\/06\/5a4-326x245.jpg 326w, http:\/\/spp3.slawno.pl\/wp-content\/uploads\/2021\/06\/5a4-80x60.jpg 80w\" sizes=\"(max-width: 713px) 100vw, 713px\" \/> <img loading=\"lazy\" decoding=\"async\" class=\"alignnone wp-image-7672\" src=\"http:\/\/spp3.slawno.pl\/wp-content\/uploads\/2021\/06\/5a5.jpg\" alt=\"Dzieci podczas zabaw z okazji Dnia Dziecka\" width=\"713\" height=\"535\" srcset=\"http:\/\/spp3.slawno.pl\/wp-content\/uploads\/2021\/06\/5a5.jpg 925w, http:\/\/spp3.slawno.pl\/wp-content\/uploads\/2021\/06\/5a5-300x225.jpg 300w, http:\/\/spp3.slawno.pl\/wp-content\/uploads\/2021\/06\/5a5-768x576.jpg 768w, http:\/\/spp3.slawno.pl\/wp-content\/uploads\/2021\/06\/5a5-678x509.jpg 678w, http:\/\/spp3.slawno.pl\/wp-content\/uploads\/2021\/06\/5a5-326x245.jpg 326w, http:\/\/spp3.slawno.pl\/wp-content\/uploads\/2021\/06\/5a5-80x60.jpg 80w\" sizes=\"(max-width: 713px) 100vw, 713px\" \/> <img loading=\"lazy\" decoding=\"async\" class=\"alignnone wp-image-7673\" src=\"http:\/\/spp3.slawno.pl\/wp-content\/uploads\/2021\/06\/5a6.jpg\" alt=\"Dzieci podczas zabaw z okazji Dnia Dziecka\" width=\"713\" height=\"535\" srcset=\"http:\/\/spp3.slawno.pl\/wp-content\/uploads\/2021\/06\/5a6.jpg 925w, http:\/\/spp3.slawno.pl\/wp-content\/uploads\/2021\/06\/5a6-300x225.jpg 300w, http:\/\/spp3.slawno.pl\/wp-content\/uploads\/2021\/06\/5a6-768x576.jpg 768w, http:\/\/spp3.slawno.pl\/wp-content\/uploads\/2021\/06\/5a6-678x509.jpg 678w, http:\/\/spp3.slawno.pl\/wp-content\/uploads\/2021\/06\/5a6-326x245.jpg 326w, http:\/\/spp3.slawno.pl\/wp-content\/uploads\/2021\/06\/5a6-80x60.jpg 80w\" sizes=\"(max-width: 713px) 100vw, 713px\" \/> <img loading=\"lazy\" decoding=\"async\" class=\"alignnone wp-image-7674\" src=\"http:\/\/spp3.slawno.pl\/wp-content\/uploads\/2021\/06\/5a7.jpg\" alt=\"Dzieci podczas zabaw z okazji Dnia Dziecka\" width=\"706\" height=\"530\" srcset=\"http:\/\/spp3.slawno.pl\/wp-content\/uploads\/2021\/06\/5a7.jpg 925w, http:\/\/spp3.slawno.pl\/wp-content\/uploads\/2021\/06\/5a7-300x225.jpg 300w, http:\/\/spp3.slawno.pl\/wp-content\/uploads\/2021\/06\/5a7-768x576.jpg 768w, http:\/\/spp3.slawno.pl\/wp-content\/uploads\/2021\/06\/5a7-678x509.jpg 678w, http:\/\/spp3.slawno.pl\/wp-content\/uploads\/2021\/06\/5a7-326x245.jpg 326w, http:\/\/spp3.slawno.pl\/wp-content\/uploads\/2021\/06\/5a7-80x60.jpg 80w\" sizes=\"(max-width: 706px) 100vw, 706px\" \/> <img loading=\"lazy\" decoding=\"async\" class=\"alignnone wp-image-7675\" src=\"http:\/\/spp3.slawno.pl\/wp-content\/uploads\/2021\/06\/5a8.jpg\" alt=\"Dzieci podczas zabaw z okazji Dnia Dziecka\" width=\"542\" height=\"722\" srcset=\"http:\/\/spp3.slawno.pl\/wp-content\/uploads\/2021\/06\/5a8.jpg 694w, http:\/\/spp3.slawno.pl\/wp-content\/uploads\/2021\/06\/5a8-225x300.jpg 225w\" sizes=\"(max-width: 542px) 100vw, 542px\" \/> <img loading=\"lazy\" decoding=\"async\" class=\"alignnone wp-image-7676\" src=\"http:\/\/spp3.slawno.pl\/wp-content\/uploads\/2021\/06\/5a9.jpg\" alt=\"Dzieci podczas zabaw z okazji Dnia Dziecka\" width=\"577\" height=\"769\" srcset=\"http:\/\/spp3.slawno.pl\/wp-content\/uploads\/2021\/06\/5a9.jpg 694w, http:\/\/spp3.slawno.pl\/wp-content\/uploads\/2021\/06\/5a9-225x300.jpg 225w\" sizes=\"(max-width: 577px) 100vw, 577px\" \/><\/p>\n<p><img loading=\"lazy\" decoding=\"async\" class=\"alignnone  wp-image-7756\" src=\"http:\/\/spp3.slawno.pl\/wp-content\/uploads\/2021\/06\/20210601_102732-768x1024.jpg\" alt=\"Uczniowie \u015bwietuj\u0105 Dzie\u0144 Dziecka\" width=\"592\" height=\"789\" srcset=\"http:\/\/spp3.slawno.pl\/wp-content\/uploads\/2021\/06\/20210601_102732-768x1024.jpg 768w, http:\/\/spp3.slawno.pl\/wp-content\/uploads\/2021\/06\/20210601_102732-225x300.jpg 225w, http:\/\/spp3.slawno.pl\/wp-content\/uploads\/2021\/06\/20210601_102732.jpg 1200w\" sizes=\"(max-width: 592px) 100vw, 592px\" \/><\/p>\n<p><img loading=\"lazy\" decoding=\"async\" class=\"alignnone wp-image-7677\" src=\"http:\/\/spp3.slawno.pl\/wp-content\/uploads\/2021\/06\/5a10.jpg\" alt=\"Dzieci podczas zabaw z okazji Dnia Dziecka\" width=\"710\" height=\"533\" srcset=\"http:\/\/spp3.slawno.pl\/wp-content\/uploads\/2021\/06\/5a10.jpg 925w, http:\/\/spp3.slawno.pl\/wp-content\/uploads\/2021\/06\/5a10-300x225.jpg 300w, http:\/\/spp3.slawno.pl\/wp-content\/uploads\/2021\/06\/5a10-768x576.jpg 768w, http:\/\/spp3.slawno.pl\/wp-content\/uploads\/2021\/06\/5a10-678x509.jpg 678w, http:\/\/spp3.slawno.pl\/wp-content\/uploads\/2021\/06\/5a10-326x245.jpg 326w, http:\/\/spp3.slawno.pl\/wp-content\/uploads\/2021\/06\/5a10-80x60.jpg 80w\" sizes=\"(max-width: 710px) 100vw, 710px\" \/> <img loading=\"lazy\" decoding=\"async\" class=\"alignnone wp-image-7678\" src=\"http:\/\/spp3.slawno.pl\/wp-content\/uploads\/2021\/06\/5a11.jpg\" alt=\"Dzieci podczas zabaw z okazji Dnia Dziecka\" width=\"529\" height=\"705\" srcset=\"http:\/\/spp3.slawno.pl\/wp-content\/uploads\/2021\/06\/5a11.jpg 694w, http:\/\/spp3.slawno.pl\/wp-content\/uploads\/2021\/06\/5a11-225x300.jpg 225w\" sizes=\"(max-width: 529px) 100vw, 529px\" \/> <img loading=\"lazy\" decoding=\"async\" class=\"alignnone wp-image-7679\" src=\"http:\/\/spp3.slawno.pl\/wp-content\/uploads\/2021\/06\/5a13.jpg\" alt=\"Dzieci podczas zabaw z okazji Dnia Dziecka\" width=\"532\" height=\"709\" srcset=\"http:\/\/spp3.slawno.pl\/wp-content\/uploads\/2021\/06\/5a13.jpg 694w, http:\/\/spp3.slawno.pl\/wp-content\/uploads\/2021\/06\/5a13-225x300.jpg 225w\" sizes=\"(max-width: 532px) 100vw, 532px\" \/> <img loading=\"lazy\" decoding=\"async\" class=\"alignnone wp-image-7680\" src=\"http:\/\/spp3.slawno.pl\/wp-content\/uploads\/2021\/06\/5a14.jpg\" alt=\"Dzieci podczas zabaw z okazji Dnia Dziecka\" width=\"539\" height=\"718\" srcset=\"http:\/\/spp3.slawno.pl\/wp-content\/uploads\/2021\/06\/5a14.jpg 694w, http:\/\/spp3.slawno.pl\/wp-content\/uploads\/2021\/06\/5a14-225x300.jpg 225w\" sizes=\"(max-width: 539px) 100vw, 539px\" \/> <img loading=\"lazy\" decoding=\"async\" class=\"alignnone wp-image-7681\" src=\"http:\/\/spp3.slawno.pl\/wp-content\/uploads\/2021\/06\/5a17.jpg\" alt=\"Dzieci podczas zabaw z okazji Dnia Dziecka\" width=\"761\" height=\"571\" srcset=\"http:\/\/spp3.slawno.pl\/wp-content\/uploads\/2021\/06\/5a17.jpg 925w, http:\/\/spp3.slawno.pl\/wp-content\/uploads\/2021\/06\/5a17-300x225.jpg 300w, http:\/\/spp3.slawno.pl\/wp-content\/uploads\/2021\/06\/5a17-768x576.jpg 768w, http:\/\/spp3.slawno.pl\/wp-content\/uploads\/2021\/06\/5a17-678x509.jpg 678w, http:\/\/spp3.slawno.pl\/wp-content\/uploads\/2021\/06\/5a17-326x245.jpg 326w, http:\/\/spp3.slawno.pl\/wp-content\/uploads\/2021\/06\/5a17-80x60.jpg 80w\" sizes=\"(max-width: 761px) 100vw, 761px\" \/> <img loading=\"lazy\" decoding=\"async\" class=\"alignnone wp-image-7682\" src=\"http:\/\/spp3.slawno.pl\/wp-content\/uploads\/2021\/06\/5a18.jpg\" alt=\"Dzieci podczas zabaw z okazji Dnia Dziecka\" width=\"586\" height=\"781\" srcset=\"http:\/\/spp3.slawno.pl\/wp-content\/uploads\/2021\/06\/5a18.jpg 694w, http:\/\/spp3.slawno.pl\/wp-content\/uploads\/2021\/06\/5a18-225x300.jpg 225w\" sizes=\"(max-width: 586px) 100vw, 586px\" \/> <img loading=\"lazy\" decoding=\"async\" class=\"alignnone wp-image-7683\" src=\"http:\/\/spp3.slawno.pl\/wp-content\/uploads\/2021\/06\/5a19.jpg\" alt=\"Dzieci podczas zabaw z okazji Dnia Dziecka\" width=\"582\" height=\"776\" srcset=\"http:\/\/spp3.slawno.pl\/wp-content\/uploads\/2021\/06\/5a19.jpg 694w, http:\/\/spp3.slawno.pl\/wp-content\/uploads\/2021\/06\/5a19-225x300.jpg 225w\" sizes=\"(max-width: 582px) 100vw, 582px\" \/><\/p>\n","protected":false},"excerpt":{"rendered":"<div class=\"mh-excerpt\"><p>Pod takim has\u0142em klasa 5a \u015bwi\u0119towa\u0142a Dzie\u0144 Dziecka. Zacz\u0119li\u015bmy od wybrania dru\u017cyn, do naszej kilkukilometrowej zabawy w podchody.\u00a0Jedna dru\u017cyna sz\u0142a przodem i zostawia\u0142a wiele ukrytych <a class=\"mh-excerpt-more\" href=\"http:\/\/spp3.slawno.pl\/?p=7666\" title=\"Ruch to zdrowie- Dzie\u0144 Dziecka w 5a\">[&#8230;]<\/a><\/p>\n<\/div>","protected":false},"author":2,"featured_media":7670,"comment_status":"closed","ping_status":"open","sticky":false,"template":"","format":"standard","meta":{"footnotes":""},"categories":[8],"tags":[],"class_list":["post-7666","post","type-post","status-publish","format-standard","has-post-thumbnail","hentry","category-wydarzenia"],"_links":{"self":[{"href":"http:\/\/spp3.slawno.pl\/index.php?rest_route=\/wp\/v2\/posts\/7666"}],"collection":[{"href":"http:\/\/spp3.slawno.pl\/index.php?rest_route=\/wp\/v2\/posts"}],"about":[{"href":"http:\/\/spp3.slawno.pl\/index.php?rest_route=\/wp\/v2\/types\/post"}],"author":[{"embeddable":true,"href":"http:\/\/spp3.slawno.pl\/index.php?rest_route=\/wp\/v2\/users\/2"}],"replies":[{"embeddable":true,"href":"http:\/\/spp3.slawno.pl\/index.php?rest_route=%2Fwp%2Fv2%2Fcomments&post=7666"}],"version-history":[{"count":4,"href":"http:\/\/spp3.slawno.pl\/index.php?rest_route=\/wp\/v2\/posts\/7666\/revisions"}],"predecessor-version":[{"id":7757,"href":"http:\/\/spp3.slawno.pl\/index.php?rest_route=\/wp\/v2\/posts\/7666\/revisions\/7757"}],"wp:featuredmedia":[{"embeddable":true,"href":"http:\/\/spp3.slawno.pl\/index.php?rest_route=\/wp\/v2\/media\/7670"}],"wp:attachment":[{"href":"http:\/\/spp3.slawno.pl\/index.php?rest_route=%2Fwp%2Fv2%2Fmedia&parent=7666"}],"wp:term":[{"taxonomy":"category","embeddable":true,"href":"http:\/\/spp3.slawno.pl\/index.php?rest_route=%2Fwp%2Fv2%2Fcategories&post=7666"},{"taxonomy":"post_tag","embeddable":true,"href":"http:\/\/spp3.slawno.pl\/index.php?rest_route=%2Fwp%2Fv2%2Ftags&post=7666"}],"curies":[{"name":"wp","href":"https:\/\/api.w.org\/{rel}","templated":true}]}}