{"id":7693,"date":"2021-06-01T18:37:50","date_gmt":"2021-06-01T16:37:50","guid":{"rendered":"http:\/\/spp3.slawno.pl\/?p=7693"},"modified":"2021-06-01T18:38:31","modified_gmt":"2021-06-01T16:38:31","slug":"piekny-dzien-dziecka","status":"publish","type":"post","link":"http:\/\/spp3.slawno.pl\/?p=7693","title":{"rendered":"Pi\u0119kny dzie\u0144 Dziecka"},"content":{"rendered":"<p>Dzisiaj Szkola nale\u017ca\u0142a przede wszystkim do uczni\u00f3w&#8230; <img loading=\"lazy\" decoding=\"async\" class=\"alignnone size-full wp-image-7694\" src=\"http:\/\/spp3.slawno.pl\/wp-content\/uploads\/2021\/06\/f.jpg\" alt=\"Dzieci maluj\u0105 na folii rozwieszonej na p\u0142ocie\" width=\"720\" height=\"960\" srcset=\"http:\/\/spp3.slawno.pl\/wp-content\/uploads\/2021\/06\/f.jpg 720w, http:\/\/spp3.slawno.pl\/wp-content\/uploads\/2021\/06\/f-225x300.jpg 225w\" sizes=\"(max-width: 720px) 100vw, 720px\" \/> <img loading=\"lazy\" decoding=\"async\" class=\"alignnone size-full wp-image-7695\" src=\"http:\/\/spp3.slawno.pl\/wp-content\/uploads\/2021\/06\/g.jpg\" alt=\"Dzieci maluj\u0105 na folii rozwieszonej na p\u0142ocie\" width=\"960\" height=\"720\" srcset=\"http:\/\/spp3.slawno.pl\/wp-content\/uploads\/2021\/06\/g.jpg 960w, http:\/\/spp3.slawno.pl\/wp-content\/uploads\/2021\/06\/g-300x225.jpg 300w, http:\/\/spp3.slawno.pl\/wp-content\/uploads\/2021\/06\/g-768x576.jpg 768w, http:\/\/spp3.slawno.pl\/wp-content\/uploads\/2021\/06\/g-678x509.jpg 678w, http:\/\/spp3.slawno.pl\/wp-content\/uploads\/2021\/06\/g-326x245.jpg 326w, http:\/\/spp3.slawno.pl\/wp-content\/uploads\/2021\/06\/g-80x60.jpg 80w\" sizes=\"(max-width: 960px) 100vw, 960px\" \/> <img loading=\"lazy\" decoding=\"async\" class=\"alignnone size-full wp-image-7696\" src=\"http:\/\/spp3.slawno.pl\/wp-content\/uploads\/2021\/06\/h.jpg\" alt=\"Dzieci maluj\u0105 na folii rozwieszonej na p\u0142ocie\" width=\"960\" height=\"720\" srcset=\"http:\/\/spp3.slawno.pl\/wp-content\/uploads\/2021\/06\/h.jpg 960w, http:\/\/spp3.slawno.pl\/wp-content\/uploads\/2021\/06\/h-300x225.jpg 300w, http:\/\/spp3.slawno.pl\/wp-content\/uploads\/2021\/06\/h-768x576.jpg 768w, http:\/\/spp3.slawno.pl\/wp-content\/uploads\/2021\/06\/h-678x509.jpg 678w, http:\/\/spp3.slawno.pl\/wp-content\/uploads\/2021\/06\/h-326x245.jpg 326w, http:\/\/spp3.slawno.pl\/wp-content\/uploads\/2021\/06\/h-80x60.jpg 80w\" sizes=\"(max-width: 960px) 100vw, 960px\" \/> <img loading=\"lazy\" decoding=\"async\" class=\"alignnone size-full wp-image-7697\" src=\"http:\/\/spp3.slawno.pl\/wp-content\/uploads\/2021\/06\/i.jpg\" alt=\"Dzieci maluj\u0105 na folii rozwieszonej na p\u0142ocie\" width=\"960\" height=\"720\" srcset=\"http:\/\/spp3.slawno.pl\/wp-content\/uploads\/2021\/06\/i.jpg 960w, http:\/\/spp3.slawno.pl\/wp-content\/uploads\/2021\/06\/i-300x225.jpg 300w, http:\/\/spp3.slawno.pl\/wp-content\/uploads\/2021\/06\/i-768x576.jpg 768w, http:\/\/spp3.slawno.pl\/wp-content\/uploads\/2021\/06\/i-678x509.jpg 678w, http:\/\/spp3.slawno.pl\/wp-content\/uploads\/2021\/06\/i-326x245.jpg 326w, http:\/\/spp3.slawno.pl\/wp-content\/uploads\/2021\/06\/i-80x60.jpg 80w\" sizes=\"(max-width: 960px) 100vw, 960px\" \/> <img loading=\"lazy\" decoding=\"async\" class=\"alignnone size-full wp-image-7698\" src=\"http:\/\/spp3.slawno.pl\/wp-content\/uploads\/2021\/06\/j.jpg\" alt=\"Dzieci maluj\u0105 na folii rozwieszonej na p\u0142ocie\" width=\"960\" height=\"720\" srcset=\"http:\/\/spp3.slawno.pl\/wp-content\/uploads\/2021\/06\/j.jpg 960w, http:\/\/spp3.slawno.pl\/wp-content\/uploads\/2021\/06\/j-300x225.jpg 300w, http:\/\/spp3.slawno.pl\/wp-content\/uploads\/2021\/06\/j-768x576.jpg 768w, http:\/\/spp3.slawno.pl\/wp-content\/uploads\/2021\/06\/j-678x509.jpg 678w, http:\/\/spp3.slawno.pl\/wp-content\/uploads\/2021\/06\/j-326x245.jpg 326w, http:\/\/spp3.slawno.pl\/wp-content\/uploads\/2021\/06\/j-80x60.jpg 80w\" sizes=\"(max-width: 960px) 100vw, 960px\" \/> <img loading=\"lazy\" decoding=\"async\" class=\"alignnone size-full wp-image-7699\" src=\"http:\/\/spp3.slawno.pl\/wp-content\/uploads\/2021\/06\/k.jpg\" alt=\"Dzieci maluj\u0105 na folii rozwieszonej na p\u0142ocie\" width=\"960\" height=\"720\" srcset=\"http:\/\/spp3.slawno.pl\/wp-content\/uploads\/2021\/06\/k.jpg 960w, http:\/\/spp3.slawno.pl\/wp-content\/uploads\/2021\/06\/k-300x225.jpg 300w, http:\/\/spp3.slawno.pl\/wp-content\/uploads\/2021\/06\/k-768x576.jpg 768w, http:\/\/spp3.slawno.pl\/wp-content\/uploads\/2021\/06\/k-678x509.jpg 678w, http:\/\/spp3.slawno.pl\/wp-content\/uploads\/2021\/06\/k-326x245.jpg 326w, http:\/\/spp3.slawno.pl\/wp-content\/uploads\/2021\/06\/k-80x60.jpg 80w\" sizes=\"(max-width: 960px) 100vw, 960px\" \/> <img loading=\"lazy\" decoding=\"async\" class=\"alignnone size-full wp-image-7700\" src=\"http:\/\/spp3.slawno.pl\/wp-content\/uploads\/2021\/06\/l.jpg\" alt=\"Dzieci maluj\u0105 na folii rozwieszonej na p\u0142ocie\" width=\"960\" height=\"720\" srcset=\"http:\/\/spp3.slawno.pl\/wp-content\/uploads\/2021\/06\/l.jpg 960w, http:\/\/spp3.slawno.pl\/wp-content\/uploads\/2021\/06\/l-300x225.jpg 300w, http:\/\/spp3.slawno.pl\/wp-content\/uploads\/2021\/06\/l-768x576.jpg 768w, http:\/\/spp3.slawno.pl\/wp-content\/uploads\/2021\/06\/l-678x509.jpg 678w, http:\/\/spp3.slawno.pl\/wp-content\/uploads\/2021\/06\/l-326x245.jpg 326w, http:\/\/spp3.slawno.pl\/wp-content\/uploads\/2021\/06\/l-80x60.jpg 80w\" sizes=\"(max-width: 960px) 100vw, 960px\" \/> <img loading=\"lazy\" decoding=\"async\" class=\"alignnone size-full wp-image-7701\" src=\"http:\/\/spp3.slawno.pl\/wp-content\/uploads\/2021\/06\/\u0142.jpg\" alt=\"Dzieci maluj\u0105 na folii rozwieszonej na p\u0142ocie\" width=\"960\" height=\"720\" srcset=\"http:\/\/spp3.slawno.pl\/wp-content\/uploads\/2021\/06\/\u0142.jpg 960w, http:\/\/spp3.slawno.pl\/wp-content\/uploads\/2021\/06\/\u0142-300x225.jpg 300w, http:\/\/spp3.slawno.pl\/wp-content\/uploads\/2021\/06\/\u0142-768x576.jpg 768w, http:\/\/spp3.slawno.pl\/wp-content\/uploads\/2021\/06\/\u0142-678x509.jpg 678w, http:\/\/spp3.slawno.pl\/wp-content\/uploads\/2021\/06\/\u0142-326x245.jpg 326w, http:\/\/spp3.slawno.pl\/wp-content\/uploads\/2021\/06\/\u0142-80x60.jpg 80w\" sizes=\"(max-width: 960px) 100vw, 960px\" \/> <img loading=\"lazy\" decoding=\"async\" class=\"alignnone size-full wp-image-7702\" src=\"http:\/\/spp3.slawno.pl\/wp-content\/uploads\/2021\/06\/m.jpg\" alt=\"Dzieci maluj\u0105 na folii rozwieszonej na p\u0142ocie\" width=\"960\" height=\"720\" srcset=\"http:\/\/spp3.slawno.pl\/wp-content\/uploads\/2021\/06\/m.jpg 960w, http:\/\/spp3.slawno.pl\/wp-content\/uploads\/2021\/06\/m-300x225.jpg 300w, http:\/\/spp3.slawno.pl\/wp-content\/uploads\/2021\/06\/m-768x576.jpg 768w, http:\/\/spp3.slawno.pl\/wp-content\/uploads\/2021\/06\/m-678x509.jpg 678w, http:\/\/spp3.slawno.pl\/wp-content\/uploads\/2021\/06\/m-326x245.jpg 326w, http:\/\/spp3.slawno.pl\/wp-content\/uploads\/2021\/06\/m-80x60.jpg 80w\" sizes=\"(max-width: 960px) 100vw, 960px\" \/> <img loading=\"lazy\" decoding=\"async\" class=\"alignnone size-full wp-image-7703\" src=\"http:\/\/spp3.slawno.pl\/wp-content\/uploads\/2021\/06\/n.jpg\" alt=\"Dzieci maluj\u0105 na folii rozwieszonej na p\u0142ocie\" width=\"960\" height=\"720\" srcset=\"http:\/\/spp3.slawno.pl\/wp-content\/uploads\/2021\/06\/n.jpg 960w, http:\/\/spp3.slawno.pl\/wp-content\/uploads\/2021\/06\/n-300x225.jpg 300w, http:\/\/spp3.slawno.pl\/wp-content\/uploads\/2021\/06\/n-768x576.jpg 768w, http:\/\/spp3.slawno.pl\/wp-content\/uploads\/2021\/06\/n-678x509.jpg 678w, http:\/\/spp3.slawno.pl\/wp-content\/uploads\/2021\/06\/n-326x245.jpg 326w, http:\/\/spp3.slawno.pl\/wp-content\/uploads\/2021\/06\/n-80x60.jpg 80w\" sizes=\"(max-width: 960px) 100vw, 960px\" \/> <img loading=\"lazy\" decoding=\"async\" class=\"alignnone size-full wp-image-7704\" src=\"http:\/\/spp3.slawno.pl\/wp-content\/uploads\/2021\/06\/o.jpg\" alt=\"Dzieci maluj\u0105 na folii rozwieszonej na p\u0142ocie\" width=\"960\" height=\"720\" srcset=\"http:\/\/spp3.slawno.pl\/wp-content\/uploads\/2021\/06\/o.jpg 960w, http:\/\/spp3.slawno.pl\/wp-content\/uploads\/2021\/06\/o-300x225.jpg 300w, http:\/\/spp3.slawno.pl\/wp-content\/uploads\/2021\/06\/o-768x576.jpg 768w, http:\/\/spp3.slawno.pl\/wp-content\/uploads\/2021\/06\/o-678x509.jpg 678w, http:\/\/spp3.slawno.pl\/wp-content\/uploads\/2021\/06\/o-326x245.jpg 326w, http:\/\/spp3.slawno.pl\/wp-content\/uploads\/2021\/06\/o-80x60.jpg 80w\" sizes=\"(max-width: 960px) 100vw, 960px\" \/> <img loading=\"lazy\" decoding=\"async\" class=\"alignnone size-full wp-image-7705\" src=\"http:\/\/spp3.slawno.pl\/wp-content\/uploads\/2021\/06\/p.jpg\" alt=\"Dzieci maluj\u0105 na folii rozwieszonej na p\u0142ocie\" width=\"960\" height=\"720\" srcset=\"http:\/\/spp3.slawno.pl\/wp-content\/uploads\/2021\/06\/p.jpg 960w, http:\/\/spp3.slawno.pl\/wp-content\/uploads\/2021\/06\/p-300x225.jpg 300w, http:\/\/spp3.slawno.pl\/wp-content\/uploads\/2021\/06\/p-768x576.jpg 768w, http:\/\/spp3.slawno.pl\/wp-content\/uploads\/2021\/06\/p-678x509.jpg 678w, http:\/\/spp3.slawno.pl\/wp-content\/uploads\/2021\/06\/p-326x245.jpg 326w, http:\/\/spp3.slawno.pl\/wp-content\/uploads\/2021\/06\/p-80x60.jpg 80w\" sizes=\"(max-width: 960px) 100vw, 960px\" \/> <img loading=\"lazy\" decoding=\"async\" class=\"alignnone size-full wp-image-7706\" src=\"http:\/\/spp3.slawno.pl\/wp-content\/uploads\/2021\/06\/r.jpg\" alt=\"Dzieci maluj\u0105 na folii rozwieszonej na p\u0142ocie\" width=\"960\" height=\"720\" srcset=\"http:\/\/spp3.slawno.pl\/wp-content\/uploads\/2021\/06\/r.jpg 960w, http:\/\/spp3.slawno.pl\/wp-content\/uploads\/2021\/06\/r-300x225.jpg 300w, http:\/\/spp3.slawno.pl\/wp-content\/uploads\/2021\/06\/r-768x576.jpg 768w, http:\/\/spp3.slawno.pl\/wp-content\/uploads\/2021\/06\/r-678x509.jpg 678w, http:\/\/spp3.slawno.pl\/wp-content\/uploads\/2021\/06\/r-326x245.jpg 326w, http:\/\/spp3.slawno.pl\/wp-content\/uploads\/2021\/06\/r-80x60.jpg 80w\" sizes=\"(max-width: 960px) 100vw, 960px\" \/> <img loading=\"lazy\" decoding=\"async\" class=\"alignnone size-full wp-image-7707\" src=\"http:\/\/spp3.slawno.pl\/wp-content\/uploads\/2021\/06\/s.jpg\" alt=\"Dzieci maluj\u0105 na folii rozwieszonej na p\u0142ocie\" width=\"720\" height=\"960\" srcset=\"http:\/\/spp3.slawno.pl\/wp-content\/uploads\/2021\/06\/s.jpg 720w, http:\/\/spp3.slawno.pl\/wp-content\/uploads\/2021\/06\/s-225x300.jpg 225w\" sizes=\"(max-width: 720px) 100vw, 720px\" \/> <img loading=\"lazy\" decoding=\"async\" class=\"alignnone size-full wp-image-7708\" src=\"http:\/\/spp3.slawno.pl\/wp-content\/uploads\/2021\/06\/t.jpg\" alt=\"Dzieci maluj\u0105 na folii rozwieszonej na p\u0142ocie\" width=\"960\" height=\"720\" srcset=\"http:\/\/spp3.slawno.pl\/wp-content\/uploads\/2021\/06\/t.jpg 960w, http:\/\/spp3.slawno.pl\/wp-content\/uploads\/2021\/06\/t-300x225.jpg 300w, http:\/\/spp3.slawno.pl\/wp-content\/uploads\/2021\/06\/t-768x576.jpg 768w, http:\/\/spp3.slawno.pl\/wp-content\/uploads\/2021\/06\/t-678x509.jpg 678w, http:\/\/spp3.slawno.pl\/wp-content\/uploads\/2021\/06\/t-326x245.jpg 326w, http:\/\/spp3.slawno.pl\/wp-content\/uploads\/2021\/06\/t-80x60.jpg 80w\" sizes=\"(max-width: 960px) 100vw, 960px\" \/>Niech smutek zniknie w g\u00f3rskim potoku,by rado\u015b\u0107 kwit\u0142a jak r\u00f3\u017ca co roku. By na Waszych twarzach promyczek s\u0142o\u0144ca nigdy nie znikn\u0105\u0142 i trwa\u0142 bez ko\u0144ca.Wszystkiego najlepszego z okazji Dnia Dziecka!<\/p>\n","protected":false},"excerpt":{"rendered":"<div class=\"mh-excerpt\"><p>Dzisiaj Szkola nale\u017ca\u0142a przede wszystkim do uczni\u00f3w&#8230; Niech smutek zniknie w g\u00f3rskim potoku,by rado\u015b\u0107 kwit\u0142a jak r\u00f3\u017ca co roku. By na Waszych twarzach promyczek s\u0142o\u0144ca <a class=\"mh-excerpt-more\" href=\"http:\/\/spp3.slawno.pl\/?p=7693\" title=\"Pi\u0119kny dzie\u0144 Dziecka\">[&#8230;]<\/a><\/p>\n<\/div>","protected":false},"author":2,"featured_media":7707,"comment_status":"closed","ping_status":"open","sticky":false,"template":"","format":"standard","meta":{"footnotes":""},"categories":[8],"tags":[],"class_list":["post-7693","post","type-post","status-publish","format-standard","has-post-thumbnail","hentry","category-wydarzenia"],"_links":{"self":[{"href":"http:\/\/spp3.slawno.pl\/index.php?rest_route=\/wp\/v2\/posts\/7693"}],"collection":[{"href":"http:\/\/spp3.slawno.pl\/index.php?rest_route=\/wp\/v2\/posts"}],"about":[{"href":"http:\/\/spp3.slawno.pl\/index.php?rest_route=\/wp\/v2\/types\/post"}],"author":[{"embeddable":true,"href":"http:\/\/spp3.slawno.pl\/index.php?rest_route=\/wp\/v2\/users\/2"}],"replies":[{"embeddable":true,"href":"http:\/\/spp3.slawno.pl\/index.php?rest_route=%2Fwp%2Fv2%2Fcomments&post=7693"}],"version-history":[{"count":1,"href":"http:\/\/spp3.slawno.pl\/index.php?rest_route=\/wp\/v2\/posts\/7693\/revisions"}],"predecessor-version":[{"id":7709,"href":"http:\/\/spp3.slawno.pl\/index.php?rest_route=\/wp\/v2\/posts\/7693\/revisions\/7709"}],"wp:featuredmedia":[{"embeddable":true,"href":"http:\/\/spp3.slawno.pl\/index.php?rest_route=\/wp\/v2\/media\/7707"}],"wp:attachment":[{"href":"http:\/\/spp3.slawno.pl\/index.php?rest_route=%2Fwp%2Fv2%2Fmedia&parent=7693"}],"wp:term":[{"taxonomy":"category","embeddable":true,"href":"http:\/\/spp3.slawno.pl\/index.php?rest_route=%2Fwp%2Fv2%2Fcategories&post=7693"},{"taxonomy":"post_tag","embeddable":true,"href":"http:\/\/spp3.slawno.pl\/index.php?rest_route=%2Fwp%2Fv2%2Ftags&post=7693"}],"curies":[{"name":"wp","href":"https:\/\/api.w.org\/{rel}","templated":true}]}}