{"id":7710,"date":"2021-06-01T18:43:38","date_gmt":"2021-06-01T16:43:38","guid":{"rendered":"http:\/\/spp3.slawno.pl\/?p=7710"},"modified":"2021-06-01T18:43:38","modified_gmt":"2021-06-01T16:43:38","slug":"dnia-dziecka-ciag-dalszy","status":"publish","type":"post","link":"http:\/\/spp3.slawno.pl\/?p=7710","title":{"rendered":"Dnia Dziecka ci\u0105g dalszy"},"content":{"rendered":"<p>Zabawom nie by\u0142o ko\u0144ca<\/p>\n<p><img loading=\"lazy\" decoding=\"async\" class=\"alignnone size-full wp-image-7724\" src=\"http:\/\/spp3.slawno.pl\/wp-content\/uploads\/2021\/06\/z.jpg\" alt=\"Uczniowie bawi\u0105 si\u0119 podczas Dnia Dziecka\" width=\"960\" height=\"540\" srcset=\"http:\/\/spp3.slawno.pl\/wp-content\/uploads\/2021\/06\/z.jpg 960w, http:\/\/spp3.slawno.pl\/wp-content\/uploads\/2021\/06\/z-300x169.jpg 300w, http:\/\/spp3.slawno.pl\/wp-content\/uploads\/2021\/06\/z-768x432.jpg 768w, http:\/\/spp3.slawno.pl\/wp-content\/uploads\/2021\/06\/z-678x381.jpg 678w\" sizes=\"(max-width: 960px) 100vw, 960px\" \/> <img loading=\"lazy\" decoding=\"async\" class=\"alignnone size-full wp-image-7723\" src=\"http:\/\/spp3.slawno.pl\/wp-content\/uploads\/2021\/06\/y.jpg\" alt=\"Uczniowie bawi\u0105 si\u0119 podczas Dnia Dziecka\" width=\"540\" height=\"960\" srcset=\"http:\/\/spp3.slawno.pl\/wp-content\/uploads\/2021\/06\/y.jpg 540w, http:\/\/spp3.slawno.pl\/wp-content\/uploads\/2021\/06\/y-169x300.jpg 169w\" sizes=\"(max-width: 540px) 100vw, 540px\" \/> <img loading=\"lazy\" decoding=\"async\" class=\"alignnone size-full wp-image-7722\" src=\"http:\/\/spp3.slawno.pl\/wp-content\/uploads\/2021\/06\/x.jpg\" alt=\"Uczniowie bawi\u0105 si\u0119 podczas Dnia Dziecka\" width=\"960\" height=\"540\" srcset=\"http:\/\/spp3.slawno.pl\/wp-content\/uploads\/2021\/06\/x.jpg 960w, http:\/\/spp3.slawno.pl\/wp-content\/uploads\/2021\/06\/x-300x169.jpg 300w, http:\/\/spp3.slawno.pl\/wp-content\/uploads\/2021\/06\/x-768x432.jpg 768w, http:\/\/spp3.slawno.pl\/wp-content\/uploads\/2021\/06\/x-678x381.jpg 678w\" sizes=\"(max-width: 960px) 100vw, 960px\" \/> <img loading=\"lazy\" decoding=\"async\" class=\"alignnone size-full wp-image-7721\" src=\"http:\/\/spp3.slawno.pl\/wp-content\/uploads\/2021\/06\/w.jpg\" alt=\"Uczniowie bawi\u0105 si\u0119 podczas Dnia Dziecka\" width=\"960\" height=\"540\" srcset=\"http:\/\/spp3.slawno.pl\/wp-content\/uploads\/2021\/06\/w.jpg 960w, http:\/\/spp3.slawno.pl\/wp-content\/uploads\/2021\/06\/w-300x169.jpg 300w, http:\/\/spp3.slawno.pl\/wp-content\/uploads\/2021\/06\/w-768x432.jpg 768w, http:\/\/spp3.slawno.pl\/wp-content\/uploads\/2021\/06\/w-678x381.jpg 678w\" sizes=\"(max-width: 960px) 100vw, 960px\" \/> <img loading=\"lazy\" decoding=\"async\" class=\"alignnone size-full wp-image-7720\" src=\"http:\/\/spp3.slawno.pl\/wp-content\/uploads\/2021\/06\/u.jpg\" alt=\"\" width=\"540\" height=\"960\" srcset=\"http:\/\/spp3.slawno.pl\/wp-content\/uploads\/2021\/06\/u.jpg 540w, http:\/\/spp3.slawno.pl\/wp-content\/uploads\/2021\/06\/u-169x300.jpg 169w\" sizes=\"(max-width: 540px) 100vw, 540px\" \/> <img loading=\"lazy\" decoding=\"async\" class=\"alignnone size-full wp-image-7719\" src=\"http:\/\/spp3.slawno.pl\/wp-content\/uploads\/2021\/06\/hh.jpg\" alt=\"Uczniowie bawi\u0105 si\u0119 podczas Dnia Dziecka\" width=\"960\" height=\"540\" srcset=\"http:\/\/spp3.slawno.pl\/wp-content\/uploads\/2021\/06\/hh.jpg 960w, http:\/\/spp3.slawno.pl\/wp-content\/uploads\/2021\/06\/hh-300x169.jpg 300w, http:\/\/spp3.slawno.pl\/wp-content\/uploads\/2021\/06\/hh-768x432.jpg 768w, http:\/\/spp3.slawno.pl\/wp-content\/uploads\/2021\/06\/hh-678x381.jpg 678w\" sizes=\"(max-width: 960px) 100vw, 960px\" \/> <img loading=\"lazy\" decoding=\"async\" class=\"alignnone size-full wp-image-7713\" src=\"http:\/\/spp3.slawno.pl\/wp-content\/uploads\/2021\/06\/bb.jpg\" alt=\"Uczniowie bawi\u0105 si\u0119 podczas Dnia Dziecka\" width=\"960\" height=\"720\" srcset=\"http:\/\/spp3.slawno.pl\/wp-content\/uploads\/2021\/06\/bb.jpg 960w, http:\/\/spp3.slawno.pl\/wp-content\/uploads\/2021\/06\/bb-300x225.jpg 300w, http:\/\/spp3.slawno.pl\/wp-content\/uploads\/2021\/06\/bb-768x576.jpg 768w, http:\/\/spp3.slawno.pl\/wp-content\/uploads\/2021\/06\/bb-678x509.jpg 678w, http:\/\/spp3.slawno.pl\/wp-content\/uploads\/2021\/06\/bb-326x245.jpg 326w, http:\/\/spp3.slawno.pl\/wp-content\/uploads\/2021\/06\/bb-80x60.jpg 80w\" sizes=\"(max-width: 960px) 100vw, 960px\" \/> <img loading=\"lazy\" decoding=\"async\" class=\"alignnone size-full wp-image-7714\" src=\"http:\/\/spp3.slawno.pl\/wp-content\/uploads\/2021\/06\/cc.jpg\" alt=\"Uczniowie bawi\u0105 si\u0119 podczas Dnia Dziecka\" width=\"960\" height=\"540\" srcset=\"http:\/\/spp3.slawno.pl\/wp-content\/uploads\/2021\/06\/cc.jpg 960w, http:\/\/spp3.slawno.pl\/wp-content\/uploads\/2021\/06\/cc-300x169.jpg 300w, http:\/\/spp3.slawno.pl\/wp-content\/uploads\/2021\/06\/cc-768x432.jpg 768w, http:\/\/spp3.slawno.pl\/wp-content\/uploads\/2021\/06\/cc-678x381.jpg 678w\" sizes=\"(max-width: 960px) 100vw, 960px\" \/> <img loading=\"lazy\" decoding=\"async\" class=\"alignnone size-full wp-image-7715\" src=\"http:\/\/spp3.slawno.pl\/wp-content\/uploads\/2021\/06\/dd.jpg\" alt=\"\" width=\"540\" height=\"960\" srcset=\"http:\/\/spp3.slawno.pl\/wp-content\/uploads\/2021\/06\/dd.jpg 540w, http:\/\/spp3.slawno.pl\/wp-content\/uploads\/2021\/06\/dd-169x300.jpg 169w\" sizes=\"(max-width: 540px) 100vw, 540px\" \/> <img loading=\"lazy\" decoding=\"async\" class=\"alignnone size-full wp-image-7716\" src=\"http:\/\/spp3.slawno.pl\/wp-content\/uploads\/2021\/06\/ee.jpg\" alt=\"Uczniowie bawi\u0105 si\u0119 podczas Dnia Dziecka\" width=\"960\" height=\"540\" srcset=\"http:\/\/spp3.slawno.pl\/wp-content\/uploads\/2021\/06\/ee.jpg 960w, http:\/\/spp3.slawno.pl\/wp-content\/uploads\/2021\/06\/ee-300x169.jpg 300w, http:\/\/spp3.slawno.pl\/wp-content\/uploads\/2021\/06\/ee-768x432.jpg 768w, http:\/\/spp3.slawno.pl\/wp-content\/uploads\/2021\/06\/ee-678x381.jpg 678w\" sizes=\"(max-width: 960px) 100vw, 960px\" \/> <img loading=\"lazy\" decoding=\"async\" class=\"alignnone size-full wp-image-7717\" src=\"http:\/\/spp3.slawno.pl\/wp-content\/uploads\/2021\/06\/ff.jpg\" alt=\"Uczniowie bawi\u0105 si\u0119 podczas Dnia Dziecka\" width=\"960\" height=\"540\" srcset=\"http:\/\/spp3.slawno.pl\/wp-content\/uploads\/2021\/06\/ff.jpg 960w, http:\/\/spp3.slawno.pl\/wp-content\/uploads\/2021\/06\/ff-300x169.jpg 300w, http:\/\/spp3.slawno.pl\/wp-content\/uploads\/2021\/06\/ff-768x432.jpg 768w, http:\/\/spp3.slawno.pl\/wp-content\/uploads\/2021\/06\/ff-678x381.jpg 678w\" sizes=\"(max-width: 960px) 100vw, 960px\" \/> <img loading=\"lazy\" decoding=\"async\" class=\"alignnone size-full wp-image-7718\" src=\"http:\/\/spp3.slawno.pl\/wp-content\/uploads\/2021\/06\/gg.jpg\" alt=\"Uczniowie bawi\u0105 si\u0119 podczas Dnia Dziecka\" width=\"960\" height=\"540\" srcset=\"http:\/\/spp3.slawno.pl\/wp-content\/uploads\/2021\/06\/gg.jpg 960w, http:\/\/spp3.slawno.pl\/wp-content\/uploads\/2021\/06\/gg-300x169.jpg 300w, http:\/\/spp3.slawno.pl\/wp-content\/uploads\/2021\/06\/gg-768x432.jpg 768w, http:\/\/spp3.slawno.pl\/wp-content\/uploads\/2021\/06\/gg-678x381.jpg 678w\" sizes=\"(max-width: 960px) 100vw, 960px\" \/> <img loading=\"lazy\" decoding=\"async\" class=\"alignnone size-full wp-image-7712\" src=\"http:\/\/spp3.slawno.pl\/wp-content\/uploads\/2021\/06\/aa.jpg\" alt=\"Uczniowie bawi\u0105 si\u0119 podczas Dnia Dziecka\" width=\"960\" height=\"540\" srcset=\"http:\/\/spp3.slawno.pl\/wp-content\/uploads\/2021\/06\/aa.jpg 960w, http:\/\/spp3.slawno.pl\/wp-content\/uploads\/2021\/06\/aa-300x169.jpg 300w, http:\/\/spp3.slawno.pl\/wp-content\/uploads\/2021\/06\/aa-768x432.jpg 768w, http:\/\/spp3.slawno.pl\/wp-content\/uploads\/2021\/06\/aa-678x381.jpg 678w\" sizes=\"(max-width: 960px) 100vw, 960px\" \/><\/p>\n","protected":false},"excerpt":{"rendered":"<div class=\"mh-excerpt\"><p>Zabawom nie by\u0142o ko\u0144ca<\/p>\n<\/div>","protected":false},"author":2,"featured_media":7721,"comment_status":"closed","ping_status":"open","sticky":false,"template":"","format":"standard","meta":{"footnotes":""},"categories":[1,8],"tags":[],"class_list":["post-7710","post","type-post","status-publish","format-standard","has-post-thumbnail","hentry","category-bez-kategorii","category-wydarzenia"],"_links":{"self":[{"href":"http:\/\/spp3.slawno.pl\/index.php?rest_route=\/wp\/v2\/posts\/7710"}],"collection":[{"href":"http:\/\/spp3.slawno.pl\/index.php?rest_route=\/wp\/v2\/posts"}],"about":[{"href":"http:\/\/spp3.slawno.pl\/index.php?rest_route=\/wp\/v2\/types\/post"}],"author":[{"embeddable":true,"href":"http:\/\/spp3.slawno.pl\/index.php?rest_route=\/wp\/v2\/users\/2"}],"replies":[{"embeddable":true,"href":"http:\/\/spp3.slawno.pl\/index.php?rest_route=%2Fwp%2Fv2%2Fcomments&post=7710"}],"version-history":[{"count":2,"href":"http:\/\/spp3.slawno.pl\/index.php?rest_route=\/wp\/v2\/posts\/7710\/revisions"}],"predecessor-version":[{"id":7725,"href":"http:\/\/spp3.slawno.pl\/index.php?rest_route=\/wp\/v2\/posts\/7710\/revisions\/7725"}],"wp:featuredmedia":[{"embeddable":true,"href":"http:\/\/spp3.slawno.pl\/index.php?rest_route=\/wp\/v2\/media\/7721"}],"wp:attachment":[{"href":"http:\/\/spp3.slawno.pl\/index.php?rest_route=%2Fwp%2Fv2%2Fmedia&parent=7710"}],"wp:term":[{"taxonomy":"category","embeddable":true,"href":"http:\/\/spp3.slawno.pl\/index.php?rest_route=%2Fwp%2Fv2%2Fcategories&post=7710"},{"taxonomy":"post_tag","embeddable":true,"href":"http:\/\/spp3.slawno.pl\/index.php?rest_route=%2Fwp%2Fv2%2Ftags&post=7710"}],"curies":[{"name":"wp","href":"https:\/\/api.w.org\/{rel}","templated":true}]}}