{"id":7726,"date":"2021-06-01T18:49:13","date_gmt":"2021-06-01T16:49:13","guid":{"rendered":"http:\/\/spp3.slawno.pl\/?p=7726"},"modified":"2021-06-01T18:49:13","modified_gmt":"2021-06-01T16:49:13","slug":"super-dzien-dziecka-w-7a","status":"publish","type":"post","link":"http:\/\/spp3.slawno.pl\/?p=7726","title":{"rendered":"Super Dzie\u0144 Dziecka w 7a"},"content":{"rendered":"<p>By\u0142o ognisko, wsp\u00f3lne le\u017cakowanie, pi\u0142ka no\u017cna i seans filmowy SDK.<\/p>\n<p><img loading=\"lazy\" decoding=\"async\" class=\"alignnone size-full wp-image-7727\" src=\"http:\/\/spp3.slawno.pl\/wp-content\/uploads\/2021\/06\/a1.jpg\" alt=\"Uczniowie \u015bwi\u0119tuj\u0105 Dzie\u0144 Dziecka\" width=\"960\" height=\"720\" srcset=\"http:\/\/spp3.slawno.pl\/wp-content\/uploads\/2021\/06\/a1.jpg 960w, http:\/\/spp3.slawno.pl\/wp-content\/uploads\/2021\/06\/a1-300x225.jpg 300w, http:\/\/spp3.slawno.pl\/wp-content\/uploads\/2021\/06\/a1-768x576.jpg 768w, http:\/\/spp3.slawno.pl\/wp-content\/uploads\/2021\/06\/a1-678x509.jpg 678w, http:\/\/spp3.slawno.pl\/wp-content\/uploads\/2021\/06\/a1-326x245.jpg 326w, http:\/\/spp3.slawno.pl\/wp-content\/uploads\/2021\/06\/a1-80x60.jpg 80w\" sizes=\"(max-width: 960px) 100vw, 960px\" \/> <img loading=\"lazy\" decoding=\"async\" class=\"alignnone size-full wp-image-7728\" src=\"http:\/\/spp3.slawno.pl\/wp-content\/uploads\/2021\/06\/a2.jpg\" alt=\"Uczniowie \u015bwi\u0119tuj\u0105 Dzie\u0144 Dziecka\" width=\"720\" height=\"960\" srcset=\"http:\/\/spp3.slawno.pl\/wp-content\/uploads\/2021\/06\/a2.jpg 720w, http:\/\/spp3.slawno.pl\/wp-content\/uploads\/2021\/06\/a2-225x300.jpg 225w\" sizes=\"(max-width: 720px) 100vw, 720px\" \/> <img loading=\"lazy\" decoding=\"async\" class=\"alignnone size-full wp-image-7729\" src=\"http:\/\/spp3.slawno.pl\/wp-content\/uploads\/2021\/06\/a3.jpg\" alt=\"Uczniowie \u015bwi\u0119tuj\u0105 Dzie\u0144 Dziecka\" width=\"960\" height=\"720\" srcset=\"http:\/\/spp3.slawno.pl\/wp-content\/uploads\/2021\/06\/a3.jpg 960w, http:\/\/spp3.slawno.pl\/wp-content\/uploads\/2021\/06\/a3-300x225.jpg 300w, http:\/\/spp3.slawno.pl\/wp-content\/uploads\/2021\/06\/a3-768x576.jpg 768w, http:\/\/spp3.slawno.pl\/wp-content\/uploads\/2021\/06\/a3-678x509.jpg 678w, http:\/\/spp3.slawno.pl\/wp-content\/uploads\/2021\/06\/a3-326x245.jpg 326w, http:\/\/spp3.slawno.pl\/wp-content\/uploads\/2021\/06\/a3-80x60.jpg 80w\" sizes=\"(max-width: 960px) 100vw, 960px\" \/> <img loading=\"lazy\" decoding=\"async\" class=\"alignnone size-full wp-image-7730\" src=\"http:\/\/spp3.slawno.pl\/wp-content\/uploads\/2021\/06\/a4.jpg\" alt=\"Uczniowie \u015bwi\u0119tuj\u0105 Dzie\u0144 Dziecka\" width=\"960\" height=\"720\" srcset=\"http:\/\/spp3.slawno.pl\/wp-content\/uploads\/2021\/06\/a4.jpg 960w, http:\/\/spp3.slawno.pl\/wp-content\/uploads\/2021\/06\/a4-300x225.jpg 300w, http:\/\/spp3.slawno.pl\/wp-content\/uploads\/2021\/06\/a4-768x576.jpg 768w, http:\/\/spp3.slawno.pl\/wp-content\/uploads\/2021\/06\/a4-678x509.jpg 678w, http:\/\/spp3.slawno.pl\/wp-content\/uploads\/2021\/06\/a4-326x245.jpg 326w, http:\/\/spp3.slawno.pl\/wp-content\/uploads\/2021\/06\/a4-80x60.jpg 80w\" sizes=\"(max-width: 960px) 100vw, 960px\" \/> <img loading=\"lazy\" decoding=\"async\" class=\"alignnone size-full wp-image-7731\" src=\"http:\/\/spp3.slawno.pl\/wp-content\/uploads\/2021\/06\/a5.jpg\" alt=\"Uczniowie \u015bwi\u0119tuj\u0105 Dzie\u0144 Dziecka\" width=\"960\" height=\"720\" srcset=\"http:\/\/spp3.slawno.pl\/wp-content\/uploads\/2021\/06\/a5.jpg 960w, http:\/\/spp3.slawno.pl\/wp-content\/uploads\/2021\/06\/a5-300x225.jpg 300w, http:\/\/spp3.slawno.pl\/wp-content\/uploads\/2021\/06\/a5-768x576.jpg 768w, http:\/\/spp3.slawno.pl\/wp-content\/uploads\/2021\/06\/a5-678x509.jpg 678w, http:\/\/spp3.slawno.pl\/wp-content\/uploads\/2021\/06\/a5-326x245.jpg 326w, http:\/\/spp3.slawno.pl\/wp-content\/uploads\/2021\/06\/a5-80x60.jpg 80w\" sizes=\"(max-width: 960px) 100vw, 960px\" \/> <img loading=\"lazy\" decoding=\"async\" class=\"alignnone size-full wp-image-7732\" src=\"http:\/\/spp3.slawno.pl\/wp-content\/uploads\/2021\/06\/a6.jpg\" alt=\"Uczniowie \u015bwi\u0119tuj\u0105 Dzie\u0144 Dziecka\" width=\"718\" height=\"960\" srcset=\"http:\/\/spp3.slawno.pl\/wp-content\/uploads\/2021\/06\/a6.jpg 718w, http:\/\/spp3.slawno.pl\/wp-content\/uploads\/2021\/06\/a6-224x300.jpg 224w\" sizes=\"(max-width: 718px) 100vw, 718px\" \/> <img loading=\"lazy\" decoding=\"async\" class=\"alignnone size-full wp-image-7733\" src=\"http:\/\/spp3.slawno.pl\/wp-content\/uploads\/2021\/06\/a7.jpg\" alt=\"Uczniowie \u015bwi\u0119tuj\u0105 Dzie\u0144 Dziecka\" width=\"960\" height=\"720\" srcset=\"http:\/\/spp3.slawno.pl\/wp-content\/uploads\/2021\/06\/a7.jpg 960w, http:\/\/spp3.slawno.pl\/wp-content\/uploads\/2021\/06\/a7-300x225.jpg 300w, http:\/\/spp3.slawno.pl\/wp-content\/uploads\/2021\/06\/a7-768x576.jpg 768w, http:\/\/spp3.slawno.pl\/wp-content\/uploads\/2021\/06\/a7-678x509.jpg 678w, http:\/\/spp3.slawno.pl\/wp-content\/uploads\/2021\/06\/a7-326x245.jpg 326w, http:\/\/spp3.slawno.pl\/wp-content\/uploads\/2021\/06\/a7-80x60.jpg 80w\" sizes=\"(max-width: 960px) 100vw, 960px\" \/> <img loading=\"lazy\" decoding=\"async\" class=\"alignnone size-full wp-image-7734\" src=\"http:\/\/spp3.slawno.pl\/wp-content\/uploads\/2021\/06\/a8.jpg\" alt=\"Uczniowie \u015bwi\u0119tuj\u0105 Dzie\u0144 Dziecka\" width=\"960\" height=\"720\" srcset=\"http:\/\/spp3.slawno.pl\/wp-content\/uploads\/2021\/06\/a8.jpg 960w, http:\/\/spp3.slawno.pl\/wp-content\/uploads\/2021\/06\/a8-300x225.jpg 300w, http:\/\/spp3.slawno.pl\/wp-content\/uploads\/2021\/06\/a8-768x576.jpg 768w, http:\/\/spp3.slawno.pl\/wp-content\/uploads\/2021\/06\/a8-678x509.jpg 678w, http:\/\/spp3.slawno.pl\/wp-content\/uploads\/2021\/06\/a8-326x245.jpg 326w, http:\/\/spp3.slawno.pl\/wp-content\/uploads\/2021\/06\/a8-80x60.jpg 80w\" sizes=\"(max-width: 960px) 100vw, 960px\" \/> <img loading=\"lazy\" decoding=\"async\" class=\"alignnone size-full wp-image-7735\" src=\"http:\/\/spp3.slawno.pl\/wp-content\/uploads\/2021\/06\/a9.jpg\" alt=\"Uczniowie \u015bwi\u0119tuj\u0105 Dzie\u0144 Dziecka\" width=\"960\" height=\"720\" srcset=\"http:\/\/spp3.slawno.pl\/wp-content\/uploads\/2021\/06\/a9.jpg 960w, http:\/\/spp3.slawno.pl\/wp-content\/uploads\/2021\/06\/a9-300x225.jpg 300w, http:\/\/spp3.slawno.pl\/wp-content\/uploads\/2021\/06\/a9-768x576.jpg 768w, http:\/\/spp3.slawno.pl\/wp-content\/uploads\/2021\/06\/a9-678x509.jpg 678w, http:\/\/spp3.slawno.pl\/wp-content\/uploads\/2021\/06\/a9-326x245.jpg 326w, http:\/\/spp3.slawno.pl\/wp-content\/uploads\/2021\/06\/a9-80x60.jpg 80w\" sizes=\"(max-width: 960px) 100vw, 960px\" \/> <img loading=\"lazy\" decoding=\"async\" class=\"alignnone size-full wp-image-7736\" src=\"http:\/\/spp3.slawno.pl\/wp-content\/uploads\/2021\/06\/a10.jpg\" alt=\"Uczniowie \u015bwi\u0119tuj\u0105 Dzie\u0144 Dziecka\" width=\"960\" height=\"720\" srcset=\"http:\/\/spp3.slawno.pl\/wp-content\/uploads\/2021\/06\/a10.jpg 960w, http:\/\/spp3.slawno.pl\/wp-content\/uploads\/2021\/06\/a10-300x225.jpg 300w, http:\/\/spp3.slawno.pl\/wp-content\/uploads\/2021\/06\/a10-768x576.jpg 768w, http:\/\/spp3.slawno.pl\/wp-content\/uploads\/2021\/06\/a10-678x509.jpg 678w, http:\/\/spp3.slawno.pl\/wp-content\/uploads\/2021\/06\/a10-326x245.jpg 326w, http:\/\/spp3.slawno.pl\/wp-content\/uploads\/2021\/06\/a10-80x60.jpg 80w\" sizes=\"(max-width: 960px) 100vw, 960px\" \/> <img loading=\"lazy\" decoding=\"async\" class=\"alignnone size-full wp-image-7737\" src=\"http:\/\/spp3.slawno.pl\/wp-content\/uploads\/2021\/06\/a11.jpg\" alt=\"Uczniowie \u015bwi\u0119tuj\u0105 Dzie\u0144 Dziecka\" width=\"720\" height=\"960\" srcset=\"http:\/\/spp3.slawno.pl\/wp-content\/uploads\/2021\/06\/a11.jpg 720w, http:\/\/spp3.slawno.pl\/wp-content\/uploads\/2021\/06\/a11-225x300.jpg 225w\" sizes=\"(max-width: 720px) 100vw, 720px\" \/> <img loading=\"lazy\" decoding=\"async\" class=\"alignnone size-full wp-image-7738\" src=\"http:\/\/spp3.slawno.pl\/wp-content\/uploads\/2021\/06\/a12.jpg\" alt=\"Uczniowie \u015bwi\u0119tuj\u0105 Dzie\u0144 Dziecka\" width=\"720\" height=\"960\" srcset=\"http:\/\/spp3.slawno.pl\/wp-content\/uploads\/2021\/06\/a12.jpg 720w, http:\/\/spp3.slawno.pl\/wp-content\/uploads\/2021\/06\/a12-225x300.jpg 225w\" sizes=\"(max-width: 720px) 100vw, 720px\" \/> <img loading=\"lazy\" decoding=\"async\" class=\"alignnone size-full wp-image-7739\" src=\"http:\/\/spp3.slawno.pl\/wp-content\/uploads\/2021\/06\/a13.jpg\" alt=\"Uczniowie \u015bwi\u0119tuj\u0105 Dzie\u0144 Dziecka\" width=\"960\" height=\"720\" srcset=\"http:\/\/spp3.slawno.pl\/wp-content\/uploads\/2021\/06\/a13.jpg 960w, http:\/\/spp3.slawno.pl\/wp-content\/uploads\/2021\/06\/a13-300x225.jpg 300w, http:\/\/spp3.slawno.pl\/wp-content\/uploads\/2021\/06\/a13-768x576.jpg 768w, http:\/\/spp3.slawno.pl\/wp-content\/uploads\/2021\/06\/a13-678x509.jpg 678w, http:\/\/spp3.slawno.pl\/wp-content\/uploads\/2021\/06\/a13-326x245.jpg 326w, http:\/\/spp3.slawno.pl\/wp-content\/uploads\/2021\/06\/a13-80x60.jpg 80w\" sizes=\"(max-width: 960px) 100vw, 960px\" \/> <img loading=\"lazy\" decoding=\"async\" class=\"alignnone size-full wp-image-7740\" src=\"http:\/\/spp3.slawno.pl\/wp-content\/uploads\/2021\/06\/a14.jpg\" alt=\"Uczniowie \u015bwi\u0119tuj\u0105 Dzie\u0144 Dziecka\" width=\"720\" height=\"960\" srcset=\"http:\/\/spp3.slawno.pl\/wp-content\/uploads\/2021\/06\/a14.jpg 720w, http:\/\/spp3.slawno.pl\/wp-content\/uploads\/2021\/06\/a14-225x300.jpg 225w\" sizes=\"(max-width: 720px) 100vw, 720px\" \/><\/p>\n","protected":false},"excerpt":{"rendered":"<div class=\"mh-excerpt\"><p>By\u0142o ognisko, wsp\u00f3lne le\u017cakowanie, pi\u0142ka no\u017cna i seans filmowy SDK.<\/p>\n<\/div>","protected":false},"author":2,"featured_media":7728,"comment_status":"closed","ping_status":"open","sticky":false,"template":"","format":"standard","meta":{"footnotes":""},"categories":[8],"tags":[],"class_list":["post-7726","post","type-post","status-publish","format-standard","has-post-thumbnail","hentry","category-wydarzenia"],"_links":{"self":[{"href":"http:\/\/spp3.slawno.pl\/index.php?rest_route=\/wp\/v2\/posts\/7726"}],"collection":[{"href":"http:\/\/spp3.slawno.pl\/index.php?rest_route=\/wp\/v2\/posts"}],"about":[{"href":"http:\/\/spp3.slawno.pl\/index.php?rest_route=\/wp\/v2\/types\/post"}],"author":[{"embeddable":true,"href":"http:\/\/spp3.slawno.pl\/index.php?rest_route=\/wp\/v2\/users\/2"}],"replies":[{"embeddable":true,"href":"http:\/\/spp3.slawno.pl\/index.php?rest_route=%2Fwp%2Fv2%2Fcomments&post=7726"}],"version-history":[{"count":1,"href":"http:\/\/spp3.slawno.pl\/index.php?rest_route=\/wp\/v2\/posts\/7726\/revisions"}],"predecessor-version":[{"id":7741,"href":"http:\/\/spp3.slawno.pl\/index.php?rest_route=\/wp\/v2\/posts\/7726\/revisions\/7741"}],"wp:featuredmedia":[{"embeddable":true,"href":"http:\/\/spp3.slawno.pl\/index.php?rest_route=\/wp\/v2\/media\/7728"}],"wp:attachment":[{"href":"http:\/\/spp3.slawno.pl\/index.php?rest_route=%2Fwp%2Fv2%2Fmedia&parent=7726"}],"wp:term":[{"taxonomy":"category","embeddable":true,"href":"http:\/\/spp3.slawno.pl\/index.php?rest_route=%2Fwp%2Fv2%2Fcategories&post=7726"},{"taxonomy":"post_tag","embeddable":true,"href":"http:\/\/spp3.slawno.pl\/index.php?rest_route=%2Fwp%2Fv2%2Ftags&post=7726"}],"curies":[{"name":"wp","href":"https:\/\/api.w.org\/{rel}","templated":true}]}}