{"id":7742,"date":"2021-06-01T18:53:00","date_gmt":"2021-06-01T16:53:00","guid":{"rendered":"http:\/\/spp3.slawno.pl\/?p=7742"},"modified":"2021-06-06T23:26:48","modified_gmt":"2021-06-06T21:26:48","slug":"swieto-dziecka-w-iv-b","status":"publish","type":"post","link":"http:\/\/spp3.slawno.pl\/?p=7742","title":{"rendered":"\u015awi\u0119to Dziecka w IV B"},"content":{"rendered":"<p>By\u0142o le\u017cakowanie na hali.\u00a0Lody Ekipy.\u00a0\u00a0Zabawa na Saharze i pizza. To wszystko dzieci lubi\u0105 najbardziej.<\/p>\n<p><img loading=\"lazy\" decoding=\"async\" class=\"alignnone size-full wp-image-7743\" src=\"http:\/\/spp3.slawno.pl\/wp-content\/uploads\/2021\/06\/b1.jpg\" alt=\"Uczniowie \u015bwi\u0119tuj\u0105 Dzie\u0144 Dziecka\" width=\"720\" height=\"960\" srcset=\"http:\/\/spp3.slawno.pl\/wp-content\/uploads\/2021\/06\/b1.jpg 720w, http:\/\/spp3.slawno.pl\/wp-content\/uploads\/2021\/06\/b1-225x300.jpg 225w\" sizes=\"(max-width: 720px) 100vw, 720px\" \/> <img loading=\"lazy\" decoding=\"async\" class=\"alignnone size-full wp-image-7744\" src=\"http:\/\/spp3.slawno.pl\/wp-content\/uploads\/2021\/06\/b2.jpg\" alt=\"Uczniowie \u015bwi\u0119tuj\u0105 Dzie\u0144 Dziecka\" width=\"960\" height=\"720\" srcset=\"http:\/\/spp3.slawno.pl\/wp-content\/uploads\/2021\/06\/b2.jpg 960w, http:\/\/spp3.slawno.pl\/wp-content\/uploads\/2021\/06\/b2-300x225.jpg 300w, http:\/\/spp3.slawno.pl\/wp-content\/uploads\/2021\/06\/b2-768x576.jpg 768w, http:\/\/spp3.slawno.pl\/wp-content\/uploads\/2021\/06\/b2-678x509.jpg 678w, http:\/\/spp3.slawno.pl\/wp-content\/uploads\/2021\/06\/b2-326x245.jpg 326w, http:\/\/spp3.slawno.pl\/wp-content\/uploads\/2021\/06\/b2-80x60.jpg 80w\" sizes=\"(max-width: 960px) 100vw, 960px\" \/> <img loading=\"lazy\" decoding=\"async\" class=\"alignnone size-full wp-image-7745\" src=\"http:\/\/spp3.slawno.pl\/wp-content\/uploads\/2021\/06\/b3.jpg\" alt=\"Uczniowie \u015bwi\u0119tuj\u0105 Dzie\u0144 Dziecka\" width=\"960\" height=\"720\" srcset=\"http:\/\/spp3.slawno.pl\/wp-content\/uploads\/2021\/06\/b3.jpg 960w, http:\/\/spp3.slawno.pl\/wp-content\/uploads\/2021\/06\/b3-300x225.jpg 300w, http:\/\/spp3.slawno.pl\/wp-content\/uploads\/2021\/06\/b3-768x576.jpg 768w, http:\/\/spp3.slawno.pl\/wp-content\/uploads\/2021\/06\/b3-678x509.jpg 678w, http:\/\/spp3.slawno.pl\/wp-content\/uploads\/2021\/06\/b3-326x245.jpg 326w, http:\/\/spp3.slawno.pl\/wp-content\/uploads\/2021\/06\/b3-80x60.jpg 80w\" sizes=\"(max-width: 960px) 100vw, 960px\" \/> <img loading=\"lazy\" decoding=\"async\" class=\"alignnone size-full wp-image-7746\" src=\"http:\/\/spp3.slawno.pl\/wp-content\/uploads\/2021\/06\/b4.jpg\" alt=\"Uczniowie \u015bwi\u0119tuj\u0105 Dzie\u0144 Dziecka\" width=\"960\" height=\"720\" srcset=\"http:\/\/spp3.slawno.pl\/wp-content\/uploads\/2021\/06\/b4.jpg 960w, http:\/\/spp3.slawno.pl\/wp-content\/uploads\/2021\/06\/b4-300x225.jpg 300w, http:\/\/spp3.slawno.pl\/wp-content\/uploads\/2021\/06\/b4-768x576.jpg 768w, http:\/\/spp3.slawno.pl\/wp-content\/uploads\/2021\/06\/b4-678x509.jpg 678w, http:\/\/spp3.slawno.pl\/wp-content\/uploads\/2021\/06\/b4-326x245.jpg 326w, http:\/\/spp3.slawno.pl\/wp-content\/uploads\/2021\/06\/b4-80x60.jpg 80w\" sizes=\"(max-width: 960px) 100vw, 960px\" \/> <img loading=\"lazy\" decoding=\"async\" class=\"alignnone size-full wp-image-7747\" src=\"http:\/\/spp3.slawno.pl\/wp-content\/uploads\/2021\/06\/b5.jpg\" alt=\"Uczniowie \u015bwi\u0119tuj\u0105 Dzie\u0144 Dziecka\" width=\"720\" height=\"960\" srcset=\"http:\/\/spp3.slawno.pl\/wp-content\/uploads\/2021\/06\/b5.jpg 720w, http:\/\/spp3.slawno.pl\/wp-content\/uploads\/2021\/06\/b5-225x300.jpg 225w\" sizes=\"(max-width: 720px) 100vw, 720px\" \/><\/p>\n","protected":false},"excerpt":{"rendered":"<div class=\"mh-excerpt\"><p>By\u0142o le\u017cakowanie na hali.\u00a0Lody Ekipy.\u00a0\u00a0Zabawa na Saharze i pizza. To wszystko dzieci lubi\u0105 najbardziej.<\/p>\n<\/div>","protected":false},"author":2,"featured_media":7744,"comment_status":"closed","ping_status":"open","sticky":false,"template":"","format":"standard","meta":{"footnotes":""},"categories":[8],"tags":[],"class_list":["post-7742","post","type-post","status-publish","format-standard","has-post-thumbnail","hentry","category-wydarzenia"],"_links":{"self":[{"href":"http:\/\/spp3.slawno.pl\/index.php?rest_route=\/wp\/v2\/posts\/7742"}],"collection":[{"href":"http:\/\/spp3.slawno.pl\/index.php?rest_route=\/wp\/v2\/posts"}],"about":[{"href":"http:\/\/spp3.slawno.pl\/index.php?rest_route=\/wp\/v2\/types\/post"}],"author":[{"embeddable":true,"href":"http:\/\/spp3.slawno.pl\/index.php?rest_route=\/wp\/v2\/users\/2"}],"replies":[{"embeddable":true,"href":"http:\/\/spp3.slawno.pl\/index.php?rest_route=%2Fwp%2Fv2%2Fcomments&post=7742"}],"version-history":[{"count":2,"href":"http:\/\/spp3.slawno.pl\/index.php?rest_route=\/wp\/v2\/posts\/7742\/revisions"}],"predecessor-version":[{"id":7817,"href":"http:\/\/spp3.slawno.pl\/index.php?rest_route=\/wp\/v2\/posts\/7742\/revisions\/7817"}],"wp:featuredmedia":[{"embeddable":true,"href":"http:\/\/spp3.slawno.pl\/index.php?rest_route=\/wp\/v2\/media\/7744"}],"wp:attachment":[{"href":"http:\/\/spp3.slawno.pl\/index.php?rest_route=%2Fwp%2Fv2%2Fmedia&parent=7742"}],"wp:term":[{"taxonomy":"category","embeddable":true,"href":"http:\/\/spp3.slawno.pl\/index.php?rest_route=%2Fwp%2Fv2%2Fcategories&post=7742"},{"taxonomy":"post_tag","embeddable":true,"href":"http:\/\/spp3.slawno.pl\/index.php?rest_route=%2Fwp%2Fv2%2Ftags&post=7742"}],"curies":[{"name":"wp","href":"https:\/\/api.w.org\/{rel}","templated":true}]}}