{"id":7758,"date":"2021-06-01T19:23:39","date_gmt":"2021-06-01T17:23:39","guid":{"rendered":"http:\/\/spp3.slawno.pl\/?p=7758"},"modified":"2021-06-02T21:38:56","modified_gmt":"2021-06-02T19:38:56","slug":"dzien-dziecka-w-kl-vi-a","status":"publish","type":"post","link":"http:\/\/spp3.slawno.pl\/?p=7758","title":{"rendered":"Dzie\u0144 Dziecka w kl.VI a"},"content":{"rendered":"<p>Zabawy, konkursy, s\u0142odkie niespodzianki z wr\u00f3\u017cb\u0105 oraz ciekawe spotkanie z ksi\u0105\u017ck\u0105 to tylko niekt\u00f3re z atrakcji w jakich uczestniczyli uczniowie kl.VI a z okazji Dnia Dziecka.<\/p>\n<p><img loading=\"lazy\" decoding=\"async\" class=\"alignnone size-full wp-image-7759\" src=\"http:\/\/spp3.slawno.pl\/wp-content\/uploads\/2021\/06\/ii.jpg\" alt=\"Uczniowie obchodz\u0105 Dzie\u0144 Dziecka\" width=\"960\" height=\"640\" srcset=\"http:\/\/spp3.slawno.pl\/wp-content\/uploads\/2021\/06\/ii.jpg 960w, http:\/\/spp3.slawno.pl\/wp-content\/uploads\/2021\/06\/ii-300x200.jpg 300w, http:\/\/spp3.slawno.pl\/wp-content\/uploads\/2021\/06\/ii-768x512.jpg 768w\" sizes=\"(max-width: 960px) 100vw, 960px\" \/> <img loading=\"lazy\" decoding=\"async\" class=\"alignnone size-full wp-image-7760\" src=\"http:\/\/spp3.slawno.pl\/wp-content\/uploads\/2021\/06\/jj.jpg\" alt=\"Uczniowie obchodz\u0105 Dzie\u0144 Dziecka\" width=\"960\" height=\"640\" srcset=\"http:\/\/spp3.slawno.pl\/wp-content\/uploads\/2021\/06\/jj.jpg 960w, http:\/\/spp3.slawno.pl\/wp-content\/uploads\/2021\/06\/jj-300x200.jpg 300w, http:\/\/spp3.slawno.pl\/wp-content\/uploads\/2021\/06\/jj-768x512.jpg 768w\" sizes=\"(max-width: 960px) 100vw, 960px\" \/> <img loading=\"lazy\" decoding=\"async\" class=\"alignnone size-full wp-image-7761\" src=\"http:\/\/spp3.slawno.pl\/wp-content\/uploads\/2021\/06\/kk.jpg\" alt=\"Uczniowie obchodz\u0105 Dzie\u0144 Dziecka\" width=\"960\" height=\"640\" srcset=\"http:\/\/spp3.slawno.pl\/wp-content\/uploads\/2021\/06\/kk.jpg 960w, http:\/\/spp3.slawno.pl\/wp-content\/uploads\/2021\/06\/kk-300x200.jpg 300w, http:\/\/spp3.slawno.pl\/wp-content\/uploads\/2021\/06\/kk-768x512.jpg 768w\" sizes=\"(max-width: 960px) 100vw, 960px\" \/> <img loading=\"lazy\" decoding=\"async\" class=\"alignnone size-full wp-image-7762\" src=\"http:\/\/spp3.slawno.pl\/wp-content\/uploads\/2021\/06\/ll.jpg\" alt=\"Uczniowie obchodz\u0105 Dzie\u0144 Dziecka\" width=\"960\" height=\"640\" srcset=\"http:\/\/spp3.slawno.pl\/wp-content\/uploads\/2021\/06\/ll.jpg 960w, http:\/\/spp3.slawno.pl\/wp-content\/uploads\/2021\/06\/ll-300x200.jpg 300w, http:\/\/spp3.slawno.pl\/wp-content\/uploads\/2021\/06\/ll-768x512.jpg 768w\" sizes=\"(max-width: 960px) 100vw, 960px\" \/> <img loading=\"lazy\" decoding=\"async\" class=\"alignnone size-full wp-image-7763\" src=\"http:\/\/spp3.slawno.pl\/wp-content\/uploads\/2021\/06\/\u0142\u0142.jpg\" alt=\"Uczniowie obchodz\u0105 Dzie\u0144 Dziecka\" width=\"960\" height=\"640\" srcset=\"http:\/\/spp3.slawno.pl\/wp-content\/uploads\/2021\/06\/\u0142\u0142.jpg 960w, http:\/\/spp3.slawno.pl\/wp-content\/uploads\/2021\/06\/\u0142\u0142-300x200.jpg 300w, http:\/\/spp3.slawno.pl\/wp-content\/uploads\/2021\/06\/\u0142\u0142-768x512.jpg 768w\" sizes=\"(max-width: 960px) 100vw, 960px\" \/> <img loading=\"lazy\" decoding=\"async\" class=\"alignnone size-full wp-image-7764\" src=\"http:\/\/spp3.slawno.pl\/wp-content\/uploads\/2021\/06\/mm.jpg\" alt=\"Uczniowie obchodz\u0105 Dzie\u0144 Dziecka\" width=\"960\" height=\"640\" srcset=\"http:\/\/spp3.slawno.pl\/wp-content\/uploads\/2021\/06\/mm.jpg 960w, http:\/\/spp3.slawno.pl\/wp-content\/uploads\/2021\/06\/mm-300x200.jpg 300w, http:\/\/spp3.slawno.pl\/wp-content\/uploads\/2021\/06\/mm-768x512.jpg 768w\" sizes=\"(max-width: 960px) 100vw, 960px\" \/><\/p>\n","protected":false},"excerpt":{"rendered":"<div class=\"mh-excerpt\"><p>Zabawy, konkursy, s\u0142odkie niespodzianki z wr\u00f3\u017cb\u0105 oraz ciekawe spotkanie z ksi\u0105\u017ck\u0105 to tylko niekt\u00f3re z atrakcji w jakich uczestniczyli uczniowie kl.VI a z okazji Dnia <a class=\"mh-excerpt-more\" href=\"http:\/\/spp3.slawno.pl\/?p=7758\" title=\"Dzie\u0144 Dziecka w kl.VI a\">[&#8230;]<\/a><\/p>\n<\/div>","protected":false},"author":2,"featured_media":7761,"comment_status":"closed","ping_status":"open","sticky":false,"template":"","format":"standard","meta":{"footnotes":""},"categories":[8],"tags":[],"class_list":["post-7758","post","type-post","status-publish","format-standard","has-post-thumbnail","hentry","category-wydarzenia"],"_links":{"self":[{"href":"http:\/\/spp3.slawno.pl\/index.php?rest_route=\/wp\/v2\/posts\/7758"}],"collection":[{"href":"http:\/\/spp3.slawno.pl\/index.php?rest_route=\/wp\/v2\/posts"}],"about":[{"href":"http:\/\/spp3.slawno.pl\/index.php?rest_route=\/wp\/v2\/types\/post"}],"author":[{"embeddable":true,"href":"http:\/\/spp3.slawno.pl\/index.php?rest_route=\/wp\/v2\/users\/2"}],"replies":[{"embeddable":true,"href":"http:\/\/spp3.slawno.pl\/index.php?rest_route=%2Fwp%2Fv2%2Fcomments&post=7758"}],"version-history":[{"count":1,"href":"http:\/\/spp3.slawno.pl\/index.php?rest_route=\/wp\/v2\/posts\/7758\/revisions"}],"predecessor-version":[{"id":7765,"href":"http:\/\/spp3.slawno.pl\/index.php?rest_route=\/wp\/v2\/posts\/7758\/revisions\/7765"}],"wp:featuredmedia":[{"embeddable":true,"href":"http:\/\/spp3.slawno.pl\/index.php?rest_route=\/wp\/v2\/media\/7761"}],"wp:attachment":[{"href":"http:\/\/spp3.slawno.pl\/index.php?rest_route=%2Fwp%2Fv2%2Fmedia&parent=7758"}],"wp:term":[{"taxonomy":"category","embeddable":true,"href":"http:\/\/spp3.slawno.pl\/index.php?rest_route=%2Fwp%2Fv2%2Fcategories&post=7758"},{"taxonomy":"post_tag","embeddable":true,"href":"http:\/\/spp3.slawno.pl\/index.php?rest_route=%2Fwp%2Fv2%2Ftags&post=7758"}],"curies":[{"name":"wp","href":"https:\/\/api.w.org\/{rel}","templated":true}]}}