{"id":7766,"date":"2021-06-03T12:15:27","date_gmt":"2021-06-03T10:15:27","guid":{"rendered":"http:\/\/spp3.slawno.pl\/?p=7766"},"modified":"2021-06-03T12:35:51","modified_gmt":"2021-06-03T10:35:51","slug":"rajd-rowerowy-z-okazji-dnia-dziecka","status":"publish","type":"post","link":"http:\/\/spp3.slawno.pl\/?p=7766","title":{"rendered":"Rajd rowerowy z okazji Dnia Dziecka"},"content":{"rendered":"<p>Rajd rowerowy do zielonej szko\u0142y z okazji Dnia Dziecka , integracja dzieci i rodzic\u00f3w po d\u0142ugiej przerwie. Dzi\u0119kujemy Pani Anice i Panu Krzysztofowi za obecno\u015b\u0107 .<\/p>\n<p>Wi\u0119cej zdj\u0119c na <a href=\"https:\/\/www.facebook.com\/photo\/?fbid=262643278982021&amp;set=pcb.262643572315325\">Fb SP3<\/a><\/p>\n<p><img loading=\"lazy\" decoding=\"async\" class=\"alignnone size-full wp-image-7767\" src=\"http:\/\/spp3.slawno.pl\/wp-content\/uploads\/2021\/06\/a21.jpg\" alt=\"Uczniowie podczas rajdu rowerowego\" width=\"960\" height=\"720\" srcset=\"http:\/\/spp3.slawno.pl\/wp-content\/uploads\/2021\/06\/a21.jpg 960w, http:\/\/spp3.slawno.pl\/wp-content\/uploads\/2021\/06\/a21-300x225.jpg 300w, http:\/\/spp3.slawno.pl\/wp-content\/uploads\/2021\/06\/a21-768x576.jpg 768w, http:\/\/spp3.slawno.pl\/wp-content\/uploads\/2021\/06\/a21-678x509.jpg 678w, http:\/\/spp3.slawno.pl\/wp-content\/uploads\/2021\/06\/a21-326x245.jpg 326w, http:\/\/spp3.slawno.pl\/wp-content\/uploads\/2021\/06\/a21-80x60.jpg 80w\" sizes=\"(max-width: 960px) 100vw, 960px\" \/> <img loading=\"lazy\" decoding=\"async\" class=\"alignnone size-full wp-image-7768\" src=\"http:\/\/spp3.slawno.pl\/wp-content\/uploads\/2021\/06\/a22.jpg\" alt=\"Uczniowie podczas rajdu rowerowego\" width=\"960\" height=\"720\" srcset=\"http:\/\/spp3.slawno.pl\/wp-content\/uploads\/2021\/06\/a22.jpg 960w, http:\/\/spp3.slawno.pl\/wp-content\/uploads\/2021\/06\/a22-300x225.jpg 300w, http:\/\/spp3.slawno.pl\/wp-content\/uploads\/2021\/06\/a22-768x576.jpg 768w, http:\/\/spp3.slawno.pl\/wp-content\/uploads\/2021\/06\/a22-678x509.jpg 678w, http:\/\/spp3.slawno.pl\/wp-content\/uploads\/2021\/06\/a22-326x245.jpg 326w, http:\/\/spp3.slawno.pl\/wp-content\/uploads\/2021\/06\/a22-80x60.jpg 80w\" sizes=\"(max-width: 960px) 100vw, 960px\" \/> <img loading=\"lazy\" decoding=\"async\" class=\"alignnone size-full wp-image-7769\" src=\"http:\/\/spp3.slawno.pl\/wp-content\/uploads\/2021\/06\/a23.jpg\" alt=\"Uczniowie podczas rajdu rowerowego\" width=\"960\" height=\"540\" srcset=\"http:\/\/spp3.slawno.pl\/wp-content\/uploads\/2021\/06\/a23.jpg 960w, http:\/\/spp3.slawno.pl\/wp-content\/uploads\/2021\/06\/a23-300x169.jpg 300w, http:\/\/spp3.slawno.pl\/wp-content\/uploads\/2021\/06\/a23-768x432.jpg 768w, http:\/\/spp3.slawno.pl\/wp-content\/uploads\/2021\/06\/a23-678x381.jpg 678w\" sizes=\"(max-width: 960px) 100vw, 960px\" \/> <img loading=\"lazy\" decoding=\"async\" class=\"alignnone size-full wp-image-7770\" src=\"http:\/\/spp3.slawno.pl\/wp-content\/uploads\/2021\/06\/a24.jpg\" alt=\"Uczniowie podczas rajdu rowerowego\" width=\"960\" height=\"720\" srcset=\"http:\/\/spp3.slawno.pl\/wp-content\/uploads\/2021\/06\/a24.jpg 960w, http:\/\/spp3.slawno.pl\/wp-content\/uploads\/2021\/06\/a24-300x225.jpg 300w, http:\/\/spp3.slawno.pl\/wp-content\/uploads\/2021\/06\/a24-768x576.jpg 768w, http:\/\/spp3.slawno.pl\/wp-content\/uploads\/2021\/06\/a24-678x509.jpg 678w, http:\/\/spp3.slawno.pl\/wp-content\/uploads\/2021\/06\/a24-326x245.jpg 326w, http:\/\/spp3.slawno.pl\/wp-content\/uploads\/2021\/06\/a24-80x60.jpg 80w\" sizes=\"(max-width: 960px) 100vw, 960px\" \/> <img loading=\"lazy\" decoding=\"async\" class=\"alignnone size-full wp-image-7771\" src=\"http:\/\/spp3.slawno.pl\/wp-content\/uploads\/2021\/06\/a25.jpg\" alt=\"Uczniowie podczas rajdu rowerowego\" width=\"720\" height=\"960\" srcset=\"http:\/\/spp3.slawno.pl\/wp-content\/uploads\/2021\/06\/a25.jpg 720w, http:\/\/spp3.slawno.pl\/wp-content\/uploads\/2021\/06\/a25-225x300.jpg 225w\" sizes=\"(max-width: 720px) 100vw, 720px\" \/> <img loading=\"lazy\" decoding=\"async\" class=\"alignnone size-full wp-image-7772\" src=\"http:\/\/spp3.slawno.pl\/wp-content\/uploads\/2021\/06\/a26.jpg\" alt=\"Uczniowie podczas rajdu rowerowego\" width=\"960\" height=\"720\" srcset=\"http:\/\/spp3.slawno.pl\/wp-content\/uploads\/2021\/06\/a26.jpg 960w, http:\/\/spp3.slawno.pl\/wp-content\/uploads\/2021\/06\/a26-300x225.jpg 300w, http:\/\/spp3.slawno.pl\/wp-content\/uploads\/2021\/06\/a26-768x576.jpg 768w, http:\/\/spp3.slawno.pl\/wp-content\/uploads\/2021\/06\/a26-678x509.jpg 678w, http:\/\/spp3.slawno.pl\/wp-content\/uploads\/2021\/06\/a26-326x245.jpg 326w, http:\/\/spp3.slawno.pl\/wp-content\/uploads\/2021\/06\/a26-80x60.jpg 80w\" sizes=\"(max-width: 960px) 100vw, 960px\" \/> <img loading=\"lazy\" decoding=\"async\" class=\"alignnone size-full wp-image-7773\" src=\"http:\/\/spp3.slawno.pl\/wp-content\/uploads\/2021\/06\/a27.jpg\" alt=\"Uczniowie podczas rajdu rowerowego\" width=\"960\" height=\"720\" srcset=\"http:\/\/spp3.slawno.pl\/wp-content\/uploads\/2021\/06\/a27.jpg 960w, http:\/\/spp3.slawno.pl\/wp-content\/uploads\/2021\/06\/a27-300x225.jpg 300w, http:\/\/spp3.slawno.pl\/wp-content\/uploads\/2021\/06\/a27-768x576.jpg 768w, http:\/\/spp3.slawno.pl\/wp-content\/uploads\/2021\/06\/a27-678x509.jpg 678w, http:\/\/spp3.slawno.pl\/wp-content\/uploads\/2021\/06\/a27-326x245.jpg 326w, http:\/\/spp3.slawno.pl\/wp-content\/uploads\/2021\/06\/a27-80x60.jpg 80w\" sizes=\"(max-width: 960px) 100vw, 960px\" \/> <img loading=\"lazy\" decoding=\"async\" class=\"alignnone size-full wp-image-7774\" src=\"http:\/\/spp3.slawno.pl\/wp-content\/uploads\/2021\/06\/a28.jpg\" alt=\"Uczniowie podczas rajdu rowerowego\" width=\"960\" height=\"720\" srcset=\"http:\/\/spp3.slawno.pl\/wp-content\/uploads\/2021\/06\/a28.jpg 960w, http:\/\/spp3.slawno.pl\/wp-content\/uploads\/2021\/06\/a28-300x225.jpg 300w, http:\/\/spp3.slawno.pl\/wp-content\/uploads\/2021\/06\/a28-768x576.jpg 768w, http:\/\/spp3.slawno.pl\/wp-content\/uploads\/2021\/06\/a28-678x509.jpg 678w, http:\/\/spp3.slawno.pl\/wp-content\/uploads\/2021\/06\/a28-326x245.jpg 326w, http:\/\/spp3.slawno.pl\/wp-content\/uploads\/2021\/06\/a28-80x60.jpg 80w\" sizes=\"(max-width: 960px) 100vw, 960px\" \/> <img loading=\"lazy\" decoding=\"async\" class=\"alignnone size-full wp-image-7775\" src=\"http:\/\/spp3.slawno.pl\/wp-content\/uploads\/2021\/06\/a29.jpg\" alt=\"Uczniowie podczas rajdu rowerowego\" width=\"960\" height=\"720\" srcset=\"http:\/\/spp3.slawno.pl\/wp-content\/uploads\/2021\/06\/a29.jpg 960w, http:\/\/spp3.slawno.pl\/wp-content\/uploads\/2021\/06\/a29-300x225.jpg 300w, http:\/\/spp3.slawno.pl\/wp-content\/uploads\/2021\/06\/a29-768x576.jpg 768w, http:\/\/spp3.slawno.pl\/wp-content\/uploads\/2021\/06\/a29-678x509.jpg 678w, http:\/\/spp3.slawno.pl\/wp-content\/uploads\/2021\/06\/a29-326x245.jpg 326w, http:\/\/spp3.slawno.pl\/wp-content\/uploads\/2021\/06\/a29-80x60.jpg 80w\" sizes=\"(max-width: 960px) 100vw, 960px\" \/> <img loading=\"lazy\" decoding=\"async\" class=\"alignnone size-full wp-image-7776\" src=\"http:\/\/spp3.slawno.pl\/wp-content\/uploads\/2021\/06\/a30.jpg\" alt=\"Uczniowie podczas rajdu rowerowego\" width=\"720\" height=\"960\" srcset=\"http:\/\/spp3.slawno.pl\/wp-content\/uploads\/2021\/06\/a30.jpg 720w, http:\/\/spp3.slawno.pl\/wp-content\/uploads\/2021\/06\/a30-225x300.jpg 225w\" sizes=\"(max-width: 720px) 100vw, 720px\" \/><\/p>\n","protected":false},"excerpt":{"rendered":"<div class=\"mh-excerpt\"><p>Rajd rowerowy do zielonej szko\u0142y z okazji Dnia Dziecka , integracja dzieci i rodzic\u00f3w po d\u0142ugiej przerwie. Dzi\u0119kujemy Pani Anice i Panu Krzysztofowi za obecno\u015b\u0107 <a class=\"mh-excerpt-more\" href=\"http:\/\/spp3.slawno.pl\/?p=7766\" title=\"Rajd rowerowy z okazji Dnia Dziecka\">[&#8230;]<\/a><\/p>\n<\/div>","protected":false},"author":2,"featured_media":7767,"comment_status":"closed","ping_status":"open","sticky":false,"template":"","format":"standard","meta":{"footnotes":""},"categories":[8],"tags":[],"class_list":["post-7766","post","type-post","status-publish","format-standard","has-post-thumbnail","hentry","category-wydarzenia"],"_links":{"self":[{"href":"http:\/\/spp3.slawno.pl\/index.php?rest_route=\/wp\/v2\/posts\/7766"}],"collection":[{"href":"http:\/\/spp3.slawno.pl\/index.php?rest_route=\/wp\/v2\/posts"}],"about":[{"href":"http:\/\/spp3.slawno.pl\/index.php?rest_route=\/wp\/v2\/types\/post"}],"author":[{"embeddable":true,"href":"http:\/\/spp3.slawno.pl\/index.php?rest_route=\/wp\/v2\/users\/2"}],"replies":[{"embeddable":true,"href":"http:\/\/spp3.slawno.pl\/index.php?rest_route=%2Fwp%2Fv2%2Fcomments&post=7766"}],"version-history":[{"count":3,"href":"http:\/\/spp3.slawno.pl\/index.php?rest_route=\/wp\/v2\/posts\/7766\/revisions"}],"predecessor-version":[{"id":7813,"href":"http:\/\/spp3.slawno.pl\/index.php?rest_route=\/wp\/v2\/posts\/7766\/revisions\/7813"}],"wp:featuredmedia":[{"embeddable":true,"href":"http:\/\/spp3.slawno.pl\/index.php?rest_route=\/wp\/v2\/media\/7767"}],"wp:attachment":[{"href":"http:\/\/spp3.slawno.pl\/index.php?rest_route=%2Fwp%2Fv2%2Fmedia&parent=7766"}],"wp:term":[{"taxonomy":"category","embeddable":true,"href":"http:\/\/spp3.slawno.pl\/index.php?rest_route=%2Fwp%2Fv2%2Fcategories&post=7766"},{"taxonomy":"post_tag","embeddable":true,"href":"http:\/\/spp3.slawno.pl\/index.php?rest_route=%2Fwp%2Fv2%2Ftags&post=7766"}],"curies":[{"name":"wp","href":"https:\/\/api.w.org\/{rel}","templated":true}]}}