{"id":7800,"date":"2021-06-03T12:32:26","date_gmt":"2021-06-03T10:32:26","guid":{"rendered":"http:\/\/spp3.slawno.pl\/?p=7800"},"modified":"2021-06-03T12:33:20","modified_gmt":"2021-06-03T10:33:20","slug":"swieto-dzieci-w-7e","status":"publish","type":"post","link":"http:\/\/spp3.slawno.pl\/?p=7800","title":{"rendered":"\u015awi\u0119to Dzieci w 7e"},"content":{"rendered":"<div dir=\"auto\">Dzie\u0144 Dziecka w klasie 7E.\u00a0Kolorowo i weso\u0142o!!!<\/div>\n<div dir=\"auto\">Rado\u015b\u0107 i niespodzianki. Na pocz\u0105tek s\u0142odki upominek od Pana Stasia.\u00a0Potem lody, wyprawa do lasu, a na koniec pizza i seans filmowy w naszej klasie.\u00a0Ale to nie koniec \u015bwi\u0119towania! Drugiego czerwca super wyj\u015bcie do kina!<\/div>\n<div dir=\"auto\">Zabawa i nauka przez film &#8222;Co w duszy gra&#8221; o marzeniach i celach w \u017cyciu.<\/div>\n<div dir=\"auto\">Wiecej zdj\u0119c na <a href=\"https:\/\/www.facebook.com\/photo\/?fbid=262643278982021&amp;set=pcb.262643572315325\">Fb SP3<\/a><\/div>\n<div dir=\"auto\"><img loading=\"lazy\" decoding=\"async\" class=\"alignnone size-large wp-image-7801\" src=\"http:\/\/spp3.slawno.pl\/wp-content\/uploads\/2021\/06\/a51-1024x459.jpg\" alt=\"Uczniowie podczas seansu, rozgrywek w gry logiczne i jedz\u0105cy posi\u0142ek\" width=\"1024\" height=\"459\" srcset=\"http:\/\/spp3.slawno.pl\/wp-content\/uploads\/2021\/06\/a51-1024x459.jpg 1024w, http:\/\/spp3.slawno.pl\/wp-content\/uploads\/2021\/06\/a51-300x134.jpg 300w, http:\/\/spp3.slawno.pl\/wp-content\/uploads\/2021\/06\/a51-768x344.jpg 768w, http:\/\/spp3.slawno.pl\/wp-content\/uploads\/2021\/06\/a51.jpg 1428w\" sizes=\"(max-width: 1024px) 100vw, 1024px\" \/><\/div>\n","protected":false},"excerpt":{"rendered":"<div class=\"mh-excerpt\"><p>Dzie\u0144 Dziecka w klasie 7E.\u00a0Kolorowo i weso\u0142o!!! Rado\u015b\u0107 i niespodzianki. Na pocz\u0105tek s\u0142odki upominek od Pana Stasia.\u00a0Potem lody, wyprawa do lasu, a na koniec pizza <a class=\"mh-excerpt-more\" href=\"http:\/\/spp3.slawno.pl\/?p=7800\" title=\"\u015awi\u0119to Dzieci w 7e\">[&#8230;]<\/a><\/p>\n<\/div>","protected":false},"author":2,"featured_media":7807,"comment_status":"closed","ping_status":"open","sticky":false,"template":"","format":"standard","meta":{"footnotes":""},"categories":[8],"tags":[],"class_list":["post-7800","post","type-post","status-publish","format-standard","has-post-thumbnail","hentry","category-wydarzenia"],"_links":{"self":[{"href":"http:\/\/spp3.slawno.pl\/index.php?rest_route=\/wp\/v2\/posts\/7800"}],"collection":[{"href":"http:\/\/spp3.slawno.pl\/index.php?rest_route=\/wp\/v2\/posts"}],"about":[{"href":"http:\/\/spp3.slawno.pl\/index.php?rest_route=\/wp\/v2\/types\/post"}],"author":[{"embeddable":true,"href":"http:\/\/spp3.slawno.pl\/index.php?rest_route=\/wp\/v2\/users\/2"}],"replies":[{"embeddable":true,"href":"http:\/\/spp3.slawno.pl\/index.php?rest_route=%2Fwp%2Fv2%2Fcomments&post=7800"}],"version-history":[{"count":2,"href":"http:\/\/spp3.slawno.pl\/index.php?rest_route=\/wp\/v2\/posts\/7800\/revisions"}],"predecessor-version":[{"id":7810,"href":"http:\/\/spp3.slawno.pl\/index.php?rest_route=\/wp\/v2\/posts\/7800\/revisions\/7810"}],"wp:featuredmedia":[{"embeddable":true,"href":"http:\/\/spp3.slawno.pl\/index.php?rest_route=\/wp\/v2\/media\/7807"}],"wp:attachment":[{"href":"http:\/\/spp3.slawno.pl\/index.php?rest_route=%2Fwp%2Fv2%2Fmedia&parent=7800"}],"wp:term":[{"taxonomy":"category","embeddable":true,"href":"http:\/\/spp3.slawno.pl\/index.php?rest_route=%2Fwp%2Fv2%2Fcategories&post=7800"},{"taxonomy":"post_tag","embeddable":true,"href":"http:\/\/spp3.slawno.pl\/index.php?rest_route=%2Fwp%2Fv2%2Ftags&post=7800"}],"curies":[{"name":"wp","href":"https:\/\/api.w.org\/{rel}","templated":true}]}}