{"id":7818,"date":"2021-06-07T19:32:53","date_gmt":"2021-06-07T17:32:53","guid":{"rendered":"http:\/\/spp3.slawno.pl\/?p=7818"},"modified":"2021-06-07T19:33:15","modified_gmt":"2021-06-07T17:33:15","slug":"uroczyste-spotkanie-z-burmistrzem-miasta-slawno","status":"publish","type":"post","link":"http:\/\/spp3.slawno.pl\/?p=7818","title":{"rendered":"Uroczyste spotkanie z Burmistrzem miasta S\u0142awno"},"content":{"rendered":"<div>W dniu dzisiejszym nasi finali\u015bci i laureaci konkurs\u00f3w przedmiotowych &#8211; <strong>Alicja Byszewska<\/strong> i <strong>Gracjan Kwiatkowski<\/strong> wzi\u0119li udzia\u0142 w uroczystym<\/div>\n<div>spotkaniu z Burmistrzem miasta S\u0142awno &#8211; <strong>Krzysztofem Frankensteinem<\/strong>.\u00a0 Dla opiekun\u00f3w oraz zaproszonych rodzic\u00f3w by\u0142a to bardzo podnios\u0142a chwila i okazja do podzielenia si\u0119 swoimi wra\u017ceniami z konkurs\u00f3w przedmiotowych w mijaj\u0105cym roku szkolnym. Pomimo trudnych warunk\u00f3w zwi\u0105zanych z pandemi\u0105 i zdalnym nauczaniem Ala i Gracjan pokazali, \u017ce mo\u017cna rozwija\u0107 swoje pasje i zainteresowania.\u00a0 Jeszcze raz gratulujemy i \u017cyczymy wam dalszych sukces\u00f3w.<\/div>\n<div><img loading=\"lazy\" decoding=\"async\" class=\"alignnone size-full wp-image-7819\" src=\"http:\/\/spp3.slawno.pl\/wp-content\/uploads\/2021\/06\/obraz-1.jpg\" alt=\"Burmistrz, nagrodzeni uczniowie i ich opiekunowie\" width=\"800\" height=\"600\" srcset=\"http:\/\/spp3.slawno.pl\/wp-content\/uploads\/2021\/06\/obraz-1.jpg 800w, http:\/\/spp3.slawno.pl\/wp-content\/uploads\/2021\/06\/obraz-1-300x225.jpg 300w, http:\/\/spp3.slawno.pl\/wp-content\/uploads\/2021\/06\/obraz-1-768x576.jpg 768w, http:\/\/spp3.slawno.pl\/wp-content\/uploads\/2021\/06\/obraz-1-678x509.jpg 678w, http:\/\/spp3.slawno.pl\/wp-content\/uploads\/2021\/06\/obraz-1-326x245.jpg 326w, http:\/\/spp3.slawno.pl\/wp-content\/uploads\/2021\/06\/obraz-1-80x60.jpg 80w\" sizes=\"(max-width: 800px) 100vw, 800px\" \/> <img loading=\"lazy\" decoding=\"async\" class=\"alignnone size-full wp-image-7820\" src=\"http:\/\/spp3.slawno.pl\/wp-content\/uploads\/2021\/06\/obraz-2.jpg\" alt=\"Burmistrz, nagrodzeni uczniowie i ich opiekunowie\" width=\"596\" height=\"800\" srcset=\"http:\/\/spp3.slawno.pl\/wp-content\/uploads\/2021\/06\/obraz-2.jpg 596w, http:\/\/spp3.slawno.pl\/wp-content\/uploads\/2021\/06\/obraz-2-224x300.jpg 224w\" sizes=\"(max-width: 596px) 100vw, 596px\" \/> <img loading=\"lazy\" decoding=\"async\" class=\"alignnone size-full wp-image-7821\" src=\"http:\/\/spp3.slawno.pl\/wp-content\/uploads\/2021\/06\/obraz-3.jpg\" alt=\"Burmistrz, nagrodzeni uczniowie i ich opiekunowie\" width=\"596\" height=\"800\" srcset=\"http:\/\/spp3.slawno.pl\/wp-content\/uploads\/2021\/06\/obraz-3.jpg 596w, http:\/\/spp3.slawno.pl\/wp-content\/uploads\/2021\/06\/obraz-3-224x300.jpg 224w\" sizes=\"(max-width: 596px) 100vw, 596px\" \/><\/div>\n","protected":false},"excerpt":{"rendered":"<div class=\"mh-excerpt\"><p>W dniu dzisiejszym nasi finali\u015bci i laureaci konkurs\u00f3w przedmiotowych &#8211; Alicja Byszewska i Gracjan Kwiatkowski wzi\u0119li udzia\u0142 w uroczystym spotkaniu z Burmistrzem miasta S\u0142awno &#8211; <a class=\"mh-excerpt-more\" href=\"http:\/\/spp3.slawno.pl\/?p=7818\" title=\"Uroczyste spotkanie z Burmistrzem miasta S\u0142awno\">[&#8230;]<\/a><\/p>\n<\/div>","protected":false},"author":2,"featured_media":7821,"comment_status":"closed","ping_status":"open","sticky":false,"template":"","format":"standard","meta":{"footnotes":""},"categories":[7,8],"tags":[],"class_list":["post-7818","post","type-post","status-publish","format-standard","has-post-thumbnail","hentry","category-konkursy","category-wydarzenia"],"_links":{"self":[{"href":"http:\/\/spp3.slawno.pl\/index.php?rest_route=\/wp\/v2\/posts\/7818"}],"collection":[{"href":"http:\/\/spp3.slawno.pl\/index.php?rest_route=\/wp\/v2\/posts"}],"about":[{"href":"http:\/\/spp3.slawno.pl\/index.php?rest_route=\/wp\/v2\/types\/post"}],"author":[{"embeddable":true,"href":"http:\/\/spp3.slawno.pl\/index.php?rest_route=\/wp\/v2\/users\/2"}],"replies":[{"embeddable":true,"href":"http:\/\/spp3.slawno.pl\/index.php?rest_route=%2Fwp%2Fv2%2Fcomments&post=7818"}],"version-history":[{"count":2,"href":"http:\/\/spp3.slawno.pl\/index.php?rest_route=\/wp\/v2\/posts\/7818\/revisions"}],"predecessor-version":[{"id":7823,"href":"http:\/\/spp3.slawno.pl\/index.php?rest_route=\/wp\/v2\/posts\/7818\/revisions\/7823"}],"wp:featuredmedia":[{"embeddable":true,"href":"http:\/\/spp3.slawno.pl\/index.php?rest_route=\/wp\/v2\/media\/7821"}],"wp:attachment":[{"href":"http:\/\/spp3.slawno.pl\/index.php?rest_route=%2Fwp%2Fv2%2Fmedia&parent=7818"}],"wp:term":[{"taxonomy":"category","embeddable":true,"href":"http:\/\/spp3.slawno.pl\/index.php?rest_route=%2Fwp%2Fv2%2Fcategories&post=7818"},{"taxonomy":"post_tag","embeddable":true,"href":"http:\/\/spp3.slawno.pl\/index.php?rest_route=%2Fwp%2Fv2%2Ftags&post=7818"}],"curies":[{"name":"wp","href":"https:\/\/api.w.org\/{rel}","templated":true}]}}