{"id":7825,"date":"2021-06-08T18:30:26","date_gmt":"2021-06-08T16:30:26","guid":{"rendered":"http:\/\/spp3.slawno.pl\/?p=7825"},"modified":"2021-06-08T18:49:18","modified_gmt":"2021-06-08T16:49:18","slug":"najlepsi-uczniowie-ze-slawna-wyroznieni-przez-burmistrza-miasta-slawno","status":"publish","type":"post","link":"http:\/\/spp3.slawno.pl\/?p=7825","title":{"rendered":"Najlepsi uczniowie ze S\u0142awna wyr\u00f3\u017cnieni przez Burmistrza miasta S\u0142awno"},"content":{"rendered":"<p>Alicja Byszewska uzyska\u0142a tytu\u0142 laureata konkursu przedmiotowego z wiedzy o spo\u0142ecze\u0144stwie (opiekun mgr Stanis\u0142aw Guzewski) oraz tytu\u0142 finalisty w konkursie biologicznym (opiekun mgr Ma\u0142gorzata W\u0142odarczyk) i j\u0119zyka angielskiego (opiekun mgr Karolina Pecka).<\/p>\n<div class=\"o9v6fnle cxmmr5t8 oygrvhab hcukyx3x c1et5uql ii04i59q\">\n<div dir=\"auto\">Gracjan Kwiatkowski uzyska\u0142 tytu\u0142 finalisty konkursu z j\u0119zyka polskiego (opiekun: mgr Krystyna Plath-Koperska).<\/div>\n<div dir=\"auto\">\n<div dir=\"auto\">Gratulujemy wszystkim nagrodzonym : Alicji, Gracjanowi, Krzysztofowi i Kamilowi i \u017cyczymy kolejnych sukces\u00f3w.<\/div>\n<div dir=\"auto\">Wi\u0119cej o sukcesach nagrodzonych na <a href=\"https:\/\/www.facebook.com\/MiastoSlawno\/posts\/4109514639113832\">Fb Miasto S\u0142awno<\/a>.<\/div>\n<\/div>\n<div dir=\"auto\"><img loading=\"lazy\" decoding=\"async\" class=\"alignnone size-large wp-image-7836\" src=\"http:\/\/spp3.slawno.pl\/wp-content\/uploads\/2021\/06\/11-1-1024x683.jpg\" alt=\"Burmistrz, nagrodzeni uczniowie i ich opiekunowie\" width=\"1024\" height=\"683\" srcset=\"http:\/\/spp3.slawno.pl\/wp-content\/uploads\/2021\/06\/11-1-1024x683.jpg 1024w, http:\/\/spp3.slawno.pl\/wp-content\/uploads\/2021\/06\/11-1-300x200.jpg 300w, http:\/\/spp3.slawno.pl\/wp-content\/uploads\/2021\/06\/11-1-768x512.jpg 768w, http:\/\/spp3.slawno.pl\/wp-content\/uploads\/2021\/06\/11-1.jpg 1600w\" sizes=\"(max-width: 1024px) 100vw, 1024px\" \/> <img loading=\"lazy\" decoding=\"async\" class=\"alignnone size-large wp-image-7839\" src=\"http:\/\/spp3.slawno.pl\/wp-content\/uploads\/2021\/06\/14-1-1024x683.jpg\" alt=\"Burmistrz, nagrodzeni uczniowie i ich opiekunowie\" width=\"1024\" height=\"683\" srcset=\"http:\/\/spp3.slawno.pl\/wp-content\/uploads\/2021\/06\/14-1-1024x683.jpg 1024w, http:\/\/spp3.slawno.pl\/wp-content\/uploads\/2021\/06\/14-1-300x200.jpg 300w, http:\/\/spp3.slawno.pl\/wp-content\/uploads\/2021\/06\/14-1-768x513.jpg 768w, http:\/\/spp3.slawno.pl\/wp-content\/uploads\/2021\/06\/14-1.jpg 1600w\" sizes=\"(max-width: 1024px) 100vw, 1024px\" \/> <img loading=\"lazy\" decoding=\"async\" class=\"alignnone size-large wp-image-7838\" src=\"http:\/\/spp3.slawno.pl\/wp-content\/uploads\/2021\/06\/13-1-1024x683.jpg\" alt=\"Burmistrz, nagrodzeni uczniowie i ich opiekunowie\" width=\"1024\" height=\"683\" srcset=\"http:\/\/spp3.slawno.pl\/wp-content\/uploads\/2021\/06\/13-1-1024x683.jpg 1024w, http:\/\/spp3.slawno.pl\/wp-content\/uploads\/2021\/06\/13-1-300x200.jpg 300w, http:\/\/spp3.slawno.pl\/wp-content\/uploads\/2021\/06\/13-1-768x512.jpg 768w, http:\/\/spp3.slawno.pl\/wp-content\/uploads\/2021\/06\/13-1.jpg 1600w\" sizes=\"(max-width: 1024px) 100vw, 1024px\" \/> <img loading=\"lazy\" decoding=\"async\" class=\"alignnone size-large wp-image-7837\" src=\"http:\/\/spp3.slawno.pl\/wp-content\/uploads\/2021\/06\/12-1-1024x683.jpg\" alt=\"Burmistrz, nagrodzeni uczniowie i ich opiekunowie\" width=\"1024\" height=\"683\" srcset=\"http:\/\/spp3.slawno.pl\/wp-content\/uploads\/2021\/06\/12-1-1024x683.jpg 1024w, http:\/\/spp3.slawno.pl\/wp-content\/uploads\/2021\/06\/12-1-300x200.jpg 300w, http:\/\/spp3.slawno.pl\/wp-content\/uploads\/2021\/06\/12-1-768x512.jpg 768w, http:\/\/spp3.slawno.pl\/wp-content\/uploads\/2021\/06\/12-1.jpg 1600w\" sizes=\"(max-width: 1024px) 100vw, 1024px\" \/> <img loading=\"lazy\" decoding=\"async\" class=\"alignnone size-large wp-image-7835\" src=\"http:\/\/spp3.slawno.pl\/wp-content\/uploads\/2021\/06\/10-1-1024x683.jpg\" alt=\"Burmistrz, nagrodzeni uczniowie i ich opiekunowie\" width=\"1024\" height=\"683\" srcset=\"http:\/\/spp3.slawno.pl\/wp-content\/uploads\/2021\/06\/10-1-1024x683.jpg 1024w, http:\/\/spp3.slawno.pl\/wp-content\/uploads\/2021\/06\/10-1-300x200.jpg 300w, http:\/\/spp3.slawno.pl\/wp-content\/uploads\/2021\/06\/10-1-768x512.jpg 768w, http:\/\/spp3.slawno.pl\/wp-content\/uploads\/2021\/06\/10-1.jpg 1600w\" sizes=\"(max-width: 1024px) 100vw, 1024px\" \/> <img loading=\"lazy\" decoding=\"async\" class=\"alignnone size-large wp-image-7834\" src=\"http:\/\/spp3.slawno.pl\/wp-content\/uploads\/2021\/06\/9-1-1024x683.jpg\" alt=\"Burmistrz, nagrodzeni uczniowie i ich opiekunowie\" width=\"1024\" height=\"683\" srcset=\"http:\/\/spp3.slawno.pl\/wp-content\/uploads\/2021\/06\/9-1-1024x683.jpg 1024w, http:\/\/spp3.slawno.pl\/wp-content\/uploads\/2021\/06\/9-1-300x200.jpg 300w, http:\/\/spp3.slawno.pl\/wp-content\/uploads\/2021\/06\/9-1-768x512.jpg 768w, http:\/\/spp3.slawno.pl\/wp-content\/uploads\/2021\/06\/9-1.jpg 1600w\" sizes=\"(max-width: 1024px) 100vw, 1024px\" \/> <img loading=\"lazy\" decoding=\"async\" class=\"alignnone size-large wp-image-7833\" src=\"http:\/\/spp3.slawno.pl\/wp-content\/uploads\/2021\/06\/8-1-1024x682.jpg\" alt=\"Burmistrz, nagrodzeni uczniowie i ich opiekunowie\" width=\"1024\" height=\"682\" srcset=\"http:\/\/spp3.slawno.pl\/wp-content\/uploads\/2021\/06\/8-1-1024x682.jpg 1024w, http:\/\/spp3.slawno.pl\/wp-content\/uploads\/2021\/06\/8-1-300x200.jpg 300w, http:\/\/spp3.slawno.pl\/wp-content\/uploads\/2021\/06\/8-1-768x512.jpg 768w, http:\/\/spp3.slawno.pl\/wp-content\/uploads\/2021\/06\/8-1.jpg 1600w\" sizes=\"(max-width: 1024px) 100vw, 1024px\" \/> <img loading=\"lazy\" decoding=\"async\" class=\"alignnone size-full wp-image-7832\" src=\"http:\/\/spp3.slawno.pl\/wp-content\/uploads\/2021\/06\/7-1.jpg\" alt=\"Burmistrz, nagrodzeni uczniowie i ich opiekunowie\" width=\"960\" height=\"641\" srcset=\"http:\/\/spp3.slawno.pl\/wp-content\/uploads\/2021\/06\/7-1.jpg 960w, http:\/\/spp3.slawno.pl\/wp-content\/uploads\/2021\/06\/7-1-300x200.jpg 300w, http:\/\/spp3.slawno.pl\/wp-content\/uploads\/2021\/06\/7-1-768x513.jpg 768w\" sizes=\"(max-width: 960px) 100vw, 960px\" \/> <img loading=\"lazy\" decoding=\"async\" class=\"alignnone size-full wp-image-7831\" src=\"http:\/\/spp3.slawno.pl\/wp-content\/uploads\/2021\/06\/6-1.jpg\" alt=\"Burmistrz, nagrodzeni uczniowie i ich opiekunowie\" width=\"960\" height=\"641\" srcset=\"http:\/\/spp3.slawno.pl\/wp-content\/uploads\/2021\/06\/6-1.jpg 960w, http:\/\/spp3.slawno.pl\/wp-content\/uploads\/2021\/06\/6-1-300x200.jpg 300w, http:\/\/spp3.slawno.pl\/wp-content\/uploads\/2021\/06\/6-1-768x513.jpg 768w\" sizes=\"(max-width: 960px) 100vw, 960px\" \/> <img loading=\"lazy\" decoding=\"async\" class=\"alignnone size-full wp-image-7830\" src=\"http:\/\/spp3.slawno.pl\/wp-content\/uploads\/2021\/06\/5-1.jpg\" alt=\"Burmistrz, nagrodzeni uczniowie i ich opiekunowie\" width=\"960\" height=\"641\" srcset=\"http:\/\/spp3.slawno.pl\/wp-content\/uploads\/2021\/06\/5-1.jpg 960w, http:\/\/spp3.slawno.pl\/wp-content\/uploads\/2021\/06\/5-1-300x200.jpg 300w, http:\/\/spp3.slawno.pl\/wp-content\/uploads\/2021\/06\/5-1-768x513.jpg 768w\" sizes=\"(max-width: 960px) 100vw, 960px\" \/> <img loading=\"lazy\" decoding=\"async\" class=\"alignnone size-full wp-image-7829\" src=\"http:\/\/spp3.slawno.pl\/wp-content\/uploads\/2021\/06\/4-2.jpg\" alt=\"Burmistrz, nagrodzeni uczniowie i ich opiekunowie\" width=\"960\" height=\"640\" srcset=\"http:\/\/spp3.slawno.pl\/wp-content\/uploads\/2021\/06\/4-2.jpg 960w, http:\/\/spp3.slawno.pl\/wp-content\/uploads\/2021\/06\/4-2-300x200.jpg 300w, http:\/\/spp3.slawno.pl\/wp-content\/uploads\/2021\/06\/4-2-768x512.jpg 768w\" sizes=\"(max-width: 960px) 100vw, 960px\" \/> <img loading=\"lazy\" decoding=\"async\" class=\"alignnone size-full wp-image-7828\" src=\"http:\/\/spp3.slawno.pl\/wp-content\/uploads\/2021\/06\/3-2.jpg\" alt=\"Burmistrz, nagrodzeni uczniowie i ich opiekunowie\" width=\"960\" height=\"640\" srcset=\"http:\/\/spp3.slawno.pl\/wp-content\/uploads\/2021\/06\/3-2.jpg 960w, http:\/\/spp3.slawno.pl\/wp-content\/uploads\/2021\/06\/3-2-300x200.jpg 300w, http:\/\/spp3.slawno.pl\/wp-content\/uploads\/2021\/06\/3-2-768x512.jpg 768w\" sizes=\"(max-width: 960px) 100vw, 960px\" \/> <img loading=\"lazy\" decoding=\"async\" class=\"alignnone size-full wp-image-7827\" src=\"http:\/\/spp3.slawno.pl\/wp-content\/uploads\/2021\/06\/2-2.jpg\" alt=\"Burmistrz, nagrodzeni uczniowie i ich opiekunowie\" width=\"960\" height=\"640\" srcset=\"http:\/\/spp3.slawno.pl\/wp-content\/uploads\/2021\/06\/2-2.jpg 960w, http:\/\/spp3.slawno.pl\/wp-content\/uploads\/2021\/06\/2-2-300x200.jpg 300w, http:\/\/spp3.slawno.pl\/wp-content\/uploads\/2021\/06\/2-2-768x512.jpg 768w\" sizes=\"(max-width: 960px) 100vw, 960px\" \/> <img loading=\"lazy\" decoding=\"async\" class=\"alignnone size-full wp-image-7826\" src=\"http:\/\/spp3.slawno.pl\/wp-content\/uploads\/2021\/06\/1-3.jpg\" alt=\"\" width=\"960\" height=\"641\" srcset=\"http:\/\/spp3.slawno.pl\/wp-content\/uploads\/2021\/06\/1-3.jpg 960w, http:\/\/spp3.slawno.pl\/wp-content\/uploads\/2021\/06\/1-3-300x200.jpg 300w, http:\/\/spp3.slawno.pl\/wp-content\/uploads\/2021\/06\/1-3-768x513.jpg 768w\" sizes=\"(max-width: 960px) 100vw, 960px\" \/><\/div>\n<div dir=\"auto\"><\/div>\n<\/div>\n<p>&nbsp;<\/p>\n","protected":false},"excerpt":{"rendered":"<div class=\"mh-excerpt\"><p>Alicja Byszewska uzyska\u0142a tytu\u0142 laureata konkursu przedmiotowego z wiedzy o spo\u0142ecze\u0144stwie (opiekun mgr Stanis\u0142aw Guzewski) oraz tytu\u0142 finalisty w konkursie biologicznym (opiekun mgr Ma\u0142gorzata W\u0142odarczyk) <a class=\"mh-excerpt-more\" href=\"http:\/\/spp3.slawno.pl\/?p=7825\" title=\"Najlepsi uczniowie ze S\u0142awna wyr\u00f3\u017cnieni przez Burmistrza miasta S\u0142awno\">[&#8230;]<\/a><\/p>\n<\/div>","protected":false},"author":2,"featured_media":7838,"comment_status":"closed","ping_status":"open","sticky":false,"template":"","format":"standard","meta":{"footnotes":""},"categories":[7,8],"tags":[],"class_list":["post-7825","post","type-post","status-publish","format-standard","has-post-thumbnail","hentry","category-konkursy","category-wydarzenia"],"_links":{"self":[{"href":"http:\/\/spp3.slawno.pl\/index.php?rest_route=\/wp\/v2\/posts\/7825"}],"collection":[{"href":"http:\/\/spp3.slawno.pl\/index.php?rest_route=\/wp\/v2\/posts"}],"about":[{"href":"http:\/\/spp3.slawno.pl\/index.php?rest_route=\/wp\/v2\/types\/post"}],"author":[{"embeddable":true,"href":"http:\/\/spp3.slawno.pl\/index.php?rest_route=\/wp\/v2\/users\/2"}],"replies":[{"embeddable":true,"href":"http:\/\/spp3.slawno.pl\/index.php?rest_route=%2Fwp%2Fv2%2Fcomments&post=7825"}],"version-history":[{"count":1,"href":"http:\/\/spp3.slawno.pl\/index.php?rest_route=\/wp\/v2\/posts\/7825\/revisions"}],"predecessor-version":[{"id":7840,"href":"http:\/\/spp3.slawno.pl\/index.php?rest_route=\/wp\/v2\/posts\/7825\/revisions\/7840"}],"wp:featuredmedia":[{"embeddable":true,"href":"http:\/\/spp3.slawno.pl\/index.php?rest_route=\/wp\/v2\/media\/7838"}],"wp:attachment":[{"href":"http:\/\/spp3.slawno.pl\/index.php?rest_route=%2Fwp%2Fv2%2Fmedia&parent=7825"}],"wp:term":[{"taxonomy":"category","embeddable":true,"href":"http:\/\/spp3.slawno.pl\/index.php?rest_route=%2Fwp%2Fv2%2Fcategories&post=7825"},{"taxonomy":"post_tag","embeddable":true,"href":"http:\/\/spp3.slawno.pl\/index.php?rest_route=%2Fwp%2Fv2%2Ftags&post=7825"}],"curies":[{"name":"wp","href":"https:\/\/api.w.org\/{rel}","templated":true}]}}