{"id":7854,"date":"2021-06-10T15:13:13","date_gmt":"2021-06-10T13:13:13","guid":{"rendered":"http:\/\/spp3.slawno.pl\/?p=7854"},"modified":"2021-06-10T15:13:13","modified_gmt":"2021-06-10T13:13:13","slug":"dzien-dziecka-klasa-7c","status":"publish","type":"post","link":"http:\/\/spp3.slawno.pl\/?p=7854","title":{"rendered":"Dzie\u0144 Dziecka-klasa 7c"},"content":{"rendered":"<p>Dzie\u0144 Dziecka i integracja klasowa w wydaniu 7 C . Dzi\u0119kujemy Pani Dorocie za obecno\u015b\u0107.<\/p>\n<p><img loading=\"lazy\" decoding=\"async\" class=\"alignnone size-full wp-image-7855\" src=\"http:\/\/spp3.slawno.pl\/wp-content\/uploads\/2021\/06\/c1.jpg\" alt=\"Uczniowie przed sp\u0142ywem kajakowym\" width=\"960\" height=\"540\" srcset=\"http:\/\/spp3.slawno.pl\/wp-content\/uploads\/2021\/06\/c1.jpg 960w, http:\/\/spp3.slawno.pl\/wp-content\/uploads\/2021\/06\/c1-300x169.jpg 300w, http:\/\/spp3.slawno.pl\/wp-content\/uploads\/2021\/06\/c1-768x432.jpg 768w, http:\/\/spp3.slawno.pl\/wp-content\/uploads\/2021\/06\/c1-678x381.jpg 678w\" sizes=\"(max-width: 960px) 100vw, 960px\" \/> <img loading=\"lazy\" decoding=\"async\" class=\"alignnone size-full wp-image-7856\" src=\"http:\/\/spp3.slawno.pl\/wp-content\/uploads\/2021\/06\/c2.jpg\" alt=\"Uczniowie w kajakach\" width=\"960\" height=\"540\" srcset=\"http:\/\/spp3.slawno.pl\/wp-content\/uploads\/2021\/06\/c2.jpg 960w, http:\/\/spp3.slawno.pl\/wp-content\/uploads\/2021\/06\/c2-300x169.jpg 300w, http:\/\/spp3.slawno.pl\/wp-content\/uploads\/2021\/06\/c2-768x432.jpg 768w, http:\/\/spp3.slawno.pl\/wp-content\/uploads\/2021\/06\/c2-678x381.jpg 678w\" sizes=\"(max-width: 960px) 100vw, 960px\" \/> <img loading=\"lazy\" decoding=\"async\" class=\"alignnone size-full wp-image-7857\" src=\"http:\/\/spp3.slawno.pl\/wp-content\/uploads\/2021\/06\/c3.jpg\" alt=\"Uczniowie w kajakach\" width=\"720\" height=\"960\" srcset=\"http:\/\/spp3.slawno.pl\/wp-content\/uploads\/2021\/06\/c3.jpg 720w, http:\/\/spp3.slawno.pl\/wp-content\/uploads\/2021\/06\/c3-225x300.jpg 225w\" sizes=\"(max-width: 720px) 100vw, 720px\" \/> <img loading=\"lazy\" decoding=\"async\" class=\"alignnone size-full wp-image-7858\" src=\"http:\/\/spp3.slawno.pl\/wp-content\/uploads\/2021\/06\/c4.jpg\" alt=\"Uczniowie w kajakach\" width=\"720\" height=\"960\" srcset=\"http:\/\/spp3.slawno.pl\/wp-content\/uploads\/2021\/06\/c4.jpg 720w, http:\/\/spp3.slawno.pl\/wp-content\/uploads\/2021\/06\/c4-225x300.jpg 225w\" sizes=\"(max-width: 720px) 100vw, 720px\" \/> <img loading=\"lazy\" decoding=\"async\" class=\"alignnone size-full wp-image-7859\" src=\"http:\/\/spp3.slawno.pl\/wp-content\/uploads\/2021\/06\/c5.jpg\" alt=\"Uczniowie w kajakach\" width=\"960\" height=\"712\" srcset=\"http:\/\/spp3.slawno.pl\/wp-content\/uploads\/2021\/06\/c5.jpg 960w, http:\/\/spp3.slawno.pl\/wp-content\/uploads\/2021\/06\/c5-300x223.jpg 300w, http:\/\/spp3.slawno.pl\/wp-content\/uploads\/2021\/06\/c5-768x570.jpg 768w, http:\/\/spp3.slawno.pl\/wp-content\/uploads\/2021\/06\/c5-80x60.jpg 80w\" sizes=\"(max-width: 960px) 100vw, 960px\" \/> <img loading=\"lazy\" decoding=\"async\" class=\"alignnone size-full wp-image-7860\" src=\"http:\/\/spp3.slawno.pl\/wp-content\/uploads\/2021\/06\/c6.jpg\" alt=\"Uczniowie w kajakach\" width=\"960\" height=\"540\" srcset=\"http:\/\/spp3.slawno.pl\/wp-content\/uploads\/2021\/06\/c6.jpg 960w, http:\/\/spp3.slawno.pl\/wp-content\/uploads\/2021\/06\/c6-300x169.jpg 300w, http:\/\/spp3.slawno.pl\/wp-content\/uploads\/2021\/06\/c6-768x432.jpg 768w, http:\/\/spp3.slawno.pl\/wp-content\/uploads\/2021\/06\/c6-678x381.jpg 678w\" sizes=\"(max-width: 960px) 100vw, 960px\" \/> <img loading=\"lazy\" decoding=\"async\" class=\"alignnone size-full wp-image-7861\" src=\"http:\/\/spp3.slawno.pl\/wp-content\/uploads\/2021\/06\/c7.jpg\" alt=\"uczniowie podczas sp\u0142ywu kajakowego\" width=\"540\" height=\"960\" srcset=\"http:\/\/spp3.slawno.pl\/wp-content\/uploads\/2021\/06\/c7.jpg 540w, http:\/\/spp3.slawno.pl\/wp-content\/uploads\/2021\/06\/c7-169x300.jpg 169w\" sizes=\"(max-width: 540px) 100vw, 540px\" \/> <img loading=\"lazy\" decoding=\"async\" class=\"alignnone size-full wp-image-7862\" src=\"http:\/\/spp3.slawno.pl\/wp-content\/uploads\/2021\/06\/c8.jpg\" alt=\"uczniowie podczas sp\u0142ywu kajakowego\" width=\"540\" height=\"960\" srcset=\"http:\/\/spp3.slawno.pl\/wp-content\/uploads\/2021\/06\/c8.jpg 540w, http:\/\/spp3.slawno.pl\/wp-content\/uploads\/2021\/06\/c8-169x300.jpg 169w\" sizes=\"(max-width: 540px) 100vw, 540px\" \/> <img loading=\"lazy\" decoding=\"async\" class=\"alignnone size-full wp-image-7863\" src=\"http:\/\/spp3.slawno.pl\/wp-content\/uploads\/2021\/06\/c9.jpg\" alt=\"Uczniowie w kajakach\" width=\"540\" height=\"960\" srcset=\"http:\/\/spp3.slawno.pl\/wp-content\/uploads\/2021\/06\/c9.jpg 540w, http:\/\/spp3.slawno.pl\/wp-content\/uploads\/2021\/06\/c9-169x300.jpg 169w\" sizes=\"(max-width: 540px) 100vw, 540px\" \/> <img loading=\"lazy\" decoding=\"async\" class=\"alignnone size-full wp-image-7864\" src=\"http:\/\/spp3.slawno.pl\/wp-content\/uploads\/2021\/06\/c10.jpg\" alt=\"Uczniowie w kajakach\" width=\"720\" height=\"960\" srcset=\"http:\/\/spp3.slawno.pl\/wp-content\/uploads\/2021\/06\/c10.jpg 720w, http:\/\/spp3.slawno.pl\/wp-content\/uploads\/2021\/06\/c10-225x300.jpg 225w\" sizes=\"(max-width: 720px) 100vw, 720px\" \/> <img loading=\"lazy\" decoding=\"async\" class=\"alignnone size-full wp-image-7865\" src=\"http:\/\/spp3.slawno.pl\/wp-content\/uploads\/2021\/06\/c11.jpg\" alt=\"Uczniowie w kajakach\" width=\"960\" height=\"720\" srcset=\"http:\/\/spp3.slawno.pl\/wp-content\/uploads\/2021\/06\/c11.jpg 960w, http:\/\/spp3.slawno.pl\/wp-content\/uploads\/2021\/06\/c11-300x225.jpg 300w, http:\/\/spp3.slawno.pl\/wp-content\/uploads\/2021\/06\/c11-768x576.jpg 768w, http:\/\/spp3.slawno.pl\/wp-content\/uploads\/2021\/06\/c11-678x509.jpg 678w, http:\/\/spp3.slawno.pl\/wp-content\/uploads\/2021\/06\/c11-326x245.jpg 326w, http:\/\/spp3.slawno.pl\/wp-content\/uploads\/2021\/06\/c11-80x60.jpg 80w\" sizes=\"(max-width: 960px) 100vw, 960px\" \/><\/p>\n","protected":false},"excerpt":{"rendered":"<div class=\"mh-excerpt\"><p>Dzie\u0144 Dziecka i integracja klasowa w wydaniu 7 C . Dzi\u0119kujemy Pani Dorocie za obecno\u015b\u0107.<\/p>\n<\/div>","protected":false},"author":2,"featured_media":7855,"comment_status":"closed","ping_status":"open","sticky":false,"template":"","format":"standard","meta":{"footnotes":""},"categories":[8],"tags":[],"class_list":["post-7854","post","type-post","status-publish","format-standard","has-post-thumbnail","hentry","category-wydarzenia"],"_links":{"self":[{"href":"http:\/\/spp3.slawno.pl\/index.php?rest_route=\/wp\/v2\/posts\/7854"}],"collection":[{"href":"http:\/\/spp3.slawno.pl\/index.php?rest_route=\/wp\/v2\/posts"}],"about":[{"href":"http:\/\/spp3.slawno.pl\/index.php?rest_route=\/wp\/v2\/types\/post"}],"author":[{"embeddable":true,"href":"http:\/\/spp3.slawno.pl\/index.php?rest_route=\/wp\/v2\/users\/2"}],"replies":[{"embeddable":true,"href":"http:\/\/spp3.slawno.pl\/index.php?rest_route=%2Fwp%2Fv2%2Fcomments&post=7854"}],"version-history":[{"count":1,"href":"http:\/\/spp3.slawno.pl\/index.php?rest_route=\/wp\/v2\/posts\/7854\/revisions"}],"predecessor-version":[{"id":7866,"href":"http:\/\/spp3.slawno.pl\/index.php?rest_route=\/wp\/v2\/posts\/7854\/revisions\/7866"}],"wp:featuredmedia":[{"embeddable":true,"href":"http:\/\/spp3.slawno.pl\/index.php?rest_route=\/wp\/v2\/media\/7855"}],"wp:attachment":[{"href":"http:\/\/spp3.slawno.pl\/index.php?rest_route=%2Fwp%2Fv2%2Fmedia&parent=7854"}],"wp:term":[{"taxonomy":"category","embeddable":true,"href":"http:\/\/spp3.slawno.pl\/index.php?rest_route=%2Fwp%2Fv2%2Fcategories&post=7854"},{"taxonomy":"post_tag","embeddable":true,"href":"http:\/\/spp3.slawno.pl\/index.php?rest_route=%2Fwp%2Fv2%2Ftags&post=7854"}],"curies":[{"name":"wp","href":"https:\/\/api.w.org\/{rel}","templated":true}]}}