{"id":7867,"date":"2021-06-10T15:19:17","date_gmt":"2021-06-10T13:19:17","guid":{"rendered":"http:\/\/spp3.slawno.pl\/?p=7867"},"modified":"2021-08-18T09:36:17","modified_gmt":"2021-08-18T07:36:17","slug":"wycieczka-3c","status":"publish","type":"post","link":"http:\/\/spp3.slawno.pl\/?p=7867","title":{"rendered":"Wycieczka 3c do Doliny Charlotty"},"content":{"rendered":"<p>Wycieczka klasowa uczni\u00f3w 3 c do Doliny Charlotty. Ogr\u00f3d zoologiczny. Ca\u0142kiem spora atrakcja, z wieloma gatunkami zwierz\u0105t, do tego ogl\u0105dali\u015bmy cz\u0119\u015b\u0107 ogrodu z \u0142\u00f3dki. A w fokarium podziwiali\u015bmy trening medyczny 6 samc\u00f3w &#8211; fok. W Krainie Bajek zwiedzili\u015bmy \u201e\u015bwiaty\u201d popularnych ba\u015bni.<\/p>\n<p><img loading=\"lazy\" decoding=\"async\" class=\"alignnone size-full wp-image-7868\" src=\"http:\/\/spp3.slawno.pl\/wp-content\/uploads\/2021\/06\/c12.jpg\" alt=\"Uczniowie podczas wycieczki do Doliny Charlotty\" width=\"960\" height=\"720\" srcset=\"http:\/\/spp3.slawno.pl\/wp-content\/uploads\/2021\/06\/c12.jpg 960w, http:\/\/spp3.slawno.pl\/wp-content\/uploads\/2021\/06\/c12-300x225.jpg 300w, http:\/\/spp3.slawno.pl\/wp-content\/uploads\/2021\/06\/c12-768x576.jpg 768w, http:\/\/spp3.slawno.pl\/wp-content\/uploads\/2021\/06\/c12-678x509.jpg 678w, http:\/\/spp3.slawno.pl\/wp-content\/uploads\/2021\/06\/c12-326x245.jpg 326w, http:\/\/spp3.slawno.pl\/wp-content\/uploads\/2021\/06\/c12-80x60.jpg 80w\" sizes=\"(max-width: 960px) 100vw, 960px\" \/> <img loading=\"lazy\" decoding=\"async\" class=\"alignnone size-full wp-image-7880\" src=\"http:\/\/spp3.slawno.pl\/wp-content\/uploads\/2021\/06\/c24.jpg\" alt=\"Uczniowie podczas wycieczki do Doliny Charlotty\" width=\"960\" height=\"720\" srcset=\"http:\/\/spp3.slawno.pl\/wp-content\/uploads\/2021\/06\/c24.jpg 960w, http:\/\/spp3.slawno.pl\/wp-content\/uploads\/2021\/06\/c24-300x225.jpg 300w, http:\/\/spp3.slawno.pl\/wp-content\/uploads\/2021\/06\/c24-768x576.jpg 768w, http:\/\/spp3.slawno.pl\/wp-content\/uploads\/2021\/06\/c24-678x509.jpg 678w, http:\/\/spp3.slawno.pl\/wp-content\/uploads\/2021\/06\/c24-326x245.jpg 326w, http:\/\/spp3.slawno.pl\/wp-content\/uploads\/2021\/06\/c24-80x60.jpg 80w\" sizes=\"(max-width: 960px) 100vw, 960px\" \/> <img loading=\"lazy\" decoding=\"async\" class=\"alignnone size-full wp-image-7879\" src=\"http:\/\/spp3.slawno.pl\/wp-content\/uploads\/2021\/06\/c23.jpg\" alt=\"Uczniowie podczas wycieczki do Doliny Charlotty\" width=\"960\" height=\"720\" srcset=\"http:\/\/spp3.slawno.pl\/wp-content\/uploads\/2021\/06\/c23.jpg 960w, http:\/\/spp3.slawno.pl\/wp-content\/uploads\/2021\/06\/c23-300x225.jpg 300w, http:\/\/spp3.slawno.pl\/wp-content\/uploads\/2021\/06\/c23-768x576.jpg 768w, http:\/\/spp3.slawno.pl\/wp-content\/uploads\/2021\/06\/c23-678x509.jpg 678w, http:\/\/spp3.slawno.pl\/wp-content\/uploads\/2021\/06\/c23-326x245.jpg 326w, http:\/\/spp3.slawno.pl\/wp-content\/uploads\/2021\/06\/c23-80x60.jpg 80w\" sizes=\"(max-width: 960px) 100vw, 960px\" \/> <img loading=\"lazy\" decoding=\"async\" class=\"alignnone size-full wp-image-7878\" src=\"http:\/\/spp3.slawno.pl\/wp-content\/uploads\/2021\/06\/c22.jpg\" alt=\"Uczniowie podczas wycieczki do Doliny Charlotty\" width=\"960\" height=\"720\" srcset=\"http:\/\/spp3.slawno.pl\/wp-content\/uploads\/2021\/06\/c22.jpg 960w, http:\/\/spp3.slawno.pl\/wp-content\/uploads\/2021\/06\/c22-300x225.jpg 300w, http:\/\/spp3.slawno.pl\/wp-content\/uploads\/2021\/06\/c22-768x576.jpg 768w, http:\/\/spp3.slawno.pl\/wp-content\/uploads\/2021\/06\/c22-678x509.jpg 678w, http:\/\/spp3.slawno.pl\/wp-content\/uploads\/2021\/06\/c22-326x245.jpg 326w, http:\/\/spp3.slawno.pl\/wp-content\/uploads\/2021\/06\/c22-80x60.jpg 80w\" sizes=\"(max-width: 960px) 100vw, 960px\" \/> <img loading=\"lazy\" decoding=\"async\" class=\"alignnone size-full wp-image-7877\" src=\"http:\/\/spp3.slawno.pl\/wp-content\/uploads\/2021\/06\/c21.jpg\" alt=\"Uczniowie podczas wycieczki do Doliny Charlotty\" width=\"960\" height=\"720\" srcset=\"http:\/\/spp3.slawno.pl\/wp-content\/uploads\/2021\/06\/c21.jpg 960w, http:\/\/spp3.slawno.pl\/wp-content\/uploads\/2021\/06\/c21-300x225.jpg 300w, http:\/\/spp3.slawno.pl\/wp-content\/uploads\/2021\/06\/c21-768x576.jpg 768w, http:\/\/spp3.slawno.pl\/wp-content\/uploads\/2021\/06\/c21-678x509.jpg 678w, http:\/\/spp3.slawno.pl\/wp-content\/uploads\/2021\/06\/c21-326x245.jpg 326w, http:\/\/spp3.slawno.pl\/wp-content\/uploads\/2021\/06\/c21-80x60.jpg 80w\" sizes=\"(max-width: 960px) 100vw, 960px\" \/> <img loading=\"lazy\" decoding=\"async\" class=\"alignnone size-full wp-image-7876\" src=\"http:\/\/spp3.slawno.pl\/wp-content\/uploads\/2021\/06\/c20.jpg\" alt=\"Uczniowie podczas wycieczki do Doliny Charlotty\" width=\"960\" height=\"720\" srcset=\"http:\/\/spp3.slawno.pl\/wp-content\/uploads\/2021\/06\/c20.jpg 960w, http:\/\/spp3.slawno.pl\/wp-content\/uploads\/2021\/06\/c20-300x225.jpg 300w, http:\/\/spp3.slawno.pl\/wp-content\/uploads\/2021\/06\/c20-768x576.jpg 768w, http:\/\/spp3.slawno.pl\/wp-content\/uploads\/2021\/06\/c20-678x509.jpg 678w, http:\/\/spp3.slawno.pl\/wp-content\/uploads\/2021\/06\/c20-326x245.jpg 326w, http:\/\/spp3.slawno.pl\/wp-content\/uploads\/2021\/06\/c20-80x60.jpg 80w\" sizes=\"(max-width: 960px) 100vw, 960px\" \/> <img loading=\"lazy\" decoding=\"async\" class=\"alignnone size-full wp-image-7875\" src=\"http:\/\/spp3.slawno.pl\/wp-content\/uploads\/2021\/06\/c19.jpg\" alt=\"Uczniowie podczas wycieczki do Doliny Charlotty\" width=\"960\" height=\"720\" srcset=\"http:\/\/spp3.slawno.pl\/wp-content\/uploads\/2021\/06\/c19.jpg 960w, http:\/\/spp3.slawno.pl\/wp-content\/uploads\/2021\/06\/c19-300x225.jpg 300w, http:\/\/spp3.slawno.pl\/wp-content\/uploads\/2021\/06\/c19-768x576.jpg 768w, http:\/\/spp3.slawno.pl\/wp-content\/uploads\/2021\/06\/c19-678x509.jpg 678w, http:\/\/spp3.slawno.pl\/wp-content\/uploads\/2021\/06\/c19-326x245.jpg 326w, http:\/\/spp3.slawno.pl\/wp-content\/uploads\/2021\/06\/c19-80x60.jpg 80w\" sizes=\"(max-width: 960px) 100vw, 960px\" \/> <img loading=\"lazy\" decoding=\"async\" class=\"alignnone size-full wp-image-7869\" src=\"http:\/\/spp3.slawno.pl\/wp-content\/uploads\/2021\/06\/c13.jpg\" alt=\"Uczniowie podczas wycieczki do Doliny Charlotty\" width=\"960\" height=\"720\" srcset=\"http:\/\/spp3.slawno.pl\/wp-content\/uploads\/2021\/06\/c13.jpg 960w, http:\/\/spp3.slawno.pl\/wp-content\/uploads\/2021\/06\/c13-300x225.jpg 300w, http:\/\/spp3.slawno.pl\/wp-content\/uploads\/2021\/06\/c13-768x576.jpg 768w, http:\/\/spp3.slawno.pl\/wp-content\/uploads\/2021\/06\/c13-678x509.jpg 678w, http:\/\/spp3.slawno.pl\/wp-content\/uploads\/2021\/06\/c13-326x245.jpg 326w, http:\/\/spp3.slawno.pl\/wp-content\/uploads\/2021\/06\/c13-80x60.jpg 80w\" sizes=\"(max-width: 960px) 100vw, 960px\" \/> <img loading=\"lazy\" decoding=\"async\" class=\"alignnone size-full wp-image-7870\" src=\"http:\/\/spp3.slawno.pl\/wp-content\/uploads\/2021\/06\/c14.jpg\" alt=\"Uczniowie podczas wycieczki do Doliny Charlotty\" width=\"960\" height=\"720\" srcset=\"http:\/\/spp3.slawno.pl\/wp-content\/uploads\/2021\/06\/c14.jpg 960w, http:\/\/spp3.slawno.pl\/wp-content\/uploads\/2021\/06\/c14-300x225.jpg 300w, http:\/\/spp3.slawno.pl\/wp-content\/uploads\/2021\/06\/c14-768x576.jpg 768w, http:\/\/spp3.slawno.pl\/wp-content\/uploads\/2021\/06\/c14-678x509.jpg 678w, http:\/\/spp3.slawno.pl\/wp-content\/uploads\/2021\/06\/c14-326x245.jpg 326w, http:\/\/spp3.slawno.pl\/wp-content\/uploads\/2021\/06\/c14-80x60.jpg 80w\" sizes=\"(max-width: 960px) 100vw, 960px\" \/> <img loading=\"lazy\" decoding=\"async\" class=\"alignnone size-full wp-image-7871\" src=\"http:\/\/spp3.slawno.pl\/wp-content\/uploads\/2021\/06\/c15.jpg\" alt=\"Uczniowie podczas wycieczki do Doliny Charlotty\" width=\"960\" height=\"720\" srcset=\"http:\/\/spp3.slawno.pl\/wp-content\/uploads\/2021\/06\/c15.jpg 960w, http:\/\/spp3.slawno.pl\/wp-content\/uploads\/2021\/06\/c15-300x225.jpg 300w, http:\/\/spp3.slawno.pl\/wp-content\/uploads\/2021\/06\/c15-768x576.jpg 768w, http:\/\/spp3.slawno.pl\/wp-content\/uploads\/2021\/06\/c15-678x509.jpg 678w, http:\/\/spp3.slawno.pl\/wp-content\/uploads\/2021\/06\/c15-326x245.jpg 326w, http:\/\/spp3.slawno.pl\/wp-content\/uploads\/2021\/06\/c15-80x60.jpg 80w\" sizes=\"(max-width: 960px) 100vw, 960px\" \/> <img loading=\"lazy\" decoding=\"async\" class=\"alignnone size-full wp-image-7872\" src=\"http:\/\/spp3.slawno.pl\/wp-content\/uploads\/2021\/06\/c16.jpg\" alt=\"Uczniowie podczas wycieczki do Doliny Charlotty\" width=\"960\" height=\"720\" srcset=\"http:\/\/spp3.slawno.pl\/wp-content\/uploads\/2021\/06\/c16.jpg 960w, http:\/\/spp3.slawno.pl\/wp-content\/uploads\/2021\/06\/c16-300x225.jpg 300w, http:\/\/spp3.slawno.pl\/wp-content\/uploads\/2021\/06\/c16-768x576.jpg 768w, http:\/\/spp3.slawno.pl\/wp-content\/uploads\/2021\/06\/c16-678x509.jpg 678w, http:\/\/spp3.slawno.pl\/wp-content\/uploads\/2021\/06\/c16-326x245.jpg 326w, http:\/\/spp3.slawno.pl\/wp-content\/uploads\/2021\/06\/c16-80x60.jpg 80w\" sizes=\"(max-width: 960px) 100vw, 960px\" \/> <img loading=\"lazy\" decoding=\"async\" class=\"alignnone size-full wp-image-7873\" src=\"http:\/\/spp3.slawno.pl\/wp-content\/uploads\/2021\/06\/c17.jpg\" alt=\"Uczniowie podczas wycieczki do Doliny Charlotty\" width=\"960\" height=\"720\" srcset=\"http:\/\/spp3.slawno.pl\/wp-content\/uploads\/2021\/06\/c17.jpg 960w, http:\/\/spp3.slawno.pl\/wp-content\/uploads\/2021\/06\/c17-300x225.jpg 300w, http:\/\/spp3.slawno.pl\/wp-content\/uploads\/2021\/06\/c17-768x576.jpg 768w, http:\/\/spp3.slawno.pl\/wp-content\/uploads\/2021\/06\/c17-678x509.jpg 678w, http:\/\/spp3.slawno.pl\/wp-content\/uploads\/2021\/06\/c17-326x245.jpg 326w, http:\/\/spp3.slawno.pl\/wp-content\/uploads\/2021\/06\/c17-80x60.jpg 80w\" sizes=\"(max-width: 960px) 100vw, 960px\" \/> <img loading=\"lazy\" decoding=\"async\" class=\"alignnone size-full wp-image-7874\" src=\"http:\/\/spp3.slawno.pl\/wp-content\/uploads\/2021\/06\/c18.jpg\" alt=\"Uczniowie podczas wycieczki do Doliny Charlotty\" width=\"960\" height=\"720\" srcset=\"http:\/\/spp3.slawno.pl\/wp-content\/uploads\/2021\/06\/c18.jpg 960w, http:\/\/spp3.slawno.pl\/wp-content\/uploads\/2021\/06\/c18-300x225.jpg 300w, http:\/\/spp3.slawno.pl\/wp-content\/uploads\/2021\/06\/c18-768x576.jpg 768w, http:\/\/spp3.slawno.pl\/wp-content\/uploads\/2021\/06\/c18-678x509.jpg 678w, http:\/\/spp3.slawno.pl\/wp-content\/uploads\/2021\/06\/c18-326x245.jpg 326w, http:\/\/spp3.slawno.pl\/wp-content\/uploads\/2021\/06\/c18-80x60.jpg 80w\" sizes=\"(max-width: 960px) 100vw, 960px\" \/><\/p>\n","protected":false},"excerpt":{"rendered":"<div class=\"mh-excerpt\"><p>Wycieczka klasowa uczni\u00f3w 3 c do Doliny Charlotty. Ogr\u00f3d zoologiczny. Ca\u0142kiem spora atrakcja, z wieloma gatunkami zwierz\u0105t, do tego ogl\u0105dali\u015bmy cz\u0119\u015b\u0107 ogrodu z \u0142\u00f3dki. A <a class=\"mh-excerpt-more\" href=\"http:\/\/spp3.slawno.pl\/?p=7867\" title=\"Wycieczka 3c do Doliny Charlotty\">[&#8230;]<\/a><\/p>\n<\/div>","protected":false},"author":2,"featured_media":7875,"comment_status":"closed","ping_status":"open","sticky":false,"template":"","format":"standard","meta":{"footnotes":""},"categories":[8],"tags":[],"class_list":["post-7867","post","type-post","status-publish","format-standard","has-post-thumbnail","hentry","category-wydarzenia"],"_links":{"self":[{"href":"http:\/\/spp3.slawno.pl\/index.php?rest_route=\/wp\/v2\/posts\/7867"}],"collection":[{"href":"http:\/\/spp3.slawno.pl\/index.php?rest_route=\/wp\/v2\/posts"}],"about":[{"href":"http:\/\/spp3.slawno.pl\/index.php?rest_route=\/wp\/v2\/types\/post"}],"author":[{"embeddable":true,"href":"http:\/\/spp3.slawno.pl\/index.php?rest_route=\/wp\/v2\/users\/2"}],"replies":[{"embeddable":true,"href":"http:\/\/spp3.slawno.pl\/index.php?rest_route=%2Fwp%2Fv2%2Fcomments&post=7867"}],"version-history":[{"count":2,"href":"http:\/\/spp3.slawno.pl\/index.php?rest_route=\/wp\/v2\/posts\/7867\/revisions"}],"predecessor-version":[{"id":8388,"href":"http:\/\/spp3.slawno.pl\/index.php?rest_route=\/wp\/v2\/posts\/7867\/revisions\/8388"}],"wp:featuredmedia":[{"embeddable":true,"href":"http:\/\/spp3.slawno.pl\/index.php?rest_route=\/wp\/v2\/media\/7875"}],"wp:attachment":[{"href":"http:\/\/spp3.slawno.pl\/index.php?rest_route=%2Fwp%2Fv2%2Fmedia&parent=7867"}],"wp:term":[{"taxonomy":"category","embeddable":true,"href":"http:\/\/spp3.slawno.pl\/index.php?rest_route=%2Fwp%2Fv2%2Fcategories&post=7867"},{"taxonomy":"post_tag","embeddable":true,"href":"http:\/\/spp3.slawno.pl\/index.php?rest_route=%2Fwp%2Fv2%2Ftags&post=7867"}],"curies":[{"name":"wp","href":"https:\/\/api.w.org\/{rel}","templated":true}]}}