{"id":7914,"date":"2021-06-11T19:25:08","date_gmt":"2021-06-11T17:25:08","guid":{"rendered":"http:\/\/spp3.slawno.pl\/?p=7914"},"modified":"2021-06-11T19:25:08","modified_gmt":"2021-06-11T17:25:08","slug":"miejska-biblioteka-publiczna-zaprasza-na-zajecia-wakacyjne","status":"publish","type":"post","link":"http:\/\/spp3.slawno.pl\/?p=7914","title":{"rendered":"Miejska Biblioteka Publiczna zaprasza na zaj\u0119cia wakacyjne"},"content":{"rendered":"<div class=\"dati1w0a hv4rvrfc osnr6wyh\">\n<div class=\"btwxx1t3 j83agx80 cwj9ozl2\">\n<div class=\"j83agx80 cbu4d94t ew0dbk1b irj2b8pg\">\n<div class=\"qzhwtbm6 knvmm38d\">\n<h3 class=\"gmql0nx0 l94mrbxd p1ri9a11 lzcic4wl aahdfvyu hzawbc8m\" dir=\"auto\"><span class=\"nc684nl6\"><a class=\"oajrlxb2 g5ia77u1 qu0x051f esr5mh6w e9989ue4 r7d6kgcz rq0escxv nhd2j8a9 nc684nl6 p7hjln8o kvgmc6g5 cxmmr5t8 oygrvhab hcukyx3x jb3vyjys rz4wbd8a qt6c0cv9 a8nywdso i1ao9s8h esuyzwwr f1sip0of lzcic4wl oo9gr5id gpro0wi8 lrazzd5p\" tabindex=\"0\" role=\"link\" href=\"https:\/\/www.facebook.com\/miejskabiblioteka.publiczna.1\/?__cft__[0]=AZWSZbuWuZSmIVnIkFZbMLpfrOqtHDe0Q-WifkJGUYNArJ5w2UAudt6It2qRcC0k-rkTQEBRXPKTMyMDfDAWufatzUtMB1bOrOEezAUQKL1l8eM2eoRZmWLFr5coHQC2GEVWLFVbRCeIwdG4B1FSszyliqTAGh6FRlqPX1LAF5Fjog&amp;__tn__=-UC%2CP-y-R\"><strong>Miejska Biblioteka Publiczna w S\u0142awnie<\/strong><\/a><\/span><\/h3>\n<\/div>\n<\/div>\n<\/div>\n<\/div>\n<div class=\"\" dir=\"auto\">\n<div class=\"\" dir=\"auto\">\n<div class=\"ecm0bbzt hv4rvrfc ihqw7lf3 dati1w0a\" data-ad-comet-preview=\"message\" data-ad-preview=\"message\">\n<div class=\"j83agx80 cbu4d94t ew0dbk1b irj2b8pg\">\n<div class=\"qzhwtbm6 knvmm38d\">\n<div class=\"kvgmc6g5 cxmmr5t8 oygrvhab hcukyx3x c1et5uql ii04i59q\">\n<div dir=\"auto\">&#8222;W poszukiwaniu le\u015bnych sekret\u00f3w&#8221; &#8211; wakacje w bibliotece<\/div>\n<\/div>\n<div class=\"o9v6fnle cxmmr5t8 oygrvhab hcukyx3x c1et5uql ii04i59q\">\n<div dir=\"auto\">Przed nami d\u0142ugo wyczekiwane, upragnione wakacje wype\u0142nione beztrosk\u0105 zabaw\u0105 i fascynuj\u0105cymi przygodami.<\/div>\n<\/div>\n<div class=\"o9v6fnle cxmmr5t8 oygrvhab hcukyx3x c1et5uql ii04i59q\">\n<div dir=\"auto\">Miejska Biblioteka Publiczna w S\u0142awnie zaprasza dzieci z rocznika 2011 &#8211; 2014 na zaj\u0119cia wakacyjne. Bez kork\u00f3w, t\u0142umu, na \u0142onie natury i w otoczeniu le\u015bnej scenerii.<\/div>\n<\/div>\n<div class=\"o9v6fnle cxmmr5t8 oygrvhab hcukyx3x c1et5uql ii04i59q\">\n<div dir=\"auto\">Odwied\u017acie z nami magiczny \u015bwiat le\u015bnych zwierz\u0105t, pe\u0142en zieleni, \u015bpiewu ptak\u00f3w, czystego powietrza, spokoju i pi\u0119kna.<\/div>\n<\/div>\n<div class=\"o9v6fnle cxmmr5t8 oygrvhab hcukyx3x c1et5uql ii04i59q\">\n<div dir=\"auto\">Zapisy na zaj\u0119cia od 14 czerwca 2021 r. (poniedzia\u0142ek) w Dziale dla Dzieci i M\u0142odzie\u017cy MBP w S\u0142awnie lub telefonicznie pod numerem 515 391 328.<\/div>\n<\/div>\n<div class=\"o9v6fnle cxmmr5t8 oygrvhab hcukyx3x c1et5uql ii04i59q\">\n<div dir=\"auto\">Program oraz regulamin wakacji wraz z za\u0142\u0105cznikami do pobrania na stronie internetowej biblioteki<\/div>\n<div dir=\"auto\"><a class=\"oajrlxb2 g5ia77u1 qu0x051f esr5mh6w e9989ue4 r7d6kgcz rq0escxv nhd2j8a9 nc684nl6 p7hjln8o kvgmc6g5 cxmmr5t8 oygrvhab hcukyx3x jb3vyjys rz4wbd8a qt6c0cv9 a8nywdso i1ao9s8h esuyzwwr f1sip0of lzcic4wl py34i1dx gpro0wi8\" tabindex=\"0\" role=\"link\" href=\"http:\/\/biblioteka1.slawno.pl\/index.php\/2021\/06\/11\/w-poszukiwaniu-lesnych-sekretow-wakacje-w-bibliotece\/?fbclid=IwAR3KgWBW8RxZUU6AWEK2pVpIBa4PZXi0xxSQz4H4qyvZ5naE-CX6SQHIh7k\" target=\"_blank\" rel=\"nofollow noopener\">http:\/\/biblioteka1.slawno.pl\/&#8230;\/w-poszukiwaniu-lesnych&#8230;\/<\/a><\/div>\n<div dir=\"auto\"><img loading=\"lazy\" decoding=\"async\" class=\"alignnone size-large wp-image-7915\" src=\"http:\/\/spp3.slawno.pl\/wp-content\/uploads\/2021\/06\/1-6-768x1024.jpg\" alt=\"Plakat-biblioteka\" width=\"768\" height=\"1024\" srcset=\"http:\/\/spp3.slawno.pl\/wp-content\/uploads\/2021\/06\/1-6-768x1024.jpg 768w, http:\/\/spp3.slawno.pl\/wp-content\/uploads\/2021\/06\/1-6-225x300.jpg 225w, http:\/\/spp3.slawno.pl\/wp-content\/uploads\/2021\/06\/1-6.jpg 1008w\" sizes=\"(max-width: 768px) 100vw, 768px\" \/><\/div>\n<\/div>\n<\/div>\n<\/div>\n<\/div>\n<\/div>\n<\/div>\n","protected":false},"excerpt":{"rendered":"<div class=\"mh-excerpt\"><p>Miejska Biblioteka Publiczna w S\u0142awnie &#8222;W poszukiwaniu le\u015bnych sekret\u00f3w&#8221; &#8211; wakacje w bibliotece Przed nami d\u0142ugo wyczekiwane, upragnione wakacje wype\u0142nione beztrosk\u0105 zabaw\u0105 i fascynuj\u0105cymi przygodami. <a class=\"mh-excerpt-more\" href=\"http:\/\/spp3.slawno.pl\/?p=7914\" title=\"Miejska Biblioteka Publiczna zaprasza na zaj\u0119cia wakacyjne\">[&#8230;]<\/a><\/p>\n<\/div>","protected":false},"author":2,"featured_media":7915,"comment_status":"closed","ping_status":"open","sticky":false,"template":"","format":"standard","meta":{"footnotes":""},"categories":[8],"tags":[],"class_list":["post-7914","post","type-post","status-publish","format-standard","has-post-thumbnail","hentry","category-wydarzenia"],"_links":{"self":[{"href":"http:\/\/spp3.slawno.pl\/index.php?rest_route=\/wp\/v2\/posts\/7914"}],"collection":[{"href":"http:\/\/spp3.slawno.pl\/index.php?rest_route=\/wp\/v2\/posts"}],"about":[{"href":"http:\/\/spp3.slawno.pl\/index.php?rest_route=\/wp\/v2\/types\/post"}],"author":[{"embeddable":true,"href":"http:\/\/spp3.slawno.pl\/index.php?rest_route=\/wp\/v2\/users\/2"}],"replies":[{"embeddable":true,"href":"http:\/\/spp3.slawno.pl\/index.php?rest_route=%2Fwp%2Fv2%2Fcomments&post=7914"}],"version-history":[{"count":1,"href":"http:\/\/spp3.slawno.pl\/index.php?rest_route=\/wp\/v2\/posts\/7914\/revisions"}],"predecessor-version":[{"id":7916,"href":"http:\/\/spp3.slawno.pl\/index.php?rest_route=\/wp\/v2\/posts\/7914\/revisions\/7916"}],"wp:featuredmedia":[{"embeddable":true,"href":"http:\/\/spp3.slawno.pl\/index.php?rest_route=\/wp\/v2\/media\/7915"}],"wp:attachment":[{"href":"http:\/\/spp3.slawno.pl\/index.php?rest_route=%2Fwp%2Fv2%2Fmedia&parent=7914"}],"wp:term":[{"taxonomy":"category","embeddable":true,"href":"http:\/\/spp3.slawno.pl\/index.php?rest_route=%2Fwp%2Fv2%2Fcategories&post=7914"},{"taxonomy":"post_tag","embeddable":true,"href":"http:\/\/spp3.slawno.pl\/index.php?rest_route=%2Fwp%2Fv2%2Ftags&post=7914"}],"curies":[{"name":"wp","href":"https:\/\/api.w.org\/{rel}","templated":true}]}}