{"id":7936,"date":"2021-06-11T20:21:24","date_gmt":"2021-06-11T18:21:24","guid":{"rendered":"http:\/\/spp3.slawno.pl\/?p=7936"},"modified":"2021-06-11T20:21:24","modified_gmt":"2021-06-11T18:21:24","slug":"7e-w-filharmonii-im-mieczyslawa-karlowicza","status":"publish","type":"post","link":"http:\/\/spp3.slawno.pl\/?p=7936","title":{"rendered":"7E w Filharmonii im.Mieczys\u0142awa Kar\u0142owicza"},"content":{"rendered":"<div>W \u015brod\u0119 Fiharmonia im. Mieczys\u0142awa Kar\u0142owicza w Szczecinie w trosce o nasze zdrowie zaprosi\u0142a nas na Festiwal &#8222;S\u0142ysz\u0119 dobre d\u017awi\u0119ki&#8221;. Podczas spotkania nie tylko s\u0142uchali\u015bmy muzyki, dowiedzieli\u015bmy si\u0119 ,\u017ce ha\u0142as \u017ale wp\u0142ywa na nasz s\u0142uch, niszczy kom\u00f3rki czuciowe w uchu wewn\u0119trznym, pojawiaj\u0105 si\u0119 b\u00f3le g\u0142owy, szumy w uszach ,a nawet zawroty g\u0142owy. Dowiedzieli\u015bmy si\u0119 jak dba\u0107 o nasze uszy, odwiedzili\u015bmy Miasteczko Dobrych D\u017awi\u0119k\u00f3w oraz wirtualnie zwiedzili\u015bmy Filharmoni\u0119.<\/div>\n<div><\/div>\n<div>Link do zaproszenia na spotkania:<\/div>\n<div><a href=\"https:\/\/fb.watch\/62MbZnk4ZD\/\" rel=\"noopener noreferrer\" data-saferedirecturl=\"https:\/\/zasobygwp.pl\/redirect?sig=77c33dd3c4048906fd084686faac062a0f521872ca596232cd19d0dc27e86b62&amp;url=aHR0cHM6Ly9mYi53YXRjaC82Mk1iWm5rNFpELw==&amp;platform=desktop&amp;brand=wp\">https:\/\/fb.watch\/62MbZnk4ZD\/<\/a><img loading=\"lazy\" decoding=\"async\" class=\"alignnone size-full wp-image-7937\" src=\"http:\/\/spp3.slawno.pl\/wp-content\/uploads\/2021\/06\/Filharmonia1.jpg\" alt=\"Filharmonia Szczecin\" width=\"1000\" height=\"628\" srcset=\"http:\/\/spp3.slawno.pl\/wp-content\/uploads\/2021\/06\/Filharmonia1.jpg 1000w, http:\/\/spp3.slawno.pl\/wp-content\/uploads\/2021\/06\/Filharmonia1-300x188.jpg 300w, http:\/\/spp3.slawno.pl\/wp-content\/uploads\/2021\/06\/Filharmonia1-768x482.jpg 768w\" sizes=\"(max-width: 1000px) 100vw, 1000px\" \/> <img loading=\"lazy\" decoding=\"async\" class=\"alignnone size-full wp-image-7938\" src=\"http:\/\/spp3.slawno.pl\/wp-content\/uploads\/2021\/06\/Filharmonia2.jpg\" alt=\"Filharmonia Szczecin\" width=\"450\" height=\"300\" srcset=\"http:\/\/spp3.slawno.pl\/wp-content\/uploads\/2021\/06\/Filharmonia2.jpg 450w, http:\/\/spp3.slawno.pl\/wp-content\/uploads\/2021\/06\/Filharmonia2-300x200.jpg 300w\" sizes=\"(max-width: 450px) 100vw, 450px\" \/><\/div>\n","protected":false},"excerpt":{"rendered":"<div class=\"mh-excerpt\"><p>W \u015brod\u0119 Fiharmonia im. Mieczys\u0142awa Kar\u0142owicza w Szczecinie w trosce o nasze zdrowie zaprosi\u0142a nas na Festiwal &#8222;S\u0142ysz\u0119 dobre d\u017awi\u0119ki&#8221;. Podczas spotkania nie tylko s\u0142uchali\u015bmy <a class=\"mh-excerpt-more\" href=\"http:\/\/spp3.slawno.pl\/?p=7936\" title=\"7E w Filharmonii im.Mieczys\u0142awa Kar\u0142owicza\">[&#8230;]<\/a><\/p>\n<\/div>","protected":false},"author":2,"featured_media":7938,"comment_status":"closed","ping_status":"open","sticky":false,"template":"","format":"standard","meta":{"footnotes":""},"categories":[8],"tags":[],"class_list":["post-7936","post","type-post","status-publish","format-standard","has-post-thumbnail","hentry","category-wydarzenia"],"_links":{"self":[{"href":"http:\/\/spp3.slawno.pl\/index.php?rest_route=\/wp\/v2\/posts\/7936"}],"collection":[{"href":"http:\/\/spp3.slawno.pl\/index.php?rest_route=\/wp\/v2\/posts"}],"about":[{"href":"http:\/\/spp3.slawno.pl\/index.php?rest_route=\/wp\/v2\/types\/post"}],"author":[{"embeddable":true,"href":"http:\/\/spp3.slawno.pl\/index.php?rest_route=\/wp\/v2\/users\/2"}],"replies":[{"embeddable":true,"href":"http:\/\/spp3.slawno.pl\/index.php?rest_route=%2Fwp%2Fv2%2Fcomments&post=7936"}],"version-history":[{"count":1,"href":"http:\/\/spp3.slawno.pl\/index.php?rest_route=\/wp\/v2\/posts\/7936\/revisions"}],"predecessor-version":[{"id":7939,"href":"http:\/\/spp3.slawno.pl\/index.php?rest_route=\/wp\/v2\/posts\/7936\/revisions\/7939"}],"wp:featuredmedia":[{"embeddable":true,"href":"http:\/\/spp3.slawno.pl\/index.php?rest_route=\/wp\/v2\/media\/7938"}],"wp:attachment":[{"href":"http:\/\/spp3.slawno.pl\/index.php?rest_route=%2Fwp%2Fv2%2Fmedia&parent=7936"}],"wp:term":[{"taxonomy":"category","embeddable":true,"href":"http:\/\/spp3.slawno.pl\/index.php?rest_route=%2Fwp%2Fv2%2Fcategories&post=7936"},{"taxonomy":"post_tag","embeddable":true,"href":"http:\/\/spp3.slawno.pl\/index.php?rest_route=%2Fwp%2Fv2%2Ftags&post=7936"}],"curies":[{"name":"wp","href":"https:\/\/api.w.org\/{rel}","templated":true}]}}