{"id":7946,"date":"2021-06-11T20:50:56","date_gmt":"2021-06-11T18:50:56","guid":{"rendered":"http:\/\/spp3.slawno.pl\/?p=7946"},"modified":"2021-06-11T20:50:56","modified_gmt":"2021-06-11T18:50:56","slug":"konkurs-plastyczny-swietlica-szkolna","status":"publish","type":"post","link":"http:\/\/spp3.slawno.pl\/?p=7946","title":{"rendered":"Konkurs plastyczny- \u015bwietlica szkolna"},"content":{"rendered":"<div>Z okazji obchodz\u0105cego 22 maja Dnia Praw Zwierz\u0105t na \u015bwietlicy szkolnej zosta\u0142 zorganizowany konkurs plastyczny dla klas 1-3 pt.,, Zwierz\u0119ta kochamy i zawsze o nie dbamy&#8221;. Wp\u0142yn\u0119\u0142o bardzo du\u017co prac za co wszystkim uczestnikom dzi\u0119kujemy.<\/div>\n<div>Jury po naradach nagrodzi\u0142o nast\u0119puj\u0105ce osoby:<\/div>\n<div>I MIEJSCE Lena Ga\u0142kowska klasa II B<\/div>\n<div>II MIEJSCE Julia Markiewicz klasa III C<\/div>\n<div>III MIEJSCE Zofia Kowalik klasa I A<\/div>\n<div><\/div>\n<div>Gratulujemy;)<\/div>\n<div><img loading=\"lazy\" decoding=\"async\" class=\"alignnone size-large wp-image-7947\" src=\"http:\/\/spp3.slawno.pl\/wp-content\/uploads\/2021\/06\/z3-1-320x1024.jpg\" alt=\"Dzieci i ich prace\" width=\"320\" height=\"1024\" srcset=\"http:\/\/spp3.slawno.pl\/wp-content\/uploads\/2021\/06\/z3-1-320x1024.jpg 320w, http:\/\/spp3.slawno.pl\/wp-content\/uploads\/2021\/06\/z3-1-94x300.jpg 94w, http:\/\/spp3.slawno.pl\/wp-content\/uploads\/2021\/06\/z3-1.jpg 378w\" sizes=\"(max-width: 320px) 100vw, 320px\" \/> <img loading=\"lazy\" decoding=\"async\" class=\"alignnone size-full wp-image-7948\" src=\"http:\/\/spp3.slawno.pl\/wp-content\/uploads\/2021\/06\/z4-1.jpg\" alt=\"Prace dzieci z plastyki\" width=\"778\" height=\"681\" srcset=\"http:\/\/spp3.slawno.pl\/wp-content\/uploads\/2021\/06\/z4-1.jpg 778w, http:\/\/spp3.slawno.pl\/wp-content\/uploads\/2021\/06\/z4-1-300x263.jpg 300w, http:\/\/spp3.slawno.pl\/wp-content\/uploads\/2021\/06\/z4-1-768x672.jpg 768w\" sizes=\"(max-width: 778px) 100vw, 778px\" \/> <img loading=\"lazy\" decoding=\"async\" class=\"alignnone size-full wp-image-7949\" src=\"http:\/\/spp3.slawno.pl\/wp-content\/uploads\/2021\/06\/z5-1.jpg\" alt=\"Dzieci i ich prace\" width=\"724\" height=\"678\" srcset=\"http:\/\/spp3.slawno.pl\/wp-content\/uploads\/2021\/06\/z5-1.jpg 724w, http:\/\/spp3.slawno.pl\/wp-content\/uploads\/2021\/06\/z5-1-300x281.jpg 300w\" sizes=\"(max-width: 724px) 100vw, 724px\" \/> <img loading=\"lazy\" decoding=\"async\" class=\"alignnone size-large wp-image-7950\" src=\"http:\/\/spp3.slawno.pl\/wp-content\/uploads\/2021\/06\/z6-1-576x1024.jpg\" alt=\"Dzieci i ich prace\" width=\"576\" height=\"1024\" srcset=\"http:\/\/spp3.slawno.pl\/wp-content\/uploads\/2021\/06\/z6-1-576x1024.jpg 576w, http:\/\/spp3.slawno.pl\/wp-content\/uploads\/2021\/06\/z6-1-169x300.jpg 169w, http:\/\/spp3.slawno.pl\/wp-content\/uploads\/2021\/06\/z6-1.jpg 681w\" sizes=\"(max-width: 576px) 100vw, 576px\" \/> <img loading=\"lazy\" decoding=\"async\" class=\"alignnone size-large wp-image-7951\" src=\"http:\/\/spp3.slawno.pl\/wp-content\/uploads\/2021\/06\/z7-1-576x1024.jpg\" alt=\"Dzieci i ich prace\" width=\"576\" height=\"1024\" srcset=\"http:\/\/spp3.slawno.pl\/wp-content\/uploads\/2021\/06\/z7-1-576x1024.jpg 576w, http:\/\/spp3.slawno.pl\/wp-content\/uploads\/2021\/06\/z7-1-169x300.jpg 169w, http:\/\/spp3.slawno.pl\/wp-content\/uploads\/2021\/06\/z7-1.jpg 681w\" sizes=\"(max-width: 576px) 100vw, 576px\" \/> <img loading=\"lazy\" decoding=\"async\" class=\"alignnone size-large wp-image-7952\" src=\"http:\/\/spp3.slawno.pl\/wp-content\/uploads\/2021\/06\/z8-1-1024x576.jpg\" alt=\"Dzieci i ich prace\" width=\"1024\" height=\"576\" srcset=\"http:\/\/spp3.slawno.pl\/wp-content\/uploads\/2021\/06\/z8-1-1024x576.jpg 1024w, http:\/\/spp3.slawno.pl\/wp-content\/uploads\/2021\/06\/z8-1-300x169.jpg 300w, http:\/\/spp3.slawno.pl\/wp-content\/uploads\/2021\/06\/z8-1-768x432.jpg 768w, http:\/\/spp3.slawno.pl\/wp-content\/uploads\/2021\/06\/z8-1-678x381.jpg 678w, http:\/\/spp3.slawno.pl\/wp-content\/uploads\/2021\/06\/z8-1.jpg 1210w\" sizes=\"(max-width: 1024px) 100vw, 1024px\" \/> <img loading=\"lazy\" decoding=\"async\" class=\"alignnone size-large wp-image-7953\" src=\"http:\/\/spp3.slawno.pl\/wp-content\/uploads\/2021\/06\/z9-1-576x1024.jpg\" alt=\"Dzieci i ich prace\" width=\"576\" height=\"1024\" srcset=\"http:\/\/spp3.slawno.pl\/wp-content\/uploads\/2021\/06\/z9-1-576x1024.jpg 576w, http:\/\/spp3.slawno.pl\/wp-content\/uploads\/2021\/06\/z9-1-169x300.jpg 169w, http:\/\/spp3.slawno.pl\/wp-content\/uploads\/2021\/06\/z9-1.jpg 681w\" sizes=\"(max-width: 576px) 100vw, 576px\" \/> <img loading=\"lazy\" decoding=\"async\" class=\"alignnone size-large wp-image-7954\" src=\"http:\/\/spp3.slawno.pl\/wp-content\/uploads\/2021\/06\/z10-1-1024x576.jpg\" alt=\"Dzieci i ich prace\" width=\"1024\" height=\"576\" srcset=\"http:\/\/spp3.slawno.pl\/wp-content\/uploads\/2021\/06\/z10-1-1024x576.jpg 1024w, http:\/\/spp3.slawno.pl\/wp-content\/uploads\/2021\/06\/z10-1-300x169.jpg 300w, http:\/\/spp3.slawno.pl\/wp-content\/uploads\/2021\/06\/z10-1-768x432.jpg 768w, http:\/\/spp3.slawno.pl\/wp-content\/uploads\/2021\/06\/z10-1-678x381.jpg 678w, http:\/\/spp3.slawno.pl\/wp-content\/uploads\/2021\/06\/z10-1.jpg 1210w\" sizes=\"(max-width: 1024px) 100vw, 1024px\" \/> <img loading=\"lazy\" decoding=\"async\" class=\"alignnone size-large wp-image-7955\" src=\"http:\/\/spp3.slawno.pl\/wp-content\/uploads\/2021\/06\/z11-1-576x1024.jpg\" alt=\"Dzieci i ich prace\" width=\"576\" height=\"1024\" srcset=\"http:\/\/spp3.slawno.pl\/wp-content\/uploads\/2021\/06\/z11-1-576x1024.jpg 576w, http:\/\/spp3.slawno.pl\/wp-content\/uploads\/2021\/06\/z11-1-169x300.jpg 169w, http:\/\/spp3.slawno.pl\/wp-content\/uploads\/2021\/06\/z11-1.jpg 681w\" sizes=\"(max-width: 576px) 100vw, 576px\" \/> <img loading=\"lazy\" decoding=\"async\" class=\"alignnone size-large wp-image-7956\" src=\"http:\/\/spp3.slawno.pl\/wp-content\/uploads\/2021\/06\/z12-1-576x1024.jpg\" alt=\"Dzieci i ich prace\" width=\"576\" height=\"1024\" srcset=\"http:\/\/spp3.slawno.pl\/wp-content\/uploads\/2021\/06\/z12-1-576x1024.jpg 576w, http:\/\/spp3.slawno.pl\/wp-content\/uploads\/2021\/06\/z12-1-169x300.jpg 169w, http:\/\/spp3.slawno.pl\/wp-content\/uploads\/2021\/06\/z12-1.jpg 681w\" sizes=\"(max-width: 576px) 100vw, 576px\" \/> <img loading=\"lazy\" decoding=\"async\" class=\"alignnone size-large wp-image-7957\" src=\"http:\/\/spp3.slawno.pl\/wp-content\/uploads\/2021\/06\/z13-1-576x1024.jpg\" alt=\"Dzieci i ich prace\" width=\"576\" height=\"1024\" srcset=\"http:\/\/spp3.slawno.pl\/wp-content\/uploads\/2021\/06\/z13-1-576x1024.jpg 576w, http:\/\/spp3.slawno.pl\/wp-content\/uploads\/2021\/06\/z13-1-169x300.jpg 169w, http:\/\/spp3.slawno.pl\/wp-content\/uploads\/2021\/06\/z13-1.jpg 681w\" sizes=\"(max-width: 576px) 100vw, 576px\" \/><\/div>\n","protected":false},"excerpt":{"rendered":"<div class=\"mh-excerpt\"><p>Z okazji obchodz\u0105cego 22 maja Dnia Praw Zwierz\u0105t na \u015bwietlicy szkolnej zosta\u0142 zorganizowany konkurs plastyczny dla klas 1-3 pt.,, Zwierz\u0119ta kochamy i zawsze o nie <a class=\"mh-excerpt-more\" href=\"http:\/\/spp3.slawno.pl\/?p=7946\" title=\"Konkurs plastyczny- \u015bwietlica szkolna\">[&#8230;]<\/a><\/p>\n<\/div>","protected":false},"author":2,"featured_media":7949,"comment_status":"closed","ping_status":"open","sticky":false,"template":"","format":"standard","meta":{"footnotes":""},"categories":[8],"tags":[],"class_list":["post-7946","post","type-post","status-publish","format-standard","has-post-thumbnail","hentry","category-wydarzenia"],"_links":{"self":[{"href":"http:\/\/spp3.slawno.pl\/index.php?rest_route=\/wp\/v2\/posts\/7946"}],"collection":[{"href":"http:\/\/spp3.slawno.pl\/index.php?rest_route=\/wp\/v2\/posts"}],"about":[{"href":"http:\/\/spp3.slawno.pl\/index.php?rest_route=\/wp\/v2\/types\/post"}],"author":[{"embeddable":true,"href":"http:\/\/spp3.slawno.pl\/index.php?rest_route=\/wp\/v2\/users\/2"}],"replies":[{"embeddable":true,"href":"http:\/\/spp3.slawno.pl\/index.php?rest_route=%2Fwp%2Fv2%2Fcomments&post=7946"}],"version-history":[{"count":1,"href":"http:\/\/spp3.slawno.pl\/index.php?rest_route=\/wp\/v2\/posts\/7946\/revisions"}],"predecessor-version":[{"id":7958,"href":"http:\/\/spp3.slawno.pl\/index.php?rest_route=\/wp\/v2\/posts\/7946\/revisions\/7958"}],"wp:featuredmedia":[{"embeddable":true,"href":"http:\/\/spp3.slawno.pl\/index.php?rest_route=\/wp\/v2\/media\/7949"}],"wp:attachment":[{"href":"http:\/\/spp3.slawno.pl\/index.php?rest_route=%2Fwp%2Fv2%2Fmedia&parent=7946"}],"wp:term":[{"taxonomy":"category","embeddable":true,"href":"http:\/\/spp3.slawno.pl\/index.php?rest_route=%2Fwp%2Fv2%2Fcategories&post=7946"},{"taxonomy":"post_tag","embeddable":true,"href":"http:\/\/spp3.slawno.pl\/index.php?rest_route=%2Fwp%2Fv2%2Ftags&post=7946"}],"curies":[{"name":"wp","href":"https:\/\/api.w.org\/{rel}","templated":true}]}}