{"id":7959,"date":"2021-06-11T21:47:02","date_gmt":"2021-06-11T19:47:02","guid":{"rendered":"http:\/\/spp3.slawno.pl\/?p=7959"},"modified":"2021-06-11T21:47:02","modified_gmt":"2021-06-11T19:47:02","slug":"wycieczka-szkolna-klasy-ii-b-p-liliany-blachni","status":"publish","type":"post","link":"http:\/\/spp3.slawno.pl\/?p=7959","title":{"rendered":"Wycieczka szkolna klasy II B p.Liliany B\u0142achni"},"content":{"rendered":"<p align=\"RIGHT\"><span class=\"gwp4d3ef9b6_colour\">\u201e<span class=\"gwp4d3ef9b6_font\"><span class=\"gwp4d3ef9b6_size\">Przygoda, przygoda ka\u017cdej chwili szkoda&#8230;\u201d<\/span><\/span><\/span><\/p>\n<p><span class=\"gwp4d3ef9b6_colour\"><span class=\"gwp4d3ef9b6_font\"><span class=\"gwp4d3ef9b6_size\">Dnia 9 czerwca 2021 r. uczniowie klasy II b wraz z wychowawc\u0105, wybrali si\u0119 na wycieczk\u0119 do Jaros\u0142awca. Nasza Pani zaplanowa\u0142a wiele atrakcji. Najwi\u0119cej emocji wzbudzi\u0142o wej\u015bcie na Latarni\u0119 Morsk\u0105, z kt\u00f3rej dzieci podziwia\u0142y widok pe\u0142nego morza. Dodatkow\u0105 atrakcj\u0105 by\u0142a wizyta w pizzerii \u201eU Ola\u201d, w kt\u00f3rej zaserwowano nam bardzo smaczn\u0105 pizz\u0119. W drodze powrotnej odwiedzili\u015bmy Muzeum Bursztynu, w kt\u00f3rym podziwiali\u015bmy muzealne ekspozycje: bursztynowy las, kopalni\u0119 oraz inkluzje. Dzi\u0119ki ciekawemu wprowadzeniu przez Pani\u0105 przewodnik, mieli\u015bmy okazj\u0119 zag\u0142\u0119bi\u0107 si\u0119 w \u015bwiat tego niezwyk\u0142ego minera\u0142u. Wielk\u0105 frajd\u0105 by\u0142 odpoczynek na pla\u017cy, gdzie nie zabrak\u0142o swobodnej zabawy w przyjaznej i radosnej atmosferze. Pogoda by\u0142a wy\u015bmienita \u2013 s\u0142o\u0144ce, b\u0142\u0119kit nieba i lekki wiatr od morza.<\/span><\/span><\/span><\/p>\n<div><span class=\"gwp4d3ef9b6_colour\"><span class=\"gwp4d3ef9b6_font\"><span class=\"gwp4d3ef9b6_size\">Po wizycie na pla\u017cy nie mog\u0142o zabrakn\u0105\u0107 odwiedzin w miejscowej lodziarni oraz w sklepie z pami\u0105tkami. Zm\u0119czeni, ale szcz\u0119\u015bliwi i pe\u0142ni wra\u017ce\u0144 wr\u00f3cili\u015bmy do szko\u0142y. Oczywi\u015bcie nie by\u0142oby tego wszystkiego bez nieocenionej i bezinteresownej pomocy darczy\u0144c\u00f3w. Sk\u0142adamy serdeczne podzi\u0119kowania wszystkim rodzicom zaanga\u017cowanym w to wydarzenie oraz:<\/span><\/span><\/span><\/div>\n<p><span class=\"gwp4d3ef9b6_colour\"><span class=\"gwp4d3ef9b6_font\"><span class=\"gwp4d3ef9b6_size\">-Pa\u0144stwu Ewelinie i Maksymilianowi Kwiatkowskim za wspania\u0142\u0105 lekcj\u0119 z genezy bursztynu;<\/span><\/span><\/span><\/p>\n<p><span class=\"gwp4d3ef9b6_colour\"><span class=\"gwp4d3ef9b6_font\"><span class=\"gwp4d3ef9b6_size\">-Pa\u0144stwu Agacie i Aleksandrowi Klyta za przepyszn\u0105 pizz\u0119;<\/span><\/span><\/span><\/p>\n<p><span class=\"gwp4d3ef9b6_colour\"><span class=\"gwp4d3ef9b6_font\"><span class=\"gwp4d3ef9b6_size\">-Panu \u0141ukaszowi \u017buchowskiemu za niezapomniane wra\u017cenia na Latarni Morskiej;<\/span><\/span><\/span><\/p>\n<p><span class=\"gwp4d3ef9b6_colour\"><span class=\"gwp4d3ef9b6_font\"><span class=\"gwp4d3ef9b6_size\">\u00a0 \u00a0 \u00a0 \u00a0 \u00a0 \u00a0 \u00a0 \u00a0 \u00a0 \u00a0 \u00a0 \u00a0 \u00a0 \u00a0 \u00a0 \u00a0 \u00a0 \u00a0 \u00a0 \u00a0 \u00a0 \u00a0 \u00a0 \u00a0 \u00a0 \u00a0 \u00a0 \u00a0 \u00a0 \u00a0 \u00a0 \u00a0 \u00a0 \u00a0 \u00a0 \u00a0 \u00a0 \u00a0 \u00a0 \u00a0 \u00a0 \u00a0 \u00a0 \u00a0 \u00a0 \u00a0 Dzi\u0119kujemy<\/span><\/span><\/span><\/p>\n<div><span class=\"gwp4d3ef9b6_colour\"><span class=\"gwp4d3ef9b6_font\"><span class=\"gwp4d3ef9b6_size\">\u00a0 \u00a0 \u00a0 \u00a0 \u00a0 \u00a0 \u00a0 \u00a0 \u00a0 \u00a0 \u00a0 \u00a0 \u00a0 \u00a0 \u00a0 \u00a0 \u00a0 \u00a0 \u00a0 \u00a0 \u00a0 \u00a0 \u00a0 \u00a0 \u00a0 \u00a0 \u00a0 \u00a0 \u00a0 \u00a0 \u00a0 \u00a0 \u00a0 \u00a0 \u00a0 \u00a0 \u00a0 \u00a0 \u00a0 \u00a0 \u00a0 \u00a0 \u00a0 \u00a0 \u00a0 \u00a0 \u00a0 \u00a0 \u00a0 \u00a0 \u00a0 \u00a0 \u00a0 \u00a0 \u00a0 \u00a0 \u00a0 \u00a0 wychowawca Liliana B\u0142achnia i uczniowie klasy II B<\/span><\/span><\/span><\/div>\n<div><img loading=\"lazy\" decoding=\"async\" class=\"alignnone size-full wp-image-7960\" src=\"http:\/\/spp3.slawno.pl\/wp-content\/uploads\/2021\/06\/x1.jpg\" alt=\"Uczniowie jedz\u0105cy pizz\u0119\" width=\"599\" height=\"800\" srcset=\"http:\/\/spp3.slawno.pl\/wp-content\/uploads\/2021\/06\/x1.jpg 599w, http:\/\/spp3.slawno.pl\/wp-content\/uploads\/2021\/06\/x1-225x300.jpg 225w\" sizes=\"(max-width: 599px) 100vw, 599px\" \/> <img loading=\"lazy\" decoding=\"async\" class=\"alignnone size-full wp-image-7961\" src=\"http:\/\/spp3.slawno.pl\/wp-content\/uploads\/2021\/06\/x2.jpg\" alt=\"Uczniowie jedz\u0105cy pizz\u0119\" width=\"599\" height=\"800\" srcset=\"http:\/\/spp3.slawno.pl\/wp-content\/uploads\/2021\/06\/x2.jpg 599w, http:\/\/spp3.slawno.pl\/wp-content\/uploads\/2021\/06\/x2-225x300.jpg 225w\" sizes=\"(max-width: 599px) 100vw, 599px\" \/> <img loading=\"lazy\" decoding=\"async\" class=\"alignnone size-full wp-image-7962\" src=\"http:\/\/spp3.slawno.pl\/wp-content\/uploads\/2021\/06\/x3.jpg\" alt=\"Uczniowie jedz\u0105cy pizz\u0119\" width=\"599\" height=\"800\" srcset=\"http:\/\/spp3.slawno.pl\/wp-content\/uploads\/2021\/06\/x3.jpg 599w, http:\/\/spp3.slawno.pl\/wp-content\/uploads\/2021\/06\/x3-225x300.jpg 225w\" sizes=\"(max-width: 599px) 100vw, 599px\" \/> <img loading=\"lazy\" decoding=\"async\" class=\"alignnone size-full wp-image-7963\" src=\"http:\/\/spp3.slawno.pl\/wp-content\/uploads\/2021\/06\/x4.jpg\" alt=\"Uczniowie jedz\u0105cy pizz\u0119\" width=\"599\" height=\"800\" srcset=\"http:\/\/spp3.slawno.pl\/wp-content\/uploads\/2021\/06\/x4.jpg 599w, http:\/\/spp3.slawno.pl\/wp-content\/uploads\/2021\/06\/x4-225x300.jpg 225w\" sizes=\"(max-width: 599px) 100vw, 599px\" \/> <img loading=\"lazy\" decoding=\"async\" class=\"alignnone size-full wp-image-7964\" src=\"http:\/\/spp3.slawno.pl\/wp-content\/uploads\/2021\/06\/x5.jpg\" alt=\"Uczniowie jedz\u0105cy pizz\u0119\" width=\"599\" height=\"800\" srcset=\"http:\/\/spp3.slawno.pl\/wp-content\/uploads\/2021\/06\/x5.jpg 599w, http:\/\/spp3.slawno.pl\/wp-content\/uploads\/2021\/06\/x5-225x300.jpg 225w\" sizes=\"(max-width: 599px) 100vw, 599px\" \/> <img loading=\"lazy\" decoding=\"async\" class=\"alignnone size-full wp-image-7965\" src=\"http:\/\/spp3.slawno.pl\/wp-content\/uploads\/2021\/06\/x6.jpg\" alt=\"Uczniowie jedz\u0105cy pizz\u0119\" width=\"599\" height=\"800\" srcset=\"http:\/\/spp3.slawno.pl\/wp-content\/uploads\/2021\/06\/x6.jpg 599w, http:\/\/spp3.slawno.pl\/wp-content\/uploads\/2021\/06\/x6-225x300.jpg 225w\" sizes=\"(max-width: 599px) 100vw, 599px\" \/> <img loading=\"lazy\" decoding=\"async\" class=\"alignnone size-full wp-image-7966\" src=\"http:\/\/spp3.slawno.pl\/wp-content\/uploads\/2021\/06\/x7.jpg\" alt=\"Uczniowie jedz\u0105cy pizz\u0119\" width=\"599\" height=\"800\" srcset=\"http:\/\/spp3.slawno.pl\/wp-content\/uploads\/2021\/06\/x7.jpg 599w, http:\/\/spp3.slawno.pl\/wp-content\/uploads\/2021\/06\/x7-225x300.jpg 225w\" sizes=\"(max-width: 599px) 100vw, 599px\" \/> <img loading=\"lazy\" decoding=\"async\" class=\"alignnone size-full wp-image-7967\" src=\"http:\/\/spp3.slawno.pl\/wp-content\/uploads\/2021\/06\/x8.jpg\" alt=\"Uczniowie biegaj\u0105cy po pla\u017cy\" width=\"599\" height=\"800\" srcset=\"http:\/\/spp3.slawno.pl\/wp-content\/uploads\/2021\/06\/x8.jpg 599w, http:\/\/spp3.slawno.pl\/wp-content\/uploads\/2021\/06\/x8-225x300.jpg 225w\" sizes=\"(max-width: 599px) 100vw, 599px\" \/> <img loading=\"lazy\" decoding=\"async\" class=\"alignnone size-full wp-image-7968\" src=\"http:\/\/spp3.slawno.pl\/wp-content\/uploads\/2021\/06\/x9.jpg\" alt=\"Uczniowie na wycieczce\" width=\"599\" height=\"800\" srcset=\"http:\/\/spp3.slawno.pl\/wp-content\/uploads\/2021\/06\/x9.jpg 599w, http:\/\/spp3.slawno.pl\/wp-content\/uploads\/2021\/06\/x9-225x300.jpg 225w\" sizes=\"(max-width: 599px) 100vw, 599px\" \/> <img loading=\"lazy\" decoding=\"async\" class=\"alignnone size-full wp-image-7969\" src=\"http:\/\/spp3.slawno.pl\/wp-content\/uploads\/2021\/06\/x10.jpg\" alt=\"Uczniowie przy latarni\" width=\"599\" height=\"800\" srcset=\"http:\/\/spp3.slawno.pl\/wp-content\/uploads\/2021\/06\/x10.jpg 599w, http:\/\/spp3.slawno.pl\/wp-content\/uploads\/2021\/06\/x10-225x300.jpg 225w\" sizes=\"(max-width: 599px) 100vw, 599px\" \/> <img loading=\"lazy\" decoding=\"async\" class=\"alignnone size-full wp-image-7970\" src=\"http:\/\/spp3.slawno.pl\/wp-content\/uploads\/2021\/06\/x11.jpg\" alt=\"Uczniowie w muzeum bursztynu\" width=\"599\" height=\"800\" srcset=\"http:\/\/spp3.slawno.pl\/wp-content\/uploads\/2021\/06\/x11.jpg 599w, http:\/\/spp3.slawno.pl\/wp-content\/uploads\/2021\/06\/x11-225x300.jpg 225w\" sizes=\"(max-width: 599px) 100vw, 599px\" \/> <img loading=\"lazy\" decoding=\"async\" class=\"alignnone size-full wp-image-7971\" src=\"http:\/\/spp3.slawno.pl\/wp-content\/uploads\/2021\/06\/x12.jpg\" alt=\"Uczniowie w muzeum bursztynu\" width=\"599\" height=\"800\" srcset=\"http:\/\/spp3.slawno.pl\/wp-content\/uploads\/2021\/06\/x12.jpg 599w, http:\/\/spp3.slawno.pl\/wp-content\/uploads\/2021\/06\/x12-225x300.jpg 225w\" sizes=\"(max-width: 599px) 100vw, 599px\" \/> <img loading=\"lazy\" decoding=\"async\" class=\"alignnone size-full wp-image-7972\" src=\"http:\/\/spp3.slawno.pl\/wp-content\/uploads\/2021\/06\/x13.jpg\" alt=\"Uczniowie w muzeum bursztynu\" width=\"599\" height=\"800\" srcset=\"http:\/\/spp3.slawno.pl\/wp-content\/uploads\/2021\/06\/x13.jpg 599w, http:\/\/spp3.slawno.pl\/wp-content\/uploads\/2021\/06\/x13-225x300.jpg 225w\" sizes=\"(max-width: 599px) 100vw, 599px\" \/> <img loading=\"lazy\" decoding=\"async\" class=\"alignnone size-full wp-image-7973\" src=\"http:\/\/spp3.slawno.pl\/wp-content\/uploads\/2021\/06\/x14.jpg\" alt=\"Uczniowie na lodach\" width=\"599\" height=\"800\" srcset=\"http:\/\/spp3.slawno.pl\/wp-content\/uploads\/2021\/06\/x14.jpg 599w, http:\/\/spp3.slawno.pl\/wp-content\/uploads\/2021\/06\/x14-225x300.jpg 225w\" sizes=\"(max-width: 599px) 100vw, 599px\" \/> <img loading=\"lazy\" decoding=\"async\" class=\"alignnone size-full wp-image-7974\" src=\"http:\/\/spp3.slawno.pl\/wp-content\/uploads\/2021\/06\/x15.jpg\" alt=\"Uczniowie na lodach\" width=\"599\" height=\"800\" srcset=\"http:\/\/spp3.slawno.pl\/wp-content\/uploads\/2021\/06\/x15.jpg 599w, http:\/\/spp3.slawno.pl\/wp-content\/uploads\/2021\/06\/x15-225x300.jpg 225w\" sizes=\"(max-width: 599px) 100vw, 599px\" \/><\/div>\n","protected":false},"excerpt":{"rendered":"<div class=\"mh-excerpt\"><p>\u201ePrzygoda, przygoda ka\u017cdej chwili szkoda&#8230;\u201d Dnia 9 czerwca 2021 r. uczniowie klasy II b wraz z wychowawc\u0105, wybrali si\u0119 na wycieczk\u0119 do Jaros\u0142awca. Nasza Pani <a class=\"mh-excerpt-more\" href=\"http:\/\/spp3.slawno.pl\/?p=7959\" title=\"Wycieczka szkolna klasy II B p.Liliany B\u0142achni\">[&#8230;]<\/a><\/p>\n<\/div>","protected":false},"author":2,"featured_media":7968,"comment_status":"closed","ping_status":"open","sticky":false,"template":"","format":"standard","meta":{"footnotes":""},"categories":[8],"tags":[],"class_list":["post-7959","post","type-post","status-publish","format-standard","has-post-thumbnail","hentry","category-wydarzenia"],"_links":{"self":[{"href":"http:\/\/spp3.slawno.pl\/index.php?rest_route=\/wp\/v2\/posts\/7959"}],"collection":[{"href":"http:\/\/spp3.slawno.pl\/index.php?rest_route=\/wp\/v2\/posts"}],"about":[{"href":"http:\/\/spp3.slawno.pl\/index.php?rest_route=\/wp\/v2\/types\/post"}],"author":[{"embeddable":true,"href":"http:\/\/spp3.slawno.pl\/index.php?rest_route=\/wp\/v2\/users\/2"}],"replies":[{"embeddable":true,"href":"http:\/\/spp3.slawno.pl\/index.php?rest_route=%2Fwp%2Fv2%2Fcomments&post=7959"}],"version-history":[{"count":1,"href":"http:\/\/spp3.slawno.pl\/index.php?rest_route=\/wp\/v2\/posts\/7959\/revisions"}],"predecessor-version":[{"id":7975,"href":"http:\/\/spp3.slawno.pl\/index.php?rest_route=\/wp\/v2\/posts\/7959\/revisions\/7975"}],"wp:featuredmedia":[{"embeddable":true,"href":"http:\/\/spp3.slawno.pl\/index.php?rest_route=\/wp\/v2\/media\/7968"}],"wp:attachment":[{"href":"http:\/\/spp3.slawno.pl\/index.php?rest_route=%2Fwp%2Fv2%2Fmedia&parent=7959"}],"wp:term":[{"taxonomy":"category","embeddable":true,"href":"http:\/\/spp3.slawno.pl\/index.php?rest_route=%2Fwp%2Fv2%2Fcategories&post=7959"},{"taxonomy":"post_tag","embeddable":true,"href":"http:\/\/spp3.slawno.pl\/index.php?rest_route=%2Fwp%2Fv2%2Ftags&post=7959"}],"curies":[{"name":"wp","href":"https:\/\/api.w.org\/{rel}","templated":true}]}}