{"id":7976,"date":"2021-06-13T11:24:38","date_gmt":"2021-06-13T09:24:38","guid":{"rendered":"http:\/\/spp3.slawno.pl\/?p=7976"},"modified":"2021-06-13T11:24:38","modified_gmt":"2021-06-13T09:24:38","slug":"wycieczka-klasy-2-a-do-darlowa","status":"publish","type":"post","link":"http:\/\/spp3.slawno.pl\/?p=7976","title":{"rendered":"Wycieczka klasy 2 a do Dar\u0142owa"},"content":{"rendered":"<div dir=\"auto\">W dniu 11.06.21 odby\u0142a si\u0119 wycieczka klasy 2 a do Dar\u0142owa. W programie wycieczki zosta\u0142y zorganizowane warsztaty przyrodnicze o tematyce:<\/div>\n<div dir=\"auto\">-mali komandosi. By\u0142a to emocjonuj\u0105ca zabawa w militarnym klimacie. Zagadki, zadania, gry z \u017co\u0142niersk\u0105 piosenk\u0105 w tle!<\/div>\n<div dir=\"auto\">Uczniowie poszukiwali skarbu, by\u0142a to wyprawa przez las, kt\u00f3ra po zaliczeniu licznych wyzwa\u0144 prowadzi\u0142a do ukrytego skarbu!<\/div>\n<div dir=\"auto\">Nauczyli\u015bmy si\u0119 r\u00f3wnie\u017c mini survivalu- czyli abc ma\u0142ego survivalowca, m.in. budowanie le\u015bnej bazy, rozpalanie ognia krzesiwem i wiele wi\u0119cej survivalowych zmaga\u0144!<\/div>\n<div dir=\"auto\">Dodatkowo po ca\u0142ej zabawie odby\u0142o si\u0119 ognisko . Wr\u00f3cili\u015bmy do szko\u0142y bardzo zadowoleni i szcz\u0119\u015bliwi.<\/div>\n<div dir=\"auto\"><img loading=\"lazy\" decoding=\"async\" class=\"alignnone size-full wp-image-7977\" src=\"http:\/\/spp3.slawno.pl\/wp-content\/uploads\/2021\/06\/y1.jpg\" alt=\"Uczniowie podczas wycieczki z przeszkodami\" width=\"720\" height=\"960\" srcset=\"http:\/\/spp3.slawno.pl\/wp-content\/uploads\/2021\/06\/y1.jpg 720w, http:\/\/spp3.slawno.pl\/wp-content\/uploads\/2021\/06\/y1-225x300.jpg 225w\" sizes=\"(max-width: 720px) 100vw, 720px\" \/> <img loading=\"lazy\" decoding=\"async\" class=\"alignnone size-full wp-image-7978\" src=\"http:\/\/spp3.slawno.pl\/wp-content\/uploads\/2021\/06\/y2.jpg\" alt=\"Uczniowie podczas wycieczki z przeszkodami\" width=\"720\" height=\"960\" srcset=\"http:\/\/spp3.slawno.pl\/wp-content\/uploads\/2021\/06\/y2.jpg 720w, http:\/\/spp3.slawno.pl\/wp-content\/uploads\/2021\/06\/y2-225x300.jpg 225w\" sizes=\"(max-width: 720px) 100vw, 720px\" \/> <img loading=\"lazy\" decoding=\"async\" class=\"alignnone size-full wp-image-7979\" src=\"http:\/\/spp3.slawno.pl\/wp-content\/uploads\/2021\/06\/y3.jpg\" alt=\"Uczniowie podczas wycieczki z przeszkodami\" width=\"720\" height=\"960\" srcset=\"http:\/\/spp3.slawno.pl\/wp-content\/uploads\/2021\/06\/y3.jpg 720w, http:\/\/spp3.slawno.pl\/wp-content\/uploads\/2021\/06\/y3-225x300.jpg 225w\" sizes=\"(max-width: 720px) 100vw, 720px\" \/> <img loading=\"lazy\" decoding=\"async\" class=\"alignnone size-full wp-image-7980\" src=\"http:\/\/spp3.slawno.pl\/wp-content\/uploads\/2021\/06\/y4.jpg\" alt=\"Uczniowie podczas wycieczki z przeszkodami\" width=\"720\" height=\"960\" srcset=\"http:\/\/spp3.slawno.pl\/wp-content\/uploads\/2021\/06\/y4.jpg 720w, http:\/\/spp3.slawno.pl\/wp-content\/uploads\/2021\/06\/y4-225x300.jpg 225w\" sizes=\"(max-width: 720px) 100vw, 720px\" \/> <img loading=\"lazy\" decoding=\"async\" class=\"alignnone size-full wp-image-7981\" src=\"http:\/\/spp3.slawno.pl\/wp-content\/uploads\/2021\/06\/y5.jpg\" alt=\"Uczniowie podczas wycieczki z przeszkodami\" width=\"960\" height=\"720\" srcset=\"http:\/\/spp3.slawno.pl\/wp-content\/uploads\/2021\/06\/y5.jpg 960w, http:\/\/spp3.slawno.pl\/wp-content\/uploads\/2021\/06\/y5-300x225.jpg 300w, http:\/\/spp3.slawno.pl\/wp-content\/uploads\/2021\/06\/y5-768x576.jpg 768w, http:\/\/spp3.slawno.pl\/wp-content\/uploads\/2021\/06\/y5-678x509.jpg 678w, http:\/\/spp3.slawno.pl\/wp-content\/uploads\/2021\/06\/y5-326x245.jpg 326w, http:\/\/spp3.slawno.pl\/wp-content\/uploads\/2021\/06\/y5-80x60.jpg 80w\" sizes=\"(max-width: 960px) 100vw, 960px\" \/> <img loading=\"lazy\" decoding=\"async\" class=\"alignnone size-full wp-image-7982\" src=\"http:\/\/spp3.slawno.pl\/wp-content\/uploads\/2021\/06\/y6.jpg\" alt=\"Uczniowie podczas wycieczki z przeszkodami\" width=\"720\" height=\"960\" srcset=\"http:\/\/spp3.slawno.pl\/wp-content\/uploads\/2021\/06\/y6.jpg 720w, http:\/\/spp3.slawno.pl\/wp-content\/uploads\/2021\/06\/y6-225x300.jpg 225w\" sizes=\"(max-width: 720px) 100vw, 720px\" \/> <img loading=\"lazy\" decoding=\"async\" class=\"alignnone size-full wp-image-7983\" src=\"http:\/\/spp3.slawno.pl\/wp-content\/uploads\/2021\/06\/y7.jpg\" alt=\"Uczniowie podczas wycieczki z przeszkodami\" width=\"720\" height=\"960\" srcset=\"http:\/\/spp3.slawno.pl\/wp-content\/uploads\/2021\/06\/y7.jpg 720w, http:\/\/spp3.slawno.pl\/wp-content\/uploads\/2021\/06\/y7-225x300.jpg 225w\" sizes=\"(max-width: 720px) 100vw, 720px\" \/> <img loading=\"lazy\" decoding=\"async\" class=\"alignnone size-full wp-image-7984\" src=\"http:\/\/spp3.slawno.pl\/wp-content\/uploads\/2021\/06\/y8.jpg\" alt=\"Uczniowie podczas wycieczki z przeszkodami\" width=\"720\" height=\"960\" srcset=\"http:\/\/spp3.slawno.pl\/wp-content\/uploads\/2021\/06\/y8.jpg 720w, http:\/\/spp3.slawno.pl\/wp-content\/uploads\/2021\/06\/y8-225x300.jpg 225w\" sizes=\"(max-width: 720px) 100vw, 720px\" \/> <img loading=\"lazy\" decoding=\"async\" class=\"alignnone size-full wp-image-7985\" src=\"http:\/\/spp3.slawno.pl\/wp-content\/uploads\/2021\/06\/y9.jpg\" alt=\"Uczniowie podczas wycieczki z przeszkodami\" width=\"720\" height=\"960\" srcset=\"http:\/\/spp3.slawno.pl\/wp-content\/uploads\/2021\/06\/y9.jpg 720w, http:\/\/spp3.slawno.pl\/wp-content\/uploads\/2021\/06\/y9-225x300.jpg 225w\" sizes=\"(max-width: 720px) 100vw, 720px\" \/> <img loading=\"lazy\" decoding=\"async\" class=\"alignnone size-full wp-image-7986\" src=\"http:\/\/spp3.slawno.pl\/wp-content\/uploads\/2021\/06\/y10.jpg\" alt=\"Uczniowie podczas wycieczki z przeszkodami\" width=\"720\" height=\"960\" srcset=\"http:\/\/spp3.slawno.pl\/wp-content\/uploads\/2021\/06\/y10.jpg 720w, http:\/\/spp3.slawno.pl\/wp-content\/uploads\/2021\/06\/y10-225x300.jpg 225w\" sizes=\"(max-width: 720px) 100vw, 720px\" \/> <img loading=\"lazy\" decoding=\"async\" class=\"alignnone size-full wp-image-7987\" src=\"http:\/\/spp3.slawno.pl\/wp-content\/uploads\/2021\/06\/y11.jpg\" alt=\"Uczniowie podczas wycieczki z przeszkodami\" width=\"720\" height=\"960\" srcset=\"http:\/\/spp3.slawno.pl\/wp-content\/uploads\/2021\/06\/y11.jpg 720w, http:\/\/spp3.slawno.pl\/wp-content\/uploads\/2021\/06\/y11-225x300.jpg 225w\" sizes=\"(max-width: 720px) 100vw, 720px\" \/> <img loading=\"lazy\" decoding=\"async\" class=\"alignnone size-full wp-image-7988\" src=\"http:\/\/spp3.slawno.pl\/wp-content\/uploads\/2021\/06\/y12.jpg\" alt=\"Uczniowie podczas wycieczki z przeszkodami\" width=\"720\" height=\"960\" srcset=\"http:\/\/spp3.slawno.pl\/wp-content\/uploads\/2021\/06\/y12.jpg 720w, http:\/\/spp3.slawno.pl\/wp-content\/uploads\/2021\/06\/y12-225x300.jpg 225w\" sizes=\"(max-width: 720px) 100vw, 720px\" \/> <img loading=\"lazy\" decoding=\"async\" class=\"alignnone size-full wp-image-7989\" src=\"http:\/\/spp3.slawno.pl\/wp-content\/uploads\/2021\/06\/y13.jpg\" alt=\"Uczniowie podczas wycieczki z przeszkodami\" width=\"720\" height=\"960\" srcset=\"http:\/\/spp3.slawno.pl\/wp-content\/uploads\/2021\/06\/y13.jpg 720w, http:\/\/spp3.slawno.pl\/wp-content\/uploads\/2021\/06\/y13-225x300.jpg 225w\" sizes=\"(max-width: 720px) 100vw, 720px\" \/> <img loading=\"lazy\" decoding=\"async\" class=\"alignnone size-full wp-image-7990\" src=\"http:\/\/spp3.slawno.pl\/wp-content\/uploads\/2021\/06\/y14.jpg\" alt=\"Uczniowie podczas wycieczki z przeszkodami\" width=\"720\" height=\"960\" srcset=\"http:\/\/spp3.slawno.pl\/wp-content\/uploads\/2021\/06\/y14.jpg 720w, http:\/\/spp3.slawno.pl\/wp-content\/uploads\/2021\/06\/y14-225x300.jpg 225w\" sizes=\"(max-width: 720px) 100vw, 720px\" \/> <img loading=\"lazy\" decoding=\"async\" class=\"alignnone size-full wp-image-7991\" src=\"http:\/\/spp3.slawno.pl\/wp-content\/uploads\/2021\/06\/y15.jpg\" alt=\"Uczniowie podczas wycieczki z przeszkodami\" width=\"720\" height=\"960\" srcset=\"http:\/\/spp3.slawno.pl\/wp-content\/uploads\/2021\/06\/y15.jpg 720w, http:\/\/spp3.slawno.pl\/wp-content\/uploads\/2021\/06\/y15-225x300.jpg 225w\" sizes=\"(max-width: 720px) 100vw, 720px\" \/> <img loading=\"lazy\" decoding=\"async\" class=\"alignnone size-full wp-image-7992\" src=\"http:\/\/spp3.slawno.pl\/wp-content\/uploads\/2021\/06\/y16.jpg\" alt=\"Uczniowie podczas wycieczki z przeszkodami\" width=\"720\" height=\"960\" srcset=\"http:\/\/spp3.slawno.pl\/wp-content\/uploads\/2021\/06\/y16.jpg 720w, http:\/\/spp3.slawno.pl\/wp-content\/uploads\/2021\/06\/y16-225x300.jpg 225w\" sizes=\"(max-width: 720px) 100vw, 720px\" \/> <img loading=\"lazy\" decoding=\"async\" class=\"alignnone size-full wp-image-7993\" src=\"http:\/\/spp3.slawno.pl\/wp-content\/uploads\/2021\/06\/y17.jpg\" alt=\"Uczniowie podczas wycieczki z przeszkodami\" width=\"720\" height=\"960\" srcset=\"http:\/\/spp3.slawno.pl\/wp-content\/uploads\/2021\/06\/y17.jpg 720w, http:\/\/spp3.slawno.pl\/wp-content\/uploads\/2021\/06\/y17-225x300.jpg 225w\" sizes=\"(max-width: 720px) 100vw, 720px\" \/> <img loading=\"lazy\" decoding=\"async\" class=\"alignnone size-full wp-image-7994\" src=\"http:\/\/spp3.slawno.pl\/wp-content\/uploads\/2021\/06\/y19.jpg\" alt=\"Uczniowie podczas wycieczki z przeszkodami\" width=\"720\" height=\"960\" srcset=\"http:\/\/spp3.slawno.pl\/wp-content\/uploads\/2021\/06\/y19.jpg 720w, http:\/\/spp3.slawno.pl\/wp-content\/uploads\/2021\/06\/y19-225x300.jpg 225w\" sizes=\"(max-width: 720px) 100vw, 720px\" \/> <img loading=\"lazy\" decoding=\"async\" class=\"alignnone size-full wp-image-7995\" src=\"http:\/\/spp3.slawno.pl\/wp-content\/uploads\/2021\/06\/y20.jpg\" alt=\"Uczniowie podczas wycieczki z przeszkodami\" width=\"720\" height=\"960\" srcset=\"http:\/\/spp3.slawno.pl\/wp-content\/uploads\/2021\/06\/y20.jpg 720w, http:\/\/spp3.slawno.pl\/wp-content\/uploads\/2021\/06\/y20-225x300.jpg 225w\" sizes=\"(max-width: 720px) 100vw, 720px\" \/><\/div>\n","protected":false},"excerpt":{"rendered":"<div class=\"mh-excerpt\"><p>W dniu 11.06.21 odby\u0142a si\u0119 wycieczka klasy 2 a do Dar\u0142owa. W programie wycieczki zosta\u0142y zorganizowane warsztaty przyrodnicze o tematyce: -mali komandosi. By\u0142a to emocjonuj\u0105ca <a class=\"mh-excerpt-more\" href=\"http:\/\/spp3.slawno.pl\/?p=7976\" title=\"Wycieczka klasy 2 a do Dar\u0142owa\">[&#8230;]<\/a><\/p>\n<\/div>","protected":false},"author":2,"featured_media":7981,"comment_status":"closed","ping_status":"open","sticky":false,"template":"","format":"standard","meta":{"footnotes":""},"categories":[8],"tags":[],"class_list":["post-7976","post","type-post","status-publish","format-standard","has-post-thumbnail","hentry","category-wydarzenia"],"_links":{"self":[{"href":"http:\/\/spp3.slawno.pl\/index.php?rest_route=\/wp\/v2\/posts\/7976"}],"collection":[{"href":"http:\/\/spp3.slawno.pl\/index.php?rest_route=\/wp\/v2\/posts"}],"about":[{"href":"http:\/\/spp3.slawno.pl\/index.php?rest_route=\/wp\/v2\/types\/post"}],"author":[{"embeddable":true,"href":"http:\/\/spp3.slawno.pl\/index.php?rest_route=\/wp\/v2\/users\/2"}],"replies":[{"embeddable":true,"href":"http:\/\/spp3.slawno.pl\/index.php?rest_route=%2Fwp%2Fv2%2Fcomments&post=7976"}],"version-history":[{"count":1,"href":"http:\/\/spp3.slawno.pl\/index.php?rest_route=\/wp\/v2\/posts\/7976\/revisions"}],"predecessor-version":[{"id":7996,"href":"http:\/\/spp3.slawno.pl\/index.php?rest_route=\/wp\/v2\/posts\/7976\/revisions\/7996"}],"wp:featuredmedia":[{"embeddable":true,"href":"http:\/\/spp3.slawno.pl\/index.php?rest_route=\/wp\/v2\/media\/7981"}],"wp:attachment":[{"href":"http:\/\/spp3.slawno.pl\/index.php?rest_route=%2Fwp%2Fv2%2Fmedia&parent=7976"}],"wp:term":[{"taxonomy":"category","embeddable":true,"href":"http:\/\/spp3.slawno.pl\/index.php?rest_route=%2Fwp%2Fv2%2Fcategories&post=7976"},{"taxonomy":"post_tag","embeddable":true,"href":"http:\/\/spp3.slawno.pl\/index.php?rest_route=%2Fwp%2Fv2%2Ftags&post=7976"}],"curies":[{"name":"wp","href":"https:\/\/api.w.org\/{rel}","templated":true}]}}