{"id":8013,"date":"2021-06-14T17:59:36","date_gmt":"2021-06-14T15:59:36","guid":{"rendered":"http:\/\/spp3.slawno.pl\/?p=8013"},"modified":"2021-06-14T19:44:26","modified_gmt":"2021-06-14T17:44:26","slug":"kibice-z-sp3-2","status":"publish","type":"post","link":"http:\/\/spp3.slawno.pl\/?p=8013","title":{"rendered":"Kibice z SP3"},"content":{"rendered":"<div>W dniu dzisiejszym uczniowie naszej szko\u0142y postanowili przywdzia\u0107<\/div>\n<div>narodowe barwy kibica z okazji pierwszego meczu naszej reprezentacji w<\/div>\n<div>mistrzostwach Europy w pi\u0142ce no\u017cnej.\u00a0 Mecz wprawdzie dopiero wieczorem<\/div>\n<div>ale kibicowa\u0107 mo\u017cna znacznie wcze\u015bniej. Dzi\u0119kujemy wszystkim, a naszym<\/div>\n<div>pi\u0142karzom \u017cyczymy jak najlepszego wyniku \ud83d\ude42<\/div>\n<div><img loading=\"lazy\" decoding=\"async\" class=\"alignnone size-full wp-image-8017\" src=\"http:\/\/spp3.slawno.pl\/wp-content\/uploads\/2021\/06\/1r.jpg\" alt=\"Uczniowie i nauczyciele w strojach bia\u0142o-czerwonych\" width=\"750\" height=\"563\" srcset=\"http:\/\/spp3.slawno.pl\/wp-content\/uploads\/2021\/06\/1r.jpg 750w, http:\/\/spp3.slawno.pl\/wp-content\/uploads\/2021\/06\/1r-300x225.jpg 300w, http:\/\/spp3.slawno.pl\/wp-content\/uploads\/2021\/06\/1r-678x509.jpg 678w, http:\/\/spp3.slawno.pl\/wp-content\/uploads\/2021\/06\/1r-326x245.jpg 326w, http:\/\/spp3.slawno.pl\/wp-content\/uploads\/2021\/06\/1r-80x60.jpg 80w\" sizes=\"(max-width: 750px) 100vw, 750px\" \/> <img loading=\"lazy\" decoding=\"async\" class=\"alignnone size-full wp-image-8016\" src=\"http:\/\/spp3.slawno.pl\/wp-content\/uploads\/2021\/06\/1p.jpg\" alt=\"Uczniowie i nauczyciele w strojach bia\u0142o-czerwonych\" width=\"750\" height=\"563\" srcset=\"http:\/\/spp3.slawno.pl\/wp-content\/uploads\/2021\/06\/1p.jpg 750w, http:\/\/spp3.slawno.pl\/wp-content\/uploads\/2021\/06\/1p-300x225.jpg 300w, http:\/\/spp3.slawno.pl\/wp-content\/uploads\/2021\/06\/1p-678x509.jpg 678w, http:\/\/spp3.slawno.pl\/wp-content\/uploads\/2021\/06\/1p-326x245.jpg 326w, http:\/\/spp3.slawno.pl\/wp-content\/uploads\/2021\/06\/1p-80x60.jpg 80w\" sizes=\"(max-width: 750px) 100vw, 750px\" \/> <img loading=\"lazy\" decoding=\"async\" class=\"alignnone size-full wp-image-8015\" src=\"http:\/\/spp3.slawno.pl\/wp-content\/uploads\/2021\/06\/1o.jpg\" alt=\"Uczniowie i nauczyciele w strojach bia\u0142o-czerwonych\" width=\"750\" height=\"563\" srcset=\"http:\/\/spp3.slawno.pl\/wp-content\/uploads\/2021\/06\/1o.jpg 750w, http:\/\/spp3.slawno.pl\/wp-content\/uploads\/2021\/06\/1o-300x225.jpg 300w, http:\/\/spp3.slawno.pl\/wp-content\/uploads\/2021\/06\/1o-678x509.jpg 678w, http:\/\/spp3.slawno.pl\/wp-content\/uploads\/2021\/06\/1o-326x245.jpg 326w, http:\/\/spp3.slawno.pl\/wp-content\/uploads\/2021\/06\/1o-80x60.jpg 80w\" sizes=\"(max-width: 750px) 100vw, 750px\" \/> <img loading=\"lazy\" decoding=\"async\" class=\"alignnone size-full wp-image-8014\" src=\"http:\/\/spp3.slawno.pl\/wp-content\/uploads\/2021\/06\/1n.jpg\" alt=\"Uczniowie i nauczyciele w strojach bia\u0142o-czerwonych\" width=\"800\" height=\"600\" srcset=\"http:\/\/spp3.slawno.pl\/wp-content\/uploads\/2021\/06\/1n.jpg 800w, http:\/\/spp3.slawno.pl\/wp-content\/uploads\/2021\/06\/1n-300x225.jpg 300w, http:\/\/spp3.slawno.pl\/wp-content\/uploads\/2021\/06\/1n-768x576.jpg 768w, http:\/\/spp3.slawno.pl\/wp-content\/uploads\/2021\/06\/1n-678x509.jpg 678w, http:\/\/spp3.slawno.pl\/wp-content\/uploads\/2021\/06\/1n-326x245.jpg 326w, http:\/\/spp3.slawno.pl\/wp-content\/uploads\/2021\/06\/1n-80x60.jpg 80w\" sizes=\"(max-width: 800px) 100vw, 800px\" \/><\/div>\n<div><img loading=\"lazy\" decoding=\"async\" class=\"alignnone size-full wp-image-8039\" src=\"http:\/\/spp3.slawno.pl\/wp-content\/uploads\/2021\/06\/2f.jpg\" alt=\"Uczniowie i nauczyciele w strojach bia\u0142o-czerwonych\" width=\"800\" height=\"600\" srcset=\"http:\/\/spp3.slawno.pl\/wp-content\/uploads\/2021\/06\/2f.jpg 800w, http:\/\/spp3.slawno.pl\/wp-content\/uploads\/2021\/06\/2f-300x225.jpg 300w, http:\/\/spp3.slawno.pl\/wp-content\/uploads\/2021\/06\/2f-768x576.jpg 768w, http:\/\/spp3.slawno.pl\/wp-content\/uploads\/2021\/06\/2f-678x509.jpg 678w, http:\/\/spp3.slawno.pl\/wp-content\/uploads\/2021\/06\/2f-326x245.jpg 326w, http:\/\/spp3.slawno.pl\/wp-content\/uploads\/2021\/06\/2f-80x60.jpg 80w\" sizes=\"(max-width: 800px) 100vw, 800px\" \/><\/div>\n<div><img loading=\"lazy\" decoding=\"async\" class=\"alignnone size-full wp-image-8038\" src=\"http:\/\/spp3.slawno.pl\/wp-content\/uploads\/2021\/06\/2e.jpg\" alt=\"Uczniowie i nauczyciele w strojach bia\u0142o-czerwonych\" width=\"694\" height=\"925\" srcset=\"http:\/\/spp3.slawno.pl\/wp-content\/uploads\/2021\/06\/2e.jpg 694w, http:\/\/spp3.slawno.pl\/wp-content\/uploads\/2021\/06\/2e-225x300.jpg 225w\" sizes=\"(max-width: 694px) 100vw, 694px\" \/> <img loading=\"lazy\" decoding=\"async\" class=\"alignnone size-full wp-image-8037\" src=\"http:\/\/spp3.slawno.pl\/wp-content\/uploads\/2021\/06\/2d.jpg\" alt=\"Uczniowie i nauczyciele w strojach bia\u0142o-czerwonych\" width=\"694\" height=\"925\" srcset=\"http:\/\/spp3.slawno.pl\/wp-content\/uploads\/2021\/06\/2d.jpg 694w, http:\/\/spp3.slawno.pl\/wp-content\/uploads\/2021\/06\/2d-225x300.jpg 225w\" sizes=\"(max-width: 694px) 100vw, 694px\" \/> <img loading=\"lazy\" decoding=\"async\" class=\"alignnone size-full wp-image-8036\" src=\"http:\/\/spp3.slawno.pl\/wp-content\/uploads\/2021\/06\/2c.jpg\" alt=\"Uczniowie i nauczyciele w strojach bia\u0142o-czerwonych\" width=\"694\" height=\"925\" srcset=\"http:\/\/spp3.slawno.pl\/wp-content\/uploads\/2021\/06\/2c.jpg 694w, http:\/\/spp3.slawno.pl\/wp-content\/uploads\/2021\/06\/2c-225x300.jpg 225w\" sizes=\"(max-width: 694px) 100vw, 694px\" \/> <img loading=\"lazy\" decoding=\"async\" class=\"alignnone size-full wp-image-8035\" src=\"http:\/\/spp3.slawno.pl\/wp-content\/uploads\/2021\/06\/2a.jpg\" alt=\"Uczniowie i nauczyciele w strojach bia\u0142o-czerwonych\" width=\"694\" height=\"925\" srcset=\"http:\/\/spp3.slawno.pl\/wp-content\/uploads\/2021\/06\/2a.jpg 694w, http:\/\/spp3.slawno.pl\/wp-content\/uploads\/2021\/06\/2a-225x300.jpg 225w\" sizes=\"(max-width: 694px) 100vw, 694px\" \/><\/div>\n","protected":false},"excerpt":{"rendered":"<div class=\"mh-excerpt\"><p>W dniu dzisiejszym uczniowie naszej szko\u0142y postanowili przywdzia\u0107 narodowe barwy kibica z okazji pierwszego meczu naszej reprezentacji w mistrzostwach Europy w pi\u0142ce no\u017cnej.\u00a0 Mecz wprawdzie <a class=\"mh-excerpt-more\" href=\"http:\/\/spp3.slawno.pl\/?p=8013\" title=\"Kibice z SP3\">[&#8230;]<\/a><\/p>\n<\/div>","protected":false},"author":2,"featured_media":8014,"comment_status":"closed","ping_status":"open","sticky":false,"template":"","format":"standard","meta":{"footnotes":""},"categories":[6,8],"tags":[],"class_list":["post-8013","post","type-post","status-publish","format-standard","has-post-thumbnail","hentry","category-sport","category-wydarzenia"],"_links":{"self":[{"href":"http:\/\/spp3.slawno.pl\/index.php?rest_route=\/wp\/v2\/posts\/8013"}],"collection":[{"href":"http:\/\/spp3.slawno.pl\/index.php?rest_route=\/wp\/v2\/posts"}],"about":[{"href":"http:\/\/spp3.slawno.pl\/index.php?rest_route=\/wp\/v2\/types\/post"}],"author":[{"embeddable":true,"href":"http:\/\/spp3.slawno.pl\/index.php?rest_route=\/wp\/v2\/users\/2"}],"replies":[{"embeddable":true,"href":"http:\/\/spp3.slawno.pl\/index.php?rest_route=%2Fwp%2Fv2%2Fcomments&post=8013"}],"version-history":[{"count":3,"href":"http:\/\/spp3.slawno.pl\/index.php?rest_route=\/wp\/v2\/posts\/8013\/revisions"}],"predecessor-version":[{"id":8041,"href":"http:\/\/spp3.slawno.pl\/index.php?rest_route=\/wp\/v2\/posts\/8013\/revisions\/8041"}],"wp:featuredmedia":[{"embeddable":true,"href":"http:\/\/spp3.slawno.pl\/index.php?rest_route=\/wp\/v2\/media\/8014"}],"wp:attachment":[{"href":"http:\/\/spp3.slawno.pl\/index.php?rest_route=%2Fwp%2Fv2%2Fmedia&parent=8013"}],"wp:term":[{"taxonomy":"category","embeddable":true,"href":"http:\/\/spp3.slawno.pl\/index.php?rest_route=%2Fwp%2Fv2%2Fcategories&post=8013"},{"taxonomy":"post_tag","embeddable":true,"href":"http:\/\/spp3.slawno.pl\/index.php?rest_route=%2Fwp%2Fv2%2Ftags&post=8013"}],"curies":[{"name":"wp","href":"https:\/\/api.w.org\/{rel}","templated":true}]}}