{"id":8021,"date":"2021-06-13T18:06:29","date_gmt":"2021-06-13T16:06:29","guid":{"rendered":"http:\/\/spp3.slawno.pl\/?p=8021"},"modified":"2021-06-14T18:06:50","modified_gmt":"2021-06-14T16:06:50","slug":"world-ocean-day-swiatowy-dzien-oceanow-8-czerwca","status":"publish","type":"post","link":"http:\/\/spp3.slawno.pl\/?p=8021","title":{"rendered":"World Ocean Day\/\u015awiatowy Dzie\u0144 Ocean\u00f3w 8 czerwca"},"content":{"rendered":"<table>\n<tbody>\n<tr>\n<td>\n<div>Uczniowie klasy 7E w ramach wzbogacania wiedzy , j\u0119zyka i \u015bwiatopogl\u0105du wzi\u0119li udzia\u0142 w panelu<\/div>\n<div>dyskusyjnym z okazji \u015awiatowego Dnia Ocean\u00f3w.<\/div>\n<div>Podczas spotkania om\u00f3wiono wiele istotnych kwestii : zanieczyszczenie \u015brodowiska, w\u00f3d oraz debatowano<\/div>\n<div>jakie dzia\u0142ania nale\u017cy podejmowa\u0107, aby poprawi\u0107 stan m\u00f3rz i ocean\u00f3w &#8211; a to wszystko w j\u0119zyku angielskim!!!<\/div>\n<\/td>\n<td><img decoding=\"async\" class=\"gwp3d6b9a57_gwp541e3dd1_custom_image\" src=\"https:\/\/zasobygwp.pl\/proxy?sig=69ed11557a0923a405b658ec0582e9213aae1657f277604b6f0aa2f6a93bd519&amp;url=aHR0cDovL3pvb20udXMvd19wLzkzODc3NzY0NTA0LzYxM2Y2Zjk3LWFiNTktNGRhNC1hYjZiLWUyMDk0MjRmZGU5Ny5wbmc=\" alt=\"Webinar Image\" \/><\/td>\n<\/tr>\n<\/tbody>\n<\/table>\n<p><img loading=\"lazy\" decoding=\"async\" class=\"alignnone size-large wp-image-8022\" src=\"http:\/\/spp3.slawno.pl\/wp-content\/uploads\/2021\/06\/1-7-1024x536.jpg\" alt=\"Plakat Dzie\u0144 Ocean\u00f3w\" width=\"1024\" height=\"536\" srcset=\"http:\/\/spp3.slawno.pl\/wp-content\/uploads\/2021\/06\/1-7-1024x536.jpg 1024w, http:\/\/spp3.slawno.pl\/wp-content\/uploads\/2021\/06\/1-7-300x157.jpg 300w, http:\/\/spp3.slawno.pl\/wp-content\/uploads\/2021\/06\/1-7-768x402.jpg 768w, http:\/\/spp3.slawno.pl\/wp-content\/uploads\/2021\/06\/1-7.jpg 1200w\" sizes=\"(max-width: 1024px) 100vw, 1024px\" \/><\/p>\n","protected":false},"excerpt":{"rendered":"<div class=\"mh-excerpt\"><p>Uczniowie klasy 7E w ramach wzbogacania wiedzy , j\u0119zyka i \u015bwiatopogl\u0105du wzi\u0119li udzia\u0142 w panelu dyskusyjnym z okazji \u015awiatowego Dnia Ocean\u00f3w. Podczas spotkania om\u00f3wiono wiele <a class=\"mh-excerpt-more\" href=\"http:\/\/spp3.slawno.pl\/?p=8021\" title=\"World Ocean Day\/\u015awiatowy Dzie\u0144 Ocean\u00f3w 8 czerwca\">[&#8230;]<\/a><\/p>\n<\/div>","protected":false},"author":2,"featured_media":8022,"comment_status":"closed","ping_status":"open","sticky":false,"template":"","format":"standard","meta":{"footnotes":""},"categories":[8],"tags":[],"class_list":["post-8021","post","type-post","status-publish","format-standard","has-post-thumbnail","hentry","category-wydarzenia"],"_links":{"self":[{"href":"http:\/\/spp3.slawno.pl\/index.php?rest_route=\/wp\/v2\/posts\/8021"}],"collection":[{"href":"http:\/\/spp3.slawno.pl\/index.php?rest_route=\/wp\/v2\/posts"}],"about":[{"href":"http:\/\/spp3.slawno.pl\/index.php?rest_route=\/wp\/v2\/types\/post"}],"author":[{"embeddable":true,"href":"http:\/\/spp3.slawno.pl\/index.php?rest_route=\/wp\/v2\/users\/2"}],"replies":[{"embeddable":true,"href":"http:\/\/spp3.slawno.pl\/index.php?rest_route=%2Fwp%2Fv2%2Fcomments&post=8021"}],"version-history":[{"count":1,"href":"http:\/\/spp3.slawno.pl\/index.php?rest_route=\/wp\/v2\/posts\/8021\/revisions"}],"predecessor-version":[{"id":8024,"href":"http:\/\/spp3.slawno.pl\/index.php?rest_route=\/wp\/v2\/posts\/8021\/revisions\/8024"}],"wp:featuredmedia":[{"embeddable":true,"href":"http:\/\/spp3.slawno.pl\/index.php?rest_route=\/wp\/v2\/media\/8022"}],"wp:attachment":[{"href":"http:\/\/spp3.slawno.pl\/index.php?rest_route=%2Fwp%2Fv2%2Fmedia&parent=8021"}],"wp:term":[{"taxonomy":"category","embeddable":true,"href":"http:\/\/spp3.slawno.pl\/index.php?rest_route=%2Fwp%2Fv2%2Fcategories&post=8021"},{"taxonomy":"post_tag","embeddable":true,"href":"http:\/\/spp3.slawno.pl\/index.php?rest_route=%2Fwp%2Fv2%2Ftags&post=8021"}],"curies":[{"name":"wp","href":"https:\/\/api.w.org\/{rel}","templated":true}]}}