{"id":8025,"date":"2021-06-13T18:19:35","date_gmt":"2021-06-13T16:19:35","guid":{"rendered":"http:\/\/spp3.slawno.pl\/?p=8025"},"modified":"2021-06-14T18:19:45","modified_gmt":"2021-06-14T16:19:45","slug":"nasza-szkola-od-wrzesnia-dolaczy-do-superkoderow","status":"publish","type":"post","link":"http:\/\/spp3.slawno.pl\/?p=8025","title":{"rendered":"Nasza szko\u0142a od wrze\u015bnia do\u0142\u0105czy do #SuperKoder\u00f3w!"},"content":{"rendered":"<p dir=\"ltr\">#SuperKoderzy to program edukacyjny Fundacji Orange. Jest przeznaczony dla uczni\u00f3w klas 4-8, w tym dla uczni\u00f3w ze specjalnymi potrzebami edukacyjnymi. W czasie cyklu zaj\u0119\u0107 prowadzonych na lekcjach poszczeg\u00f3lnych przedmiot\u00f3w uczniowie poznaj\u0105 podstawowe zasady programowania, jednocze\u015bnie wykonuj\u0105c zadania zgodne z podstaw\u0105 programow\u0105 danego przedmiotu.<\/p>\n<p dir=\"ltr\">#SuperKoderzy ucz\u0105 si\u0119 gra\u0107 na bananach, programowa\u0107 stacj\u0119 pogodow\u0105, tworzy\u0107 interaktywne multimedialne reporta\u017ce, a nawet w\u0142asne strony internetowe czy gry dla robot\u00f3w.<\/p>\n<p dir=\"ltr\"><img loading=\"lazy\" decoding=\"async\" class=\"alignnone size-full wp-image-8028\" src=\"http:\/\/spp3.slawno.pl\/wp-content\/uploads\/2021\/06\/Nasza-szko\u0142a-jest-w-SuperKoderach_-2.png\" alt=\"Plakat Nasza szko\u0142a jest w #SuperKoderach\" width=\"980\" height=\"409\" srcset=\"http:\/\/spp3.slawno.pl\/wp-content\/uploads\/2021\/06\/Nasza-szko\u0142a-jest-w-SuperKoderach_-2.png 980w, http:\/\/spp3.slawno.pl\/wp-content\/uploads\/2021\/06\/Nasza-szko\u0142a-jest-w-SuperKoderach_-2-300x125.png 300w, http:\/\/spp3.slawno.pl\/wp-content\/uploads\/2021\/06\/Nasza-szko\u0142a-jest-w-SuperKoderach_-2-768x321.png 768w\" sizes=\"(max-width: 980px) 100vw, 980px\" \/><\/p>\n","protected":false},"excerpt":{"rendered":"<div class=\"mh-excerpt\"><p>#SuperKoderzy to program edukacyjny Fundacji Orange. Jest przeznaczony dla uczni\u00f3w klas 4-8, w tym dla uczni\u00f3w ze specjalnymi potrzebami edukacyjnymi. W czasie cyklu zaj\u0119\u0107 prowadzonych <a class=\"mh-excerpt-more\" href=\"http:\/\/spp3.slawno.pl\/?p=8025\" title=\"Nasza szko\u0142a od wrze\u015bnia do\u0142\u0105czy do #SuperKoder\u00f3w!\">[&#8230;]<\/a><\/p>\n<\/div>","protected":false},"author":2,"featured_media":8027,"comment_status":"closed","ping_status":"open","sticky":false,"template":"","format":"standard","meta":{"footnotes":""},"categories":[1,33,8],"tags":[],"class_list":["post-8025","post","type-post","status-publish","format-standard","has-post-thumbnail","hentry","category-bez-kategorii","category-projekty","category-wydarzenia"],"_links":{"self":[{"href":"http:\/\/spp3.slawno.pl\/index.php?rest_route=\/wp\/v2\/posts\/8025"}],"collection":[{"href":"http:\/\/spp3.slawno.pl\/index.php?rest_route=\/wp\/v2\/posts"}],"about":[{"href":"http:\/\/spp3.slawno.pl\/index.php?rest_route=\/wp\/v2\/types\/post"}],"author":[{"embeddable":true,"href":"http:\/\/spp3.slawno.pl\/index.php?rest_route=\/wp\/v2\/users\/2"}],"replies":[{"embeddable":true,"href":"http:\/\/spp3.slawno.pl\/index.php?rest_route=%2Fwp%2Fv2%2Fcomments&post=8025"}],"version-history":[{"count":2,"href":"http:\/\/spp3.slawno.pl\/index.php?rest_route=\/wp\/v2\/posts\/8025\/revisions"}],"predecessor-version":[{"id":8030,"href":"http:\/\/spp3.slawno.pl\/index.php?rest_route=\/wp\/v2\/posts\/8025\/revisions\/8030"}],"wp:featuredmedia":[{"embeddable":true,"href":"http:\/\/spp3.slawno.pl\/index.php?rest_route=\/wp\/v2\/media\/8027"}],"wp:attachment":[{"href":"http:\/\/spp3.slawno.pl\/index.php?rest_route=%2Fwp%2Fv2%2Fmedia&parent=8025"}],"wp:term":[{"taxonomy":"category","embeddable":true,"href":"http:\/\/spp3.slawno.pl\/index.php?rest_route=%2Fwp%2Fv2%2Fcategories&post=8025"},{"taxonomy":"post_tag","embeddable":true,"href":"http:\/\/spp3.slawno.pl\/index.php?rest_route=%2Fwp%2Fv2%2Ftags&post=8025"}],"curies":[{"name":"wp","href":"https:\/\/api.w.org\/{rel}","templated":true}]}}