{"id":8042,"date":"2021-06-15T16:26:10","date_gmt":"2021-06-15T14:26:10","guid":{"rendered":"http:\/\/spp3.slawno.pl\/?p=8042"},"modified":"2021-06-15T16:26:10","modified_gmt":"2021-06-15T14:26:10","slug":"konkurs-rok-kardynala-stefana-wyszynskiego","status":"publish","type":"post","link":"http:\/\/spp3.slawno.pl\/?p=8042","title":{"rendered":"Konkurs &#8222;Rok Kardyna\u0142a Stefana Wyszy\u0144skiego&#8221;"},"content":{"rendered":"<p>Wyniki konkursu plastycznego<\/p>\n<p>Kategoria klasy III &#8211; VI<br \/>\n1 miejsce Lena Gutowska IV c<br \/>\n2 miejsce Lena Sieci\u0144ska VI b<br \/>\n3 miejsce Aleksandra Burda VI b<\/p>\n<p>Kategoria klasy VII &#8211; VIII<br \/>\n1 miejsce Kornelia Smutek VIII b<br \/>\n2 miejsce Magdalena Mironowicz VIII a<br \/>\n3 miejsce Micha\u0142 Jasi\u0144ski VII e<br \/>\nwyr\u00f3\u017cnienie Julia \u017buchowska VII b<\/p>\n<p>Gratulujemy osobom nagrodzonym za\u015b wszystkim, kt\u00f3rzy wykonali prace na ten konkurs bardzo dzi\u0119kujemy.<\/p>\n","protected":false},"excerpt":{"rendered":"<div class=\"mh-excerpt\"><p>Wyniki konkursu plastycznego Kategoria klasy III &#8211; VI 1 miejsce Lena Gutowska IV c 2 miejsce Lena Sieci\u0144ska VI b 3 miejsce Aleksandra Burda VI <a class=\"mh-excerpt-more\" href=\"http:\/\/spp3.slawno.pl\/?p=8042\" title=\"Konkurs &#8222;Rok Kardyna\u0142a Stefana Wyszy\u0144skiego&#8221;\">[&#8230;]<\/a><\/p>\n<\/div>","protected":false},"author":2,"featured_media":8043,"comment_status":"closed","ping_status":"open","sticky":false,"template":"","format":"standard","meta":{"footnotes":""},"categories":[7,8],"tags":[],"class_list":["post-8042","post","type-post","status-publish","format-standard","has-post-thumbnail","hentry","category-konkursy","category-wydarzenia"],"_links":{"self":[{"href":"http:\/\/spp3.slawno.pl\/index.php?rest_route=\/wp\/v2\/posts\/8042"}],"collection":[{"href":"http:\/\/spp3.slawno.pl\/index.php?rest_route=\/wp\/v2\/posts"}],"about":[{"href":"http:\/\/spp3.slawno.pl\/index.php?rest_route=\/wp\/v2\/types\/post"}],"author":[{"embeddable":true,"href":"http:\/\/spp3.slawno.pl\/index.php?rest_route=\/wp\/v2\/users\/2"}],"replies":[{"embeddable":true,"href":"http:\/\/spp3.slawno.pl\/index.php?rest_route=%2Fwp%2Fv2%2Fcomments&post=8042"}],"version-history":[{"count":1,"href":"http:\/\/spp3.slawno.pl\/index.php?rest_route=\/wp\/v2\/posts\/8042\/revisions"}],"predecessor-version":[{"id":8045,"href":"http:\/\/spp3.slawno.pl\/index.php?rest_route=\/wp\/v2\/posts\/8042\/revisions\/8045"}],"wp:featuredmedia":[{"embeddable":true,"href":"http:\/\/spp3.slawno.pl\/index.php?rest_route=\/wp\/v2\/media\/8043"}],"wp:attachment":[{"href":"http:\/\/spp3.slawno.pl\/index.php?rest_route=%2Fwp%2Fv2%2Fmedia&parent=8042"}],"wp:term":[{"taxonomy":"category","embeddable":true,"href":"http:\/\/spp3.slawno.pl\/index.php?rest_route=%2Fwp%2Fv2%2Fcategories&post=8042"},{"taxonomy":"post_tag","embeddable":true,"href":"http:\/\/spp3.slawno.pl\/index.php?rest_route=%2Fwp%2Fv2%2Ftags&post=8042"}],"curies":[{"name":"wp","href":"https:\/\/api.w.org\/{rel}","templated":true}]}}