{"id":8047,"date":"2021-06-16T10:46:16","date_gmt":"2021-06-16T08:46:16","guid":{"rendered":"http:\/\/spp3.slawno.pl\/?p=8047"},"modified":"2021-08-18T10:04:44","modified_gmt":"2021-08-18T08:04:44","slug":"wycieczka-do-torunia-klas-6c-i-6d","status":"publish","type":"post","link":"http:\/\/spp3.slawno.pl\/?p=8047","title":{"rendered":"Wycieczka do Torunia klas 6c i 6d"},"content":{"rendered":"<p>15.06.2021 klasy 6c i 6d odwiedzi\u0142y miasto Miko\u0142aja Kopernika Toru\u0144. To by\u0142 dzie\u0144 pe\u0142en emocji, wiele frajdy sprawi\u0142o pieczenie toru\u0144skich piernik\u00f3w pod okiem mistrzy\u0144 piekarnictwa, ciekawych wiadomo\u015bci o historii Torunia dostarczy\u0142 spacer po starym mie\u015bcie ale najwi\u0119cej wra\u017ce\u0144 dostarczy\u0142a wizyta w Niewidzialnym domu, przez moment znale\u017ali\u015bmy si\u0119 w \u015bwiecie ludzi niewidomych, na zako\u0144czenie pobytu odwiedzili\u015bmy planetarium.<\/p>\n<p><img loading=\"lazy\" decoding=\"async\" class=\"alignnone size-large wp-image-8048\" src=\"http:\/\/spp3.slawno.pl\/wp-content\/uploads\/2021\/06\/x14-1-762x1024.jpg\" alt=\"Uczniowie na wycieczce w Toruniu\" width=\"762\" height=\"1024\" srcset=\"http:\/\/spp3.slawno.pl\/wp-content\/uploads\/2021\/06\/x14-1-762x1024.jpg 762w, http:\/\/spp3.slawno.pl\/wp-content\/uploads\/2021\/06\/x14-1-223x300.jpg 223w, http:\/\/spp3.slawno.pl\/wp-content\/uploads\/2021\/06\/x14-1-768x1032.jpg 768w, http:\/\/spp3.slawno.pl\/wp-content\/uploads\/2021\/06\/x14-1.jpg 1072w\" sizes=\"(max-width: 762px) 100vw, 762px\" \/> <img loading=\"lazy\" decoding=\"async\" class=\"alignnone size-large wp-image-8049\" src=\"http:\/\/spp3.slawno.pl\/wp-content\/uploads\/2021\/06\/x1-1-768x1024.jpg\" alt=\"Uczniowie na wycieczce w Toruniu\" width=\"768\" height=\"1024\" srcset=\"http:\/\/spp3.slawno.pl\/wp-content\/uploads\/2021\/06\/x1-1-768x1024.jpg 768w, http:\/\/spp3.slawno.pl\/wp-content\/uploads\/2021\/06\/x1-1-225x300.jpg 225w, http:\/\/spp3.slawno.pl\/wp-content\/uploads\/2021\/06\/x1-1.jpg 1080w\" sizes=\"(max-width: 768px) 100vw, 768px\" \/> <img loading=\"lazy\" decoding=\"async\" class=\"alignnone size-large wp-image-8050\" src=\"http:\/\/spp3.slawno.pl\/wp-content\/uploads\/2021\/06\/x2-1-762x1024.jpg\" alt=\"Uczniowie na wycieczce w Toruniu\" width=\"762\" height=\"1024\" srcset=\"http:\/\/spp3.slawno.pl\/wp-content\/uploads\/2021\/06\/x2-1-762x1024.jpg 762w, http:\/\/spp3.slawno.pl\/wp-content\/uploads\/2021\/06\/x2-1-223x300.jpg 223w, http:\/\/spp3.slawno.pl\/wp-content\/uploads\/2021\/06\/x2-1-768x1032.jpg 768w, http:\/\/spp3.slawno.pl\/wp-content\/uploads\/2021\/06\/x2-1.jpg 1072w\" sizes=\"(max-width: 762px) 100vw, 762px\" \/> <img loading=\"lazy\" decoding=\"async\" class=\"alignnone size-large wp-image-8051\" src=\"http:\/\/spp3.slawno.pl\/wp-content\/uploads\/2021\/06\/x3-1-762x1024.jpg\" alt=\"Uczniowie na wycieczce w Toruniu\" width=\"762\" height=\"1024\" srcset=\"http:\/\/spp3.slawno.pl\/wp-content\/uploads\/2021\/06\/x3-1-762x1024.jpg 762w, http:\/\/spp3.slawno.pl\/wp-content\/uploads\/2021\/06\/x3-1-223x300.jpg 223w, http:\/\/spp3.slawno.pl\/wp-content\/uploads\/2021\/06\/x3-1-768x1032.jpg 768w, http:\/\/spp3.slawno.pl\/wp-content\/uploads\/2021\/06\/x3-1.jpg 1072w\" sizes=\"(max-width: 762px) 100vw, 762px\" \/> <img loading=\"lazy\" decoding=\"async\" class=\"alignnone size-large wp-image-8052\" src=\"http:\/\/spp3.slawno.pl\/wp-content\/uploads\/2021\/06\/x4-1-1024x762.jpg\" alt=\"Uczniowie na wycieczce w Toruniu\" width=\"1024\" height=\"762\" srcset=\"http:\/\/spp3.slawno.pl\/wp-content\/uploads\/2021\/06\/x4-1-1024x762.jpg 1024w, http:\/\/spp3.slawno.pl\/wp-content\/uploads\/2021\/06\/x4-1-300x223.jpg 300w, http:\/\/spp3.slawno.pl\/wp-content\/uploads\/2021\/06\/x4-1-768x572.jpg 768w, http:\/\/spp3.slawno.pl\/wp-content\/uploads\/2021\/06\/x4-1-80x60.jpg 80w, http:\/\/spp3.slawno.pl\/wp-content\/uploads\/2021\/06\/x4-1.jpg 1440w\" sizes=\"(max-width: 1024px) 100vw, 1024px\" \/> <img loading=\"lazy\" decoding=\"async\" class=\"alignnone size-large wp-image-8053\" src=\"http:\/\/spp3.slawno.pl\/wp-content\/uploads\/2021\/06\/x5-1-763x1024.jpg\" alt=\"Uczniowie na wycieczce w Toruniu\" width=\"763\" height=\"1024\" srcset=\"http:\/\/spp3.slawno.pl\/wp-content\/uploads\/2021\/06\/x5-1-763x1024.jpg 763w, http:\/\/spp3.slawno.pl\/wp-content\/uploads\/2021\/06\/x5-1-224x300.jpg 224w, http:\/\/spp3.slawno.pl\/wp-content\/uploads\/2021\/06\/x5-1-768x1031.jpg 768w, http:\/\/spp3.slawno.pl\/wp-content\/uploads\/2021\/06\/x5-1.jpg 912w\" sizes=\"(max-width: 763px) 100vw, 763px\" \/> <img loading=\"lazy\" decoding=\"async\" class=\"alignnone size-large wp-image-8054\" src=\"http:\/\/spp3.slawno.pl\/wp-content\/uploads\/2021\/06\/x6-1-751x1024.jpg\" alt=\"Uczniowie na wycieczce w Toruniu\" width=\"751\" height=\"1024\" srcset=\"http:\/\/spp3.slawno.pl\/wp-content\/uploads\/2021\/06\/x6-1-751x1024.jpg 751w, http:\/\/spp3.slawno.pl\/wp-content\/uploads\/2021\/06\/x6-1-220x300.jpg 220w, http:\/\/spp3.slawno.pl\/wp-content\/uploads\/2021\/06\/x6-1-768x1047.jpg 768w, http:\/\/spp3.slawno.pl\/wp-content\/uploads\/2021\/06\/x6-1.jpg 1056w\" sizes=\"(max-width: 751px) 100vw, 751px\" \/> <img loading=\"lazy\" decoding=\"async\" class=\"alignnone size-large wp-image-8055\" src=\"http:\/\/spp3.slawno.pl\/wp-content\/uploads\/2021\/06\/x7-1-1024x751.jpg\" alt=\"Uczniowie na wycieczce w Toruniu\" width=\"1024\" height=\"751\" srcset=\"http:\/\/spp3.slawno.pl\/wp-content\/uploads\/2021\/06\/x7-1-1024x751.jpg 1024w, http:\/\/spp3.slawno.pl\/wp-content\/uploads\/2021\/06\/x7-1-300x220.jpg 300w, http:\/\/spp3.slawno.pl\/wp-content\/uploads\/2021\/06\/x7-1-768x563.jpg 768w, http:\/\/spp3.slawno.pl\/wp-content\/uploads\/2021\/06\/x7-1-80x60.jpg 80w, http:\/\/spp3.slawno.pl\/wp-content\/uploads\/2021\/06\/x7-1.jpg 1440w\" sizes=\"(max-width: 1024px) 100vw, 1024px\" \/> <img loading=\"lazy\" decoding=\"async\" class=\"alignnone size-large wp-image-8056\" src=\"http:\/\/spp3.slawno.pl\/wp-content\/uploads\/2021\/06\/x8-1-762x1024.jpg\" alt=\"Uczniowie na wycieczce w Toruniu\" width=\"762\" height=\"1024\" srcset=\"http:\/\/spp3.slawno.pl\/wp-content\/uploads\/2021\/06\/x8-1-762x1024.jpg 762w, http:\/\/spp3.slawno.pl\/wp-content\/uploads\/2021\/06\/x8-1-223x300.jpg 223w, http:\/\/spp3.slawno.pl\/wp-content\/uploads\/2021\/06\/x8-1-768x1032.jpg 768w, http:\/\/spp3.slawno.pl\/wp-content\/uploads\/2021\/06\/x8-1.jpg 1072w\" sizes=\"(max-width: 762px) 100vw, 762px\" \/> <img loading=\"lazy\" decoding=\"async\" class=\"alignnone size-large wp-image-8057\" src=\"http:\/\/spp3.slawno.pl\/wp-content\/uploads\/2021\/06\/x9-1-762x1024.jpg\" alt=\"Uczniowie na wycieczce w Toruniu\" width=\"762\" height=\"1024\" srcset=\"http:\/\/spp3.slawno.pl\/wp-content\/uploads\/2021\/06\/x9-1-762x1024.jpg 762w, http:\/\/spp3.slawno.pl\/wp-content\/uploads\/2021\/06\/x9-1-223x300.jpg 223w, http:\/\/spp3.slawno.pl\/wp-content\/uploads\/2021\/06\/x9-1-768x1032.jpg 768w, http:\/\/spp3.slawno.pl\/wp-content\/uploads\/2021\/06\/x9-1.jpg 1072w\" sizes=\"(max-width: 762px) 100vw, 762px\" \/> <img loading=\"lazy\" decoding=\"async\" class=\"alignnone size-large wp-image-8058\" src=\"http:\/\/spp3.slawno.pl\/wp-content\/uploads\/2021\/06\/x10-1-762x1024.jpg\" alt=\"Uczniowie na wycieczce w Toruniu\" width=\"762\" height=\"1024\" srcset=\"http:\/\/spp3.slawno.pl\/wp-content\/uploads\/2021\/06\/x10-1-762x1024.jpg 762w, http:\/\/spp3.slawno.pl\/wp-content\/uploads\/2021\/06\/x10-1-223x300.jpg 223w, http:\/\/spp3.slawno.pl\/wp-content\/uploads\/2021\/06\/x10-1-768x1032.jpg 768w, http:\/\/spp3.slawno.pl\/wp-content\/uploads\/2021\/06\/x10-1.jpg 1072w\" sizes=\"(max-width: 762px) 100vw, 762px\" \/> <img loading=\"lazy\" decoding=\"async\" class=\"alignnone size-large wp-image-8059\" src=\"http:\/\/spp3.slawno.pl\/wp-content\/uploads\/2021\/06\/x11-1-1024x762.jpg\" alt=\"Uczniowie na wycieczce w Toruniu\" width=\"1024\" height=\"762\" srcset=\"http:\/\/spp3.slawno.pl\/wp-content\/uploads\/2021\/06\/x11-1-1024x762.jpg 1024w, http:\/\/spp3.slawno.pl\/wp-content\/uploads\/2021\/06\/x11-1-300x223.jpg 300w, http:\/\/spp3.slawno.pl\/wp-content\/uploads\/2021\/06\/x11-1-768x572.jpg 768w, http:\/\/spp3.slawno.pl\/wp-content\/uploads\/2021\/06\/x11-1-80x60.jpg 80w, http:\/\/spp3.slawno.pl\/wp-content\/uploads\/2021\/06\/x11-1.jpg 1440w\" sizes=\"(max-width: 1024px) 100vw, 1024px\" \/> <img loading=\"lazy\" decoding=\"async\" class=\"alignnone size-large wp-image-8060\" src=\"http:\/\/spp3.slawno.pl\/wp-content\/uploads\/2021\/06\/x12-1-1024x762.jpg\" alt=\"Uczniowie na wycieczce w Toruniu\" width=\"1024\" height=\"762\" srcset=\"http:\/\/spp3.slawno.pl\/wp-content\/uploads\/2021\/06\/x12-1-1024x762.jpg 1024w, http:\/\/spp3.slawno.pl\/wp-content\/uploads\/2021\/06\/x12-1-300x223.jpg 300w, http:\/\/spp3.slawno.pl\/wp-content\/uploads\/2021\/06\/x12-1-768x572.jpg 768w, http:\/\/spp3.slawno.pl\/wp-content\/uploads\/2021\/06\/x12-1-80x60.jpg 80w, http:\/\/spp3.slawno.pl\/wp-content\/uploads\/2021\/06\/x12-1.jpg 1440w\" sizes=\"(max-width: 1024px) 100vw, 1024px\" \/> <img loading=\"lazy\" decoding=\"async\" class=\"alignnone size-large wp-image-8061\" src=\"http:\/\/spp3.slawno.pl\/wp-content\/uploads\/2021\/06\/x13-1-762x1024.jpg\" alt=\"Uczniowie na wycieczce w Toruniu\" width=\"762\" height=\"1024\" srcset=\"http:\/\/spp3.slawno.pl\/wp-content\/uploads\/2021\/06\/x13-1-762x1024.jpg 762w, http:\/\/spp3.slawno.pl\/wp-content\/uploads\/2021\/06\/x13-1-223x300.jpg 223w, http:\/\/spp3.slawno.pl\/wp-content\/uploads\/2021\/06\/x13-1-768x1032.jpg 768w, http:\/\/spp3.slawno.pl\/wp-content\/uploads\/2021\/06\/x13-1.jpg 1072w\" sizes=\"(max-width: 762px) 100vw, 762px\" \/> <img loading=\"lazy\" decoding=\"async\" class=\"alignnone size-large wp-image-8062\" src=\"http:\/\/spp3.slawno.pl\/wp-content\/uploads\/2021\/06\/x15-1-762x1024.jpg\" alt=\"Uczniowie na wycieczce w Toruniu\" width=\"762\" height=\"1024\" srcset=\"http:\/\/spp3.slawno.pl\/wp-content\/uploads\/2021\/06\/x15-1-762x1024.jpg 762w, http:\/\/spp3.slawno.pl\/wp-content\/uploads\/2021\/06\/x15-1-223x300.jpg 223w, http:\/\/spp3.slawno.pl\/wp-content\/uploads\/2021\/06\/x15-1-768x1032.jpg 768w, http:\/\/spp3.slawno.pl\/wp-content\/uploads\/2021\/06\/x15-1.jpg 1072w\" sizes=\"(max-width: 762px) 100vw, 762px\" \/> <img loading=\"lazy\" decoding=\"async\" class=\"alignnone size-large wp-image-8063\" src=\"http:\/\/spp3.slawno.pl\/wp-content\/uploads\/2021\/06\/x16-762x1024.jpg\" alt=\"Uczniowie na wycieczce w Toruniu\" width=\"762\" height=\"1024\" srcset=\"http:\/\/spp3.slawno.pl\/wp-content\/uploads\/2021\/06\/x16-762x1024.jpg 762w, http:\/\/spp3.slawno.pl\/wp-content\/uploads\/2021\/06\/x16-223x300.jpg 223w, http:\/\/spp3.slawno.pl\/wp-content\/uploads\/2021\/06\/x16-768x1032.jpg 768w, http:\/\/spp3.slawno.pl\/wp-content\/uploads\/2021\/06\/x16.jpg 1072w\" sizes=\"(max-width: 762px) 100vw, 762px\" \/><\/p>\n","protected":false},"excerpt":{"rendered":"<div class=\"mh-excerpt\"><p>15.06.2021 klasy 6c i 6d odwiedzi\u0142y miasto Miko\u0142aja Kopernika Toru\u0144. To by\u0142 dzie\u0144 pe\u0142en emocji, wiele frajdy sprawi\u0142o pieczenie toru\u0144skich piernik\u00f3w pod okiem mistrzy\u0144 piekarnictwa, <a class=\"mh-excerpt-more\" href=\"http:\/\/spp3.slawno.pl\/?p=8047\" title=\"Wycieczka do Torunia klas 6c i 6d\">[&#8230;]<\/a><\/p>\n<\/div>","protected":false},"author":2,"featured_media":8049,"comment_status":"closed","ping_status":"open","sticky":false,"template":"","format":"standard","meta":{"footnotes":""},"categories":[8],"tags":[],"class_list":["post-8047","post","type-post","status-publish","format-standard","has-post-thumbnail","hentry","category-wydarzenia"],"_links":{"self":[{"href":"http:\/\/spp3.slawno.pl\/index.php?rest_route=\/wp\/v2\/posts\/8047"}],"collection":[{"href":"http:\/\/spp3.slawno.pl\/index.php?rest_route=\/wp\/v2\/posts"}],"about":[{"href":"http:\/\/spp3.slawno.pl\/index.php?rest_route=\/wp\/v2\/types\/post"}],"author":[{"embeddable":true,"href":"http:\/\/spp3.slawno.pl\/index.php?rest_route=\/wp\/v2\/users\/2"}],"replies":[{"embeddable":true,"href":"http:\/\/spp3.slawno.pl\/index.php?rest_route=%2Fwp%2Fv2%2Fcomments&post=8047"}],"version-history":[{"count":2,"href":"http:\/\/spp3.slawno.pl\/index.php?rest_route=\/wp\/v2\/posts\/8047\/revisions"}],"predecessor-version":[{"id":8390,"href":"http:\/\/spp3.slawno.pl\/index.php?rest_route=\/wp\/v2\/posts\/8047\/revisions\/8390"}],"wp:featuredmedia":[{"embeddable":true,"href":"http:\/\/spp3.slawno.pl\/index.php?rest_route=\/wp\/v2\/media\/8049"}],"wp:attachment":[{"href":"http:\/\/spp3.slawno.pl\/index.php?rest_route=%2Fwp%2Fv2%2Fmedia&parent=8047"}],"wp:term":[{"taxonomy":"category","embeddable":true,"href":"http:\/\/spp3.slawno.pl\/index.php?rest_route=%2Fwp%2Fv2%2Fcategories&post=8047"},{"taxonomy":"post_tag","embeddable":true,"href":"http:\/\/spp3.slawno.pl\/index.php?rest_route=%2Fwp%2Fv2%2Ftags&post=8047"}],"curies":[{"name":"wp","href":"https:\/\/api.w.org\/{rel}","templated":true}]}}