{"id":8090,"date":"2021-06-16T11:04:19","date_gmt":"2021-06-16T09:04:19","guid":{"rendered":"http:\/\/spp3.slawno.pl\/?p=8090"},"modified":"2021-08-18T10:06:27","modified_gmt":"2021-08-18T08:06:27","slug":"kampania-wyborcza-na-przewodniczaca-samorzadu-uczniowskiego","status":"publish","type":"post","link":"http:\/\/spp3.slawno.pl\/?p=8090","title":{"rendered":"Kampania wyborcza na przewodnicz\u0105c\u0105 samorz\u0105du uczniowskiego"},"content":{"rendered":"<div dir=\"auto\">Rozpocz\u0119\u0142a si\u0119 kampania wyborcza na przewodnicz\u0105c\u0105 samorz\u0105du uczniowskiego w roku 2021\/2022.<\/div>\n<div dir=\"auto\">Nasze kandydatki to:<\/div>\n<div dir=\"auto\">1. Dul Zuzanna<\/div>\n<div dir=\"auto\">2. Grzebie\u0144 Nina<\/div>\n<div dir=\"auto\">3. Wojciechowska Nina.<\/div>\n<div dir=\"auto\">Wybory ju\u017c w pi\u0105tek!<\/div>\n<div dir=\"auto\"><img loading=\"lazy\" decoding=\"async\" class=\"alignnone size-full wp-image-8091\" src=\"http:\/\/spp3.slawno.pl\/wp-content\/uploads\/2021\/06\/x40.jpg\" alt=\"Plakaty i kandydaci na wybory przewodnicz\u0105cych\" width=\"960\" height=\"688\" srcset=\"http:\/\/spp3.slawno.pl\/wp-content\/uploads\/2021\/06\/x40.jpg 960w, http:\/\/spp3.slawno.pl\/wp-content\/uploads\/2021\/06\/x40-300x215.jpg 300w, http:\/\/spp3.slawno.pl\/wp-content\/uploads\/2021\/06\/x40-768x550.jpg 768w\" sizes=\"(max-width: 960px) 100vw, 960px\" \/> <img loading=\"lazy\" decoding=\"async\" class=\"alignnone size-full wp-image-8092\" src=\"http:\/\/spp3.slawno.pl\/wp-content\/uploads\/2021\/06\/x41.jpg\" alt=\"Plakaty i kandydaci na wybory przewodnicz\u0105cych\" width=\"720\" height=\"960\" srcset=\"http:\/\/spp3.slawno.pl\/wp-content\/uploads\/2021\/06\/x41.jpg 720w, http:\/\/spp3.slawno.pl\/wp-content\/uploads\/2021\/06\/x41-225x300.jpg 225w\" sizes=\"(max-width: 720px) 100vw, 720px\" \/> <img loading=\"lazy\" decoding=\"async\" class=\"alignnone size-full wp-image-8093\" src=\"http:\/\/spp3.slawno.pl\/wp-content\/uploads\/2021\/06\/x42.jpg\" alt=\"Plakaty i kandydaci na wybory przewodnicz\u0105cych\" width=\"720\" height=\"960\" srcset=\"http:\/\/spp3.slawno.pl\/wp-content\/uploads\/2021\/06\/x42.jpg 720w, http:\/\/spp3.slawno.pl\/wp-content\/uploads\/2021\/06\/x42-225x300.jpg 225w\" sizes=\"(max-width: 720px) 100vw, 720px\" \/> <img loading=\"lazy\" decoding=\"async\" class=\"alignnone size-full wp-image-8094\" src=\"http:\/\/spp3.slawno.pl\/wp-content\/uploads\/2021\/06\/x43.jpg\" alt=\"Plakaty i kandydaci na wybory przewodnicz\u0105cych\" width=\"720\" height=\"960\" srcset=\"http:\/\/spp3.slawno.pl\/wp-content\/uploads\/2021\/06\/x43.jpg 720w, http:\/\/spp3.slawno.pl\/wp-content\/uploads\/2021\/06\/x43-225x300.jpg 225w\" sizes=\"(max-width: 720px) 100vw, 720px\" \/> <img loading=\"lazy\" decoding=\"async\" class=\"alignnone size-full wp-image-8095\" src=\"http:\/\/spp3.slawno.pl\/wp-content\/uploads\/2021\/06\/x44.jpg\" alt=\"Plakaty i kandydaci na wybory przewodnicz\u0105cych\" width=\"720\" height=\"960\" srcset=\"http:\/\/spp3.slawno.pl\/wp-content\/uploads\/2021\/06\/x44.jpg 720w, http:\/\/spp3.slawno.pl\/wp-content\/uploads\/2021\/06\/x44-225x300.jpg 225w\" sizes=\"(max-width: 720px) 100vw, 720px\" \/> <img loading=\"lazy\" decoding=\"async\" class=\"alignnone size-full wp-image-8096\" src=\"http:\/\/spp3.slawno.pl\/wp-content\/uploads\/2021\/06\/x45.jpg\" alt=\"Plakaty i kandydaci na wybory przewodnicz\u0105cych\" width=\"960\" height=\"720\" srcset=\"http:\/\/spp3.slawno.pl\/wp-content\/uploads\/2021\/06\/x45.jpg 960w, http:\/\/spp3.slawno.pl\/wp-content\/uploads\/2021\/06\/x45-300x225.jpg 300w, http:\/\/spp3.slawno.pl\/wp-content\/uploads\/2021\/06\/x45-768x576.jpg 768w, http:\/\/spp3.slawno.pl\/wp-content\/uploads\/2021\/06\/x45-678x509.jpg 678w, http:\/\/spp3.slawno.pl\/wp-content\/uploads\/2021\/06\/x45-326x245.jpg 326w, http:\/\/spp3.slawno.pl\/wp-content\/uploads\/2021\/06\/x45-80x60.jpg 80w\" sizes=\"(max-width: 960px) 100vw, 960px\" \/><\/div>\n","protected":false},"excerpt":{"rendered":"<div class=\"mh-excerpt\"><p>Rozpocz\u0119\u0142a si\u0119 kampania wyborcza na przewodnicz\u0105c\u0105 samorz\u0105du uczniowskiego w roku 2021\/2022. Nasze kandydatki to: 1. Dul Zuzanna 2. Grzebie\u0144 Nina 3. Wojciechowska Nina. Wybory ju\u017c <a class=\"mh-excerpt-more\" href=\"http:\/\/spp3.slawno.pl\/?p=8090\" title=\"Kampania wyborcza na przewodnicz\u0105c\u0105 samorz\u0105du uczniowskiego\">[&#8230;]<\/a><\/p>\n<\/div>","protected":false},"author":2,"featured_media":8091,"comment_status":"closed","ping_status":"open","sticky":false,"template":"","format":"standard","meta":{"footnotes":""},"categories":[7,8],"tags":[],"class_list":["post-8090","post","type-post","status-publish","format-standard","has-post-thumbnail","hentry","category-konkursy","category-wydarzenia"],"_links":{"self":[{"href":"http:\/\/spp3.slawno.pl\/index.php?rest_route=\/wp\/v2\/posts\/8090"}],"collection":[{"href":"http:\/\/spp3.slawno.pl\/index.php?rest_route=\/wp\/v2\/posts"}],"about":[{"href":"http:\/\/spp3.slawno.pl\/index.php?rest_route=\/wp\/v2\/types\/post"}],"author":[{"embeddable":true,"href":"http:\/\/spp3.slawno.pl\/index.php?rest_route=\/wp\/v2\/users\/2"}],"replies":[{"embeddable":true,"href":"http:\/\/spp3.slawno.pl\/index.php?rest_route=%2Fwp%2Fv2%2Fcomments&post=8090"}],"version-history":[{"count":2,"href":"http:\/\/spp3.slawno.pl\/index.php?rest_route=\/wp\/v2\/posts\/8090\/revisions"}],"predecessor-version":[{"id":8391,"href":"http:\/\/spp3.slawno.pl\/index.php?rest_route=\/wp\/v2\/posts\/8090\/revisions\/8391"}],"wp:featuredmedia":[{"embeddable":true,"href":"http:\/\/spp3.slawno.pl\/index.php?rest_route=\/wp\/v2\/media\/8091"}],"wp:attachment":[{"href":"http:\/\/spp3.slawno.pl\/index.php?rest_route=%2Fwp%2Fv2%2Fmedia&parent=8090"}],"wp:term":[{"taxonomy":"category","embeddable":true,"href":"http:\/\/spp3.slawno.pl\/index.php?rest_route=%2Fwp%2Fv2%2Fcategories&post=8090"},{"taxonomy":"post_tag","embeddable":true,"href":"http:\/\/spp3.slawno.pl\/index.php?rest_route=%2Fwp%2Fv2%2Ftags&post=8090"}],"curies":[{"name":"wp","href":"https:\/\/api.w.org\/{rel}","templated":true}]}}