{"id":8098,"date":"2021-06-16T11:14:53","date_gmt":"2021-06-16T09:14:53","guid":{"rendered":"http:\/\/spp3.slawno.pl\/?p=8098"},"modified":"2021-06-16T11:15:41","modified_gmt":"2021-06-16T09:15:41","slug":"wycieczka-krupy-klasa-2d","status":"publish","type":"post","link":"http:\/\/spp3.slawno.pl\/?p=8098","title":{"rendered":"Wycieczka Krupy &#8211; klasa 2d"},"content":{"rendered":"<p>Park Edukacji i Rozrywki Leonardia &#8211; tam w dniu 08.06.2021r. klas IId wybra\u0142a si\u0119 na wycieczk\u0119. Uczniowie mieli okazj\u0119 bra\u0107 udzia\u0142 w grach i zabawach ucz\u0105cych logicznego my\u015blenia, sprawno\u015bci i spostrzegawczo\u015bci. Na zako\u0144czenie uczniowie piekli kie\u0142baski oraz chlebek przy ognisku.By\u0142 to czas niesamowitych wra\u017ce\u0144 i atrakcji.<\/p>\n<p><img loading=\"lazy\" decoding=\"async\" class=\"alignnone size-full wp-image-8099\" src=\"http:\/\/spp3.slawno.pl\/wp-content\/uploads\/2021\/06\/x50.jpg\" alt=\"Uczniowie na wycieczce w Krupach\" width=\"692\" height=\"922\" srcset=\"http:\/\/spp3.slawno.pl\/wp-content\/uploads\/2021\/06\/x50.jpg 692w, http:\/\/spp3.slawno.pl\/wp-content\/uploads\/2021\/06\/x50-225x300.jpg 225w\" sizes=\"(max-width: 692px) 100vw, 692px\" \/> <img loading=\"lazy\" decoding=\"async\" class=\"alignnone size-full wp-image-8100\" src=\"http:\/\/spp3.slawno.pl\/wp-content\/uploads\/2021\/06\/x51.jpg\" alt=\"Uczniowie na wycieczce w Krupach\" width=\"922\" height=\"692\" srcset=\"http:\/\/spp3.slawno.pl\/wp-content\/uploads\/2021\/06\/x51.jpg 922w, http:\/\/spp3.slawno.pl\/wp-content\/uploads\/2021\/06\/x51-300x225.jpg 300w, http:\/\/spp3.slawno.pl\/wp-content\/uploads\/2021\/06\/x51-768x576.jpg 768w, http:\/\/spp3.slawno.pl\/wp-content\/uploads\/2021\/06\/x51-678x509.jpg 678w, http:\/\/spp3.slawno.pl\/wp-content\/uploads\/2021\/06\/x51-326x245.jpg 326w, http:\/\/spp3.slawno.pl\/wp-content\/uploads\/2021\/06\/x51-80x60.jpg 80w\" sizes=\"(max-width: 922px) 100vw, 922px\" \/> <img loading=\"lazy\" decoding=\"async\" class=\"alignnone size-full wp-image-8101\" src=\"http:\/\/spp3.slawno.pl\/wp-content\/uploads\/2021\/06\/x52.jpg\" alt=\"Uczniowie na wycieczce w Krupach\" width=\"692\" height=\"922\" srcset=\"http:\/\/spp3.slawno.pl\/wp-content\/uploads\/2021\/06\/x52.jpg 692w, http:\/\/spp3.slawno.pl\/wp-content\/uploads\/2021\/06\/x52-225x300.jpg 225w\" sizes=\"(max-width: 692px) 100vw, 692px\" \/> <img loading=\"lazy\" decoding=\"async\" class=\"alignnone size-full wp-image-8102\" src=\"http:\/\/spp3.slawno.pl\/wp-content\/uploads\/2021\/06\/x53.jpg\" alt=\"Uczniowie na wycieczce w Krupach\" width=\"922\" height=\"692\" srcset=\"http:\/\/spp3.slawno.pl\/wp-content\/uploads\/2021\/06\/x53.jpg 922w, http:\/\/spp3.slawno.pl\/wp-content\/uploads\/2021\/06\/x53-300x225.jpg 300w, http:\/\/spp3.slawno.pl\/wp-content\/uploads\/2021\/06\/x53-768x576.jpg 768w, http:\/\/spp3.slawno.pl\/wp-content\/uploads\/2021\/06\/x53-678x509.jpg 678w, http:\/\/spp3.slawno.pl\/wp-content\/uploads\/2021\/06\/x53-326x245.jpg 326w, http:\/\/spp3.slawno.pl\/wp-content\/uploads\/2021\/06\/x53-80x60.jpg 80w\" sizes=\"(max-width: 922px) 100vw, 922px\" \/> <img loading=\"lazy\" decoding=\"async\" class=\"alignnone size-full wp-image-8103\" src=\"http:\/\/spp3.slawno.pl\/wp-content\/uploads\/2021\/06\/x54.jpg\" alt=\"Uczniowie na wycieczce w Krupach\" width=\"692\" height=\"922\" srcset=\"http:\/\/spp3.slawno.pl\/wp-content\/uploads\/2021\/06\/x54.jpg 692w, http:\/\/spp3.slawno.pl\/wp-content\/uploads\/2021\/06\/x54-225x300.jpg 225w\" sizes=\"(max-width: 692px) 100vw, 692px\" \/> <img loading=\"lazy\" decoding=\"async\" class=\"alignnone size-full wp-image-8104\" src=\"http:\/\/spp3.slawno.pl\/wp-content\/uploads\/2021\/06\/x55.jpg\" alt=\"Uczniowie na wycieczce w Krupach\" width=\"922\" height=\"692\" srcset=\"http:\/\/spp3.slawno.pl\/wp-content\/uploads\/2021\/06\/x55.jpg 922w, http:\/\/spp3.slawno.pl\/wp-content\/uploads\/2021\/06\/x55-300x225.jpg 300w, http:\/\/spp3.slawno.pl\/wp-content\/uploads\/2021\/06\/x55-768x576.jpg 768w, http:\/\/spp3.slawno.pl\/wp-content\/uploads\/2021\/06\/x55-678x509.jpg 678w, http:\/\/spp3.slawno.pl\/wp-content\/uploads\/2021\/06\/x55-326x245.jpg 326w, http:\/\/spp3.slawno.pl\/wp-content\/uploads\/2021\/06\/x55-80x60.jpg 80w\" sizes=\"(max-width: 922px) 100vw, 922px\" \/> <img loading=\"lazy\" decoding=\"async\" class=\"alignnone size-full wp-image-8105\" src=\"http:\/\/spp3.slawno.pl\/wp-content\/uploads\/2021\/06\/x56.jpg\" alt=\"Uczniowie na wycieczce w Krupach\" width=\"922\" height=\"692\" srcset=\"http:\/\/spp3.slawno.pl\/wp-content\/uploads\/2021\/06\/x56.jpg 922w, http:\/\/spp3.slawno.pl\/wp-content\/uploads\/2021\/06\/x56-300x225.jpg 300w, http:\/\/spp3.slawno.pl\/wp-content\/uploads\/2021\/06\/x56-768x576.jpg 768w, http:\/\/spp3.slawno.pl\/wp-content\/uploads\/2021\/06\/x56-678x509.jpg 678w, http:\/\/spp3.slawno.pl\/wp-content\/uploads\/2021\/06\/x56-326x245.jpg 326w, http:\/\/spp3.slawno.pl\/wp-content\/uploads\/2021\/06\/x56-80x60.jpg 80w\" sizes=\"(max-width: 922px) 100vw, 922px\" \/> <img loading=\"lazy\" decoding=\"async\" class=\"alignnone size-full wp-image-8106\" src=\"http:\/\/spp3.slawno.pl\/wp-content\/uploads\/2021\/06\/x57.jpg\" alt=\"Uczniowie na wycieczce w Krupach\" width=\"922\" height=\"692\" srcset=\"http:\/\/spp3.slawno.pl\/wp-content\/uploads\/2021\/06\/x57.jpg 922w, http:\/\/spp3.slawno.pl\/wp-content\/uploads\/2021\/06\/x57-300x225.jpg 300w, http:\/\/spp3.slawno.pl\/wp-content\/uploads\/2021\/06\/x57-768x576.jpg 768w, http:\/\/spp3.slawno.pl\/wp-content\/uploads\/2021\/06\/x57-678x509.jpg 678w, http:\/\/spp3.slawno.pl\/wp-content\/uploads\/2021\/06\/x57-326x245.jpg 326w, http:\/\/spp3.slawno.pl\/wp-content\/uploads\/2021\/06\/x57-80x60.jpg 80w\" sizes=\"(max-width: 922px) 100vw, 922px\" \/> <img loading=\"lazy\" decoding=\"async\" class=\"alignnone size-full wp-image-8107\" src=\"http:\/\/spp3.slawno.pl\/wp-content\/uploads\/2021\/06\/x58.jpg\" alt=\"Uczniowie na wycieczce w Krupach\" width=\"922\" height=\"692\" srcset=\"http:\/\/spp3.slawno.pl\/wp-content\/uploads\/2021\/06\/x58.jpg 922w, http:\/\/spp3.slawno.pl\/wp-content\/uploads\/2021\/06\/x58-300x225.jpg 300w, http:\/\/spp3.slawno.pl\/wp-content\/uploads\/2021\/06\/x58-768x576.jpg 768w, http:\/\/spp3.slawno.pl\/wp-content\/uploads\/2021\/06\/x58-678x509.jpg 678w, http:\/\/spp3.slawno.pl\/wp-content\/uploads\/2021\/06\/x58-326x245.jpg 326w, http:\/\/spp3.slawno.pl\/wp-content\/uploads\/2021\/06\/x58-80x60.jpg 80w\" sizes=\"(max-width: 922px) 100vw, 922px\" \/> <img loading=\"lazy\" decoding=\"async\" class=\"alignnone size-full wp-image-8108\" src=\"http:\/\/spp3.slawno.pl\/wp-content\/uploads\/2021\/06\/x59.jpg\" alt=\"Uczniowie na wycieczce w Krupach\" width=\"922\" height=\"692\" srcset=\"http:\/\/spp3.slawno.pl\/wp-content\/uploads\/2021\/06\/x59.jpg 922w, http:\/\/spp3.slawno.pl\/wp-content\/uploads\/2021\/06\/x59-300x225.jpg 300w, http:\/\/spp3.slawno.pl\/wp-content\/uploads\/2021\/06\/x59-768x576.jpg 768w, http:\/\/spp3.slawno.pl\/wp-content\/uploads\/2021\/06\/x59-678x509.jpg 678w, http:\/\/spp3.slawno.pl\/wp-content\/uploads\/2021\/06\/x59-326x245.jpg 326w, http:\/\/spp3.slawno.pl\/wp-content\/uploads\/2021\/06\/x59-80x60.jpg 80w\" sizes=\"(max-width: 922px) 100vw, 922px\" \/><\/p>\n","protected":false},"excerpt":{"rendered":"<div class=\"mh-excerpt\"><p>Park Edukacji i Rozrywki Leonardia &#8211; tam w dniu 08.06.2021r. klas IId wybra\u0142a si\u0119 na wycieczk\u0119. Uczniowie mieli okazj\u0119 bra\u0107 udzia\u0142 w grach i zabawach <a class=\"mh-excerpt-more\" href=\"http:\/\/spp3.slawno.pl\/?p=8098\" title=\"Wycieczka Krupy &#8211; klasa 2d\">[&#8230;]<\/a><\/p>\n<\/div>","protected":false},"author":2,"featured_media":8100,"comment_status":"closed","ping_status":"open","sticky":false,"template":"","format":"standard","meta":{"footnotes":""},"categories":[8],"tags":[],"class_list":["post-8098","post","type-post","status-publish","format-standard","has-post-thumbnail","hentry","category-wydarzenia"],"_links":{"self":[{"href":"http:\/\/spp3.slawno.pl\/index.php?rest_route=\/wp\/v2\/posts\/8098"}],"collection":[{"href":"http:\/\/spp3.slawno.pl\/index.php?rest_route=\/wp\/v2\/posts"}],"about":[{"href":"http:\/\/spp3.slawno.pl\/index.php?rest_route=\/wp\/v2\/types\/post"}],"author":[{"embeddable":true,"href":"http:\/\/spp3.slawno.pl\/index.php?rest_route=\/wp\/v2\/users\/2"}],"replies":[{"embeddable":true,"href":"http:\/\/spp3.slawno.pl\/index.php?rest_route=%2Fwp%2Fv2%2Fcomments&post=8098"}],"version-history":[{"count":1,"href":"http:\/\/spp3.slawno.pl\/index.php?rest_route=\/wp\/v2\/posts\/8098\/revisions"}],"predecessor-version":[{"id":8109,"href":"http:\/\/spp3.slawno.pl\/index.php?rest_route=\/wp\/v2\/posts\/8098\/revisions\/8109"}],"wp:featuredmedia":[{"embeddable":true,"href":"http:\/\/spp3.slawno.pl\/index.php?rest_route=\/wp\/v2\/media\/8100"}],"wp:attachment":[{"href":"http:\/\/spp3.slawno.pl\/index.php?rest_route=%2Fwp%2Fv2%2Fmedia&parent=8098"}],"wp:term":[{"taxonomy":"category","embeddable":true,"href":"http:\/\/spp3.slawno.pl\/index.php?rest_route=%2Fwp%2Fv2%2Fcategories&post=8098"},{"taxonomy":"post_tag","embeddable":true,"href":"http:\/\/spp3.slawno.pl\/index.php?rest_route=%2Fwp%2Fv2%2Ftags&post=8098"}],"curies":[{"name":"wp","href":"https:\/\/api.w.org\/{rel}","templated":true}]}}