{"id":8115,"date":"2021-06-17T13:58:09","date_gmt":"2021-06-17T11:58:09","guid":{"rendered":"http:\/\/spp3.slawno.pl\/?p=8115"},"modified":"2021-06-17T13:58:35","modified_gmt":"2021-06-17T11:58:35","slug":"kuba-korowajczyk-w-finale-igrzysk-mlodziezy-szkolnej","status":"publish","type":"post","link":"http:\/\/spp3.slawno.pl\/?p=8115","title":{"rendered":"Kuba Korowajczyk w Finale Igrzysk M\u0142odzie\u017cy Szkolnej"},"content":{"rendered":"<p>Jakub Korowajczyk, ucze\u0144 SP nr 3 w S\u0142awnie, zanotowa\u0142 rewelacyjny start w Finale Wojew\u00f3dzkich Igrzysk M\u0142odzie\u017cy Szkolnej. W zawodach lekkoatletycznych rozegranych w Bia\u0142ogardzie rywalizacj\u0119 w skoku wzwy\u017c rozpocz\u0105\u0142 od 160 cm w chwili, gdy konkurenci ju\u017c zako\u0144czyli sw\u00f3j udzia\u0142 w konkursie. Samotnie pokonywa\u0142 kolejne wysoko\u015bci a\u017c do zaliczonych w pierwszej pr\u00f3bie 186 cm!!! Wynik ten jest o 1 cm lepszy od oficjalnego<strong> rekordu wojew\u00f3dztwa 14-latk\u00f3w<\/strong>. Zdobycie <strong>z\u0142otego medalu i tytu\u0142u Mistrza Wojew\u00f3dztwa<\/strong> by\u0142o mo\u017cliwe dzi\u0119ki zaanga\u017cowaniu <strong>rodzic\u00f3w Jakuba<\/strong> oraz <strong>trener\u00f3w MKS \u201e\u015awi\u0119c\u201d S\u0142awno<\/strong>. Gratulujemy sportowej postawy i godnego reprezentowania szko\u0142y i miasta S\u0142awno na arenie wojew\u00f3dzkiej !!!<\/p>\n<p><img loading=\"lazy\" decoding=\"async\" class=\"alignnone size-full wp-image-8119\" src=\"http:\/\/spp3.slawno.pl\/wp-content\/uploads\/2021\/06\/d4.jpg\" alt=\"Ucze\u0144 ze z\u0142otym medalem Fina\u0142 Igrzysk M\u0142odzie\u017cy Szkolnej\" width=\"1014\" height=\"730\" srcset=\"http:\/\/spp3.slawno.pl\/wp-content\/uploads\/2021\/06\/d4.jpg 1014w, http:\/\/spp3.slawno.pl\/wp-content\/uploads\/2021\/06\/d4-300x216.jpg 300w, http:\/\/spp3.slawno.pl\/wp-content\/uploads\/2021\/06\/d4-768x553.jpg 768w\" sizes=\"(max-width: 1014px) 100vw, 1014px\" \/> <img loading=\"lazy\" decoding=\"async\" class=\"alignnone size-large wp-image-8118\" src=\"http:\/\/spp3.slawno.pl\/wp-content\/uploads\/2021\/06\/d3-1024x757.jpg\" alt=\"Z\u0142oty medal Kuby Korowajczyka\" width=\"1024\" height=\"757\" srcset=\"http:\/\/spp3.slawno.pl\/wp-content\/uploads\/2021\/06\/d3.jpg 1024w, http:\/\/spp3.slawno.pl\/wp-content\/uploads\/2021\/06\/d3-300x222.jpg 300w, http:\/\/spp3.slawno.pl\/wp-content\/uploads\/2021\/06\/d3-768x568.jpg 768w, http:\/\/spp3.slawno.pl\/wp-content\/uploads\/2021\/06\/d3-80x60.jpg 80w\" sizes=\"(max-width: 1024px) 100vw, 1024px\" \/> <img loading=\"lazy\" decoding=\"async\" class=\"alignnone size-full wp-image-8117\" src=\"http:\/\/spp3.slawno.pl\/wp-content\/uploads\/2021\/06\/d2.jpg\" alt=\"Ucze\u0144 ze z\u0142otym medalem Fina\u0142 Igrzysk M\u0142odzie\u017cy Szkolnej\" width=\"768\" height=\"709\" srcset=\"http:\/\/spp3.slawno.pl\/wp-content\/uploads\/2021\/06\/d2.jpg 768w, http:\/\/spp3.slawno.pl\/wp-content\/uploads\/2021\/06\/d2-300x277.jpg 300w\" sizes=\"(max-width: 768px) 100vw, 768px\" \/> <img loading=\"lazy\" decoding=\"async\" class=\"alignnone size-full wp-image-8116\" src=\"http:\/\/spp3.slawno.pl\/wp-content\/uploads\/2021\/06\/d1.jpg\" alt=\"Ucze\u0144 ze z\u0142otym medalem Fina\u0142 Igrzysk M\u0142odzie\u017cy Szkolnej\" width=\"975\" height=\"750\" srcset=\"http:\/\/spp3.slawno.pl\/wp-content\/uploads\/2021\/06\/d1.jpg 975w, http:\/\/spp3.slawno.pl\/wp-content\/uploads\/2021\/06\/d1-300x231.jpg 300w, http:\/\/spp3.slawno.pl\/wp-content\/uploads\/2021\/06\/d1-768x591.jpg 768w\" sizes=\"(max-width: 975px) 100vw, 975px\" \/><\/p>\n","protected":false},"excerpt":{"rendered":"<div class=\"mh-excerpt\"><p>Jakub Korowajczyk, ucze\u0144 SP nr 3 w S\u0142awnie, zanotowa\u0142 rewelacyjny start w Finale Wojew\u00f3dzkich Igrzysk M\u0142odzie\u017cy Szkolnej. W zawodach lekkoatletycznych rozegranych w Bia\u0142ogardzie rywalizacj\u0119 w <a class=\"mh-excerpt-more\" href=\"http:\/\/spp3.slawno.pl\/?p=8115\" title=\"Kuba Korowajczyk w Finale Igrzysk M\u0142odzie\u017cy Szkolnej\">[&#8230;]<\/a><\/p>\n<\/div>","protected":false},"author":2,"featured_media":8119,"comment_status":"closed","ping_status":"open","sticky":false,"template":"","format":"standard","meta":{"footnotes":""},"categories":[7,6,8],"tags":[],"class_list":["post-8115","post","type-post","status-publish","format-standard","has-post-thumbnail","hentry","category-konkursy","category-sport","category-wydarzenia"],"_links":{"self":[{"href":"http:\/\/spp3.slawno.pl\/index.php?rest_route=\/wp\/v2\/posts\/8115"}],"collection":[{"href":"http:\/\/spp3.slawno.pl\/index.php?rest_route=\/wp\/v2\/posts"}],"about":[{"href":"http:\/\/spp3.slawno.pl\/index.php?rest_route=\/wp\/v2\/types\/post"}],"author":[{"embeddable":true,"href":"http:\/\/spp3.slawno.pl\/index.php?rest_route=\/wp\/v2\/users\/2"}],"replies":[{"embeddable":true,"href":"http:\/\/spp3.slawno.pl\/index.php?rest_route=%2Fwp%2Fv2%2Fcomments&post=8115"}],"version-history":[{"count":1,"href":"http:\/\/spp3.slawno.pl\/index.php?rest_route=\/wp\/v2\/posts\/8115\/revisions"}],"predecessor-version":[{"id":8124,"href":"http:\/\/spp3.slawno.pl\/index.php?rest_route=\/wp\/v2\/posts\/8115\/revisions\/8124"}],"wp:featuredmedia":[{"embeddable":true,"href":"http:\/\/spp3.slawno.pl\/index.php?rest_route=\/wp\/v2\/media\/8119"}],"wp:attachment":[{"href":"http:\/\/spp3.slawno.pl\/index.php?rest_route=%2Fwp%2Fv2%2Fmedia&parent=8115"}],"wp:term":[{"taxonomy":"category","embeddable":true,"href":"http:\/\/spp3.slawno.pl\/index.php?rest_route=%2Fwp%2Fv2%2Fcategories&post=8115"},{"taxonomy":"post_tag","embeddable":true,"href":"http:\/\/spp3.slawno.pl\/index.php?rest_route=%2Fwp%2Fv2%2Ftags&post=8115"}],"curies":[{"name":"wp","href":"https:\/\/api.w.org\/{rel}","templated":true}]}}