{"id":8125,"date":"2021-06-18T12:27:47","date_gmt":"2021-06-18T10:27:47","guid":{"rendered":"http:\/\/spp3.slawno.pl\/?p=8125"},"modified":"2021-06-18T15:45:59","modified_gmt":"2021-06-18T13:45:59","slug":"dzis-koniec-kampanii-wyborczej","status":"publish","type":"post","link":"http:\/\/spp3.slawno.pl\/?p=8125","title":{"rendered":"Dzi\u015b koniec kampanii wyborczej"},"content":{"rendered":"<p>W dniu dzisiejszym wybory na przewodnicz\u0105c\u0105 SU.<\/p>\n<p><span class=\"d2edcug0 hpfvmrgz qv66sw1b c1et5uql lr9zc1uh a8c37x1j keod5gw0 nxhoafnm aigsh9s9 d3f4x2em fe6kdd0r mau55g9w c8b282yb iv3no6db jq4qci2q a3bd9o3v knj5qynh oo9gr5id hzawbc8m\" dir=\"auto\">W dzisiejsz\u0105 kampani\u0119 zaanga\u017cowali si\u0119 m\u0142odsi i starsi. Fajnie mie\u0107 przyjaci\u00f3\u0142&#8230;<\/span><\/p>\n<p><img loading=\"lazy\" decoding=\"async\" class=\"alignnone size-full wp-image-8126\" src=\"http:\/\/spp3.slawno.pl\/wp-content\/uploads\/2021\/06\/1-9.jpg\" alt=\"Uczennice startuj\u0105ce w wyborach do SU i ich wyborcy\" width=\"960\" height=\"720\" srcset=\"http:\/\/spp3.slawno.pl\/wp-content\/uploads\/2021\/06\/1-9.jpg 960w, http:\/\/spp3.slawno.pl\/wp-content\/uploads\/2021\/06\/1-9-300x225.jpg 300w, http:\/\/spp3.slawno.pl\/wp-content\/uploads\/2021\/06\/1-9-768x576.jpg 768w, http:\/\/spp3.slawno.pl\/wp-content\/uploads\/2021\/06\/1-9-678x509.jpg 678w, http:\/\/spp3.slawno.pl\/wp-content\/uploads\/2021\/06\/1-9-326x245.jpg 326w, http:\/\/spp3.slawno.pl\/wp-content\/uploads\/2021\/06\/1-9-80x60.jpg 80w\" sizes=\"(max-width: 960px) 100vw, 960px\" \/><img loading=\"lazy\" decoding=\"async\" class=\"alignnone size-full wp-image-8127\" src=\"http:\/\/spp3.slawno.pl\/wp-content\/uploads\/2021\/06\/2-4.jpg\" alt=\"Uczennice startuj\u0105ce w wyborach do SU i ich wyborcy\" width=\"960\" height=\"720\" srcset=\"http:\/\/spp3.slawno.pl\/wp-content\/uploads\/2021\/06\/2-4.jpg 960w, http:\/\/spp3.slawno.pl\/wp-content\/uploads\/2021\/06\/2-4-300x225.jpg 300w, http:\/\/spp3.slawno.pl\/wp-content\/uploads\/2021\/06\/2-4-768x576.jpg 768w, http:\/\/spp3.slawno.pl\/wp-content\/uploads\/2021\/06\/2-4-678x509.jpg 678w, http:\/\/spp3.slawno.pl\/wp-content\/uploads\/2021\/06\/2-4-326x245.jpg 326w, http:\/\/spp3.slawno.pl\/wp-content\/uploads\/2021\/06\/2-4-80x60.jpg 80w\" sizes=\"(max-width: 960px) 100vw, 960px\" \/> <img loading=\"lazy\" decoding=\"async\" class=\"alignnone size-full wp-image-8128\" src=\"http:\/\/spp3.slawno.pl\/wp-content\/uploads\/2021\/06\/3-3.jpg\" alt=\"Uczennice startuj\u0105ce w wyborach do SU i ich wyborcy\" width=\"960\" height=\"720\" srcset=\"http:\/\/spp3.slawno.pl\/wp-content\/uploads\/2021\/06\/3-3.jpg 960w, http:\/\/spp3.slawno.pl\/wp-content\/uploads\/2021\/06\/3-3-300x225.jpg 300w, http:\/\/spp3.slawno.pl\/wp-content\/uploads\/2021\/06\/3-3-768x576.jpg 768w, http:\/\/spp3.slawno.pl\/wp-content\/uploads\/2021\/06\/3-3-678x509.jpg 678w, http:\/\/spp3.slawno.pl\/wp-content\/uploads\/2021\/06\/3-3-326x245.jpg 326w, http:\/\/spp3.slawno.pl\/wp-content\/uploads\/2021\/06\/3-3-80x60.jpg 80w\" sizes=\"(max-width: 960px) 100vw, 960px\" \/> <img loading=\"lazy\" decoding=\"async\" class=\"alignnone size-full wp-image-8129\" src=\"http:\/\/spp3.slawno.pl\/wp-content\/uploads\/2021\/06\/4-4.jpg\" alt=\"Uczennice startuj\u0105ce w wyborach do SU i ich wyborcy\" width=\"720\" height=\"960\" srcset=\"http:\/\/spp3.slawno.pl\/wp-content\/uploads\/2021\/06\/4-4.jpg 720w, http:\/\/spp3.slawno.pl\/wp-content\/uploads\/2021\/06\/4-4-225x300.jpg 225w\" sizes=\"(max-width: 720px) 100vw, 720px\" \/> <img loading=\"lazy\" decoding=\"async\" class=\"alignnone size-full wp-image-8130\" src=\"http:\/\/spp3.slawno.pl\/wp-content\/uploads\/2021\/06\/5-2.jpg\" alt=\"Uczennice startuj\u0105ce w wyborach do SU i ich wyborcy\" width=\"720\" height=\"960\" srcset=\"http:\/\/spp3.slawno.pl\/wp-content\/uploads\/2021\/06\/5-2.jpg 720w, http:\/\/spp3.slawno.pl\/wp-content\/uploads\/2021\/06\/5-2-225x300.jpg 225w\" sizes=\"(max-width: 720px) 100vw, 720px\" \/> <img loading=\"lazy\" decoding=\"async\" class=\"alignnone size-full wp-image-8131\" src=\"http:\/\/spp3.slawno.pl\/wp-content\/uploads\/2021\/06\/6-2.jpg\" alt=\"Uczennice startuj\u0105ce w wyborach do SU i ich wyborcy\" width=\"720\" height=\"960\" srcset=\"http:\/\/spp3.slawno.pl\/wp-content\/uploads\/2021\/06\/6-2.jpg 720w, http:\/\/spp3.slawno.pl\/wp-content\/uploads\/2021\/06\/6-2-225x300.jpg 225w\" sizes=\"(max-width: 720px) 100vw, 720px\" \/><\/p>\n","protected":false},"excerpt":{"rendered":"<div class=\"mh-excerpt\"><p>W dniu dzisiejszym wybory na przewodnicz\u0105c\u0105 SU. W dzisiejsz\u0105 kampani\u0119 zaanga\u017cowali si\u0119 m\u0142odsi i starsi. Fajnie mie\u0107 przyjaci\u00f3\u0142&#8230;<\/p>\n<\/div>","protected":false},"author":2,"featured_media":8127,"comment_status":"closed","ping_status":"open","sticky":false,"template":"","format":"standard","meta":{"footnotes":""},"categories":[8],"tags":[],"class_list":["post-8125","post","type-post","status-publish","format-standard","has-post-thumbnail","hentry","category-wydarzenia"],"_links":{"self":[{"href":"http:\/\/spp3.slawno.pl\/index.php?rest_route=\/wp\/v2\/posts\/8125"}],"collection":[{"href":"http:\/\/spp3.slawno.pl\/index.php?rest_route=\/wp\/v2\/posts"}],"about":[{"href":"http:\/\/spp3.slawno.pl\/index.php?rest_route=\/wp\/v2\/types\/post"}],"author":[{"embeddable":true,"href":"http:\/\/spp3.slawno.pl\/index.php?rest_route=\/wp\/v2\/users\/2"}],"replies":[{"embeddable":true,"href":"http:\/\/spp3.slawno.pl\/index.php?rest_route=%2Fwp%2Fv2%2Fcomments&post=8125"}],"version-history":[{"count":1,"href":"http:\/\/spp3.slawno.pl\/index.php?rest_route=\/wp\/v2\/posts\/8125\/revisions"}],"predecessor-version":[{"id":8132,"href":"http:\/\/spp3.slawno.pl\/index.php?rest_route=\/wp\/v2\/posts\/8125\/revisions\/8132"}],"wp:featuredmedia":[{"embeddable":true,"href":"http:\/\/spp3.slawno.pl\/index.php?rest_route=\/wp\/v2\/media\/8127"}],"wp:attachment":[{"href":"http:\/\/spp3.slawno.pl\/index.php?rest_route=%2Fwp%2Fv2%2Fmedia&parent=8125"}],"wp:term":[{"taxonomy":"category","embeddable":true,"href":"http:\/\/spp3.slawno.pl\/index.php?rest_route=%2Fwp%2Fv2%2Fcategories&post=8125"},{"taxonomy":"post_tag","embeddable":true,"href":"http:\/\/spp3.slawno.pl\/index.php?rest_route=%2Fwp%2Fv2%2Ftags&post=8125"}],"curies":[{"name":"wp","href":"https:\/\/api.w.org\/{rel}","templated":true}]}}