{"id":8145,"date":"2021-06-18T15:45:24","date_gmt":"2021-06-18T13:45:24","guid":{"rendered":"http:\/\/spp3.slawno.pl\/?p=8145"},"modified":"2021-06-18T15:49:33","modified_gmt":"2021-06-18T13:49:33","slug":"3b-w-dolinie-charlotty","status":"publish","type":"post","link":"http:\/\/spp3.slawno.pl\/?p=8145","title":{"rendered":"3b w Dolinie Charlotty"},"content":{"rendered":"<p>Klasa III b uda\u0142a si\u0119 na wspania\u0142\u0105 wycieczk\u0119 do Doliny Charlotty. Czeka\u0142o na nas mn\u00f3stwo atrakcji : ZOO , pokaz karmienia fok oraz rejs statkiem po wodnym safari.\u00a0Pogoda i co najwa\u017cniejsze humoru dopisywa\u0142y nam do samego ko\u0144ca.<\/p>\n<p><img loading=\"lazy\" decoding=\"async\" class=\"alignnone size-full wp-image-8146\" src=\"http:\/\/spp3.slawno.pl\/wp-content\/uploads\/2021\/06\/121.jpg\" alt=\"Uczniowie na wycieczce w Dolinie Charlotty\" width=\"960\" height=\"540\" srcset=\"http:\/\/spp3.slawno.pl\/wp-content\/uploads\/2021\/06\/121.jpg 960w, http:\/\/spp3.slawno.pl\/wp-content\/uploads\/2021\/06\/121-300x169.jpg 300w, http:\/\/spp3.slawno.pl\/wp-content\/uploads\/2021\/06\/121-768x432.jpg 768w, http:\/\/spp3.slawno.pl\/wp-content\/uploads\/2021\/06\/121-678x381.jpg 678w\" sizes=\"(max-width: 960px) 100vw, 960px\" \/> <img loading=\"lazy\" decoding=\"async\" class=\"alignnone size-full wp-image-8147\" src=\"http:\/\/spp3.slawno.pl\/wp-content\/uploads\/2021\/06\/100.jpg\" alt=\"Uczniowie na wycieczce w Dolinie Charlotty\" width=\"960\" height=\"540\" srcset=\"http:\/\/spp3.slawno.pl\/wp-content\/uploads\/2021\/06\/100.jpg 960w, http:\/\/spp3.slawno.pl\/wp-content\/uploads\/2021\/06\/100-300x169.jpg 300w, http:\/\/spp3.slawno.pl\/wp-content\/uploads\/2021\/06\/100-768x432.jpg 768w, http:\/\/spp3.slawno.pl\/wp-content\/uploads\/2021\/06\/100-678x381.jpg 678w\" sizes=\"(max-width: 960px) 100vw, 960px\" \/> <img loading=\"lazy\" decoding=\"async\" class=\"alignnone size-full wp-image-8148\" src=\"http:\/\/spp3.slawno.pl\/wp-content\/uploads\/2021\/06\/101.jpg\" alt=\"Uczniowie na wycieczce w Dolinie Charlotty\" width=\"960\" height=\"540\" srcset=\"http:\/\/spp3.slawno.pl\/wp-content\/uploads\/2021\/06\/101.jpg 960w, http:\/\/spp3.slawno.pl\/wp-content\/uploads\/2021\/06\/101-300x169.jpg 300w, http:\/\/spp3.slawno.pl\/wp-content\/uploads\/2021\/06\/101-768x432.jpg 768w, http:\/\/spp3.slawno.pl\/wp-content\/uploads\/2021\/06\/101-678x381.jpg 678w\" sizes=\"(max-width: 960px) 100vw, 960px\" \/> <img loading=\"lazy\" decoding=\"async\" class=\"alignnone size-full wp-image-8149\" src=\"http:\/\/spp3.slawno.pl\/wp-content\/uploads\/2021\/06\/102.jpg\" alt=\"Uczniowie na wycieczce w Dolinie Charlotty\" width=\"960\" height=\"540\" srcset=\"http:\/\/spp3.slawno.pl\/wp-content\/uploads\/2021\/06\/102.jpg 960w, http:\/\/spp3.slawno.pl\/wp-content\/uploads\/2021\/06\/102-300x169.jpg 300w, http:\/\/spp3.slawno.pl\/wp-content\/uploads\/2021\/06\/102-768x432.jpg 768w, http:\/\/spp3.slawno.pl\/wp-content\/uploads\/2021\/06\/102-678x381.jpg 678w\" sizes=\"(max-width: 960px) 100vw, 960px\" \/> <img loading=\"lazy\" decoding=\"async\" class=\"alignnone size-large wp-image-8150\" src=\"http:\/\/spp3.slawno.pl\/wp-content\/uploads\/2021\/06\/103.jpg\" alt=\"\" width=\"960\" height=\"540\" srcset=\"http:\/\/spp3.slawno.pl\/wp-content\/uploads\/2021\/06\/103.jpg 960w, http:\/\/spp3.slawno.pl\/wp-content\/uploads\/2021\/06\/103-300x169.jpg 300w, http:\/\/spp3.slawno.pl\/wp-content\/uploads\/2021\/06\/103-768x432.jpg 768w, http:\/\/spp3.slawno.pl\/wp-content\/uploads\/2021\/06\/103-678x381.jpg 678w\" sizes=\"(max-width: 960px) 100vw, 960px\" \/> <img loading=\"lazy\" decoding=\"async\" class=\"alignnone size-large wp-image-8151\" src=\"http:\/\/spp3.slawno.pl\/wp-content\/uploads\/2021\/06\/105.jpg\" alt=\"\" width=\"960\" height=\"540\" srcset=\"http:\/\/spp3.slawno.pl\/wp-content\/uploads\/2021\/06\/105.jpg 960w, http:\/\/spp3.slawno.pl\/wp-content\/uploads\/2021\/06\/105-300x169.jpg 300w, http:\/\/spp3.slawno.pl\/wp-content\/uploads\/2021\/06\/105-768x432.jpg 768w, http:\/\/spp3.slawno.pl\/wp-content\/uploads\/2021\/06\/105-678x381.jpg 678w\" sizes=\"(max-width: 960px) 100vw, 960px\" \/> <img loading=\"lazy\" decoding=\"async\" class=\"alignnone size-full wp-image-8152\" src=\"http:\/\/spp3.slawno.pl\/wp-content\/uploads\/2021\/06\/106.jpg\" alt=\"Uczniowie na wycieczce w Dolinie Charlotty\" width=\"960\" height=\"540\" srcset=\"http:\/\/spp3.slawno.pl\/wp-content\/uploads\/2021\/06\/106.jpg 960w, http:\/\/spp3.slawno.pl\/wp-content\/uploads\/2021\/06\/106-300x169.jpg 300w, http:\/\/spp3.slawno.pl\/wp-content\/uploads\/2021\/06\/106-768x432.jpg 768w, http:\/\/spp3.slawno.pl\/wp-content\/uploads\/2021\/06\/106-678x381.jpg 678w\" sizes=\"(max-width: 960px) 100vw, 960px\" \/> <img loading=\"lazy\" decoding=\"async\" class=\"alignnone size-full wp-image-8153\" src=\"http:\/\/spp3.slawno.pl\/wp-content\/uploads\/2021\/06\/107.jpg\" alt=\"Uczniowie na wycieczce w Dolinie Charlotty\" width=\"960\" height=\"540\" srcset=\"http:\/\/spp3.slawno.pl\/wp-content\/uploads\/2021\/06\/107.jpg 960w, http:\/\/spp3.slawno.pl\/wp-content\/uploads\/2021\/06\/107-300x169.jpg 300w, http:\/\/spp3.slawno.pl\/wp-content\/uploads\/2021\/06\/107-768x432.jpg 768w, http:\/\/spp3.slawno.pl\/wp-content\/uploads\/2021\/06\/107-678x381.jpg 678w\" sizes=\"(max-width: 960px) 100vw, 960px\" \/> <img loading=\"lazy\" decoding=\"async\" class=\"alignnone size-full wp-image-8154\" src=\"http:\/\/spp3.slawno.pl\/wp-content\/uploads\/2021\/06\/108.jpg\" alt=\"Uczniowie na wycieczce w Dolinie Charlotty\" width=\"960\" height=\"540\" srcset=\"http:\/\/spp3.slawno.pl\/wp-content\/uploads\/2021\/06\/108.jpg 960w, http:\/\/spp3.slawno.pl\/wp-content\/uploads\/2021\/06\/108-300x169.jpg 300w, http:\/\/spp3.slawno.pl\/wp-content\/uploads\/2021\/06\/108-768x432.jpg 768w, http:\/\/spp3.slawno.pl\/wp-content\/uploads\/2021\/06\/108-678x381.jpg 678w\" sizes=\"(max-width: 960px) 100vw, 960px\" \/> <img loading=\"lazy\" decoding=\"async\" class=\"alignnone size-full wp-image-8155\" src=\"http:\/\/spp3.slawno.pl\/wp-content\/uploads\/2021\/06\/109.jpg\" alt=\"Uczniowie na wycieczce w Dolinie Charlotty\" width=\"960\" height=\"540\" srcset=\"http:\/\/spp3.slawno.pl\/wp-content\/uploads\/2021\/06\/109.jpg 960w, http:\/\/spp3.slawno.pl\/wp-content\/uploads\/2021\/06\/109-300x169.jpg 300w, http:\/\/spp3.slawno.pl\/wp-content\/uploads\/2021\/06\/109-768x432.jpg 768w, http:\/\/spp3.slawno.pl\/wp-content\/uploads\/2021\/06\/109-678x381.jpg 678w\" sizes=\"(max-width: 960px) 100vw, 960px\" \/> <img loading=\"lazy\" decoding=\"async\" class=\"alignnone size-full wp-image-8156\" src=\"http:\/\/spp3.slawno.pl\/wp-content\/uploads\/2021\/06\/110.jpg\" alt=\"Uczniowie na wycieczce w Dolinie Charlotty\" width=\"960\" height=\"540\" srcset=\"http:\/\/spp3.slawno.pl\/wp-content\/uploads\/2021\/06\/110.jpg 960w, http:\/\/spp3.slawno.pl\/wp-content\/uploads\/2021\/06\/110-300x169.jpg 300w, http:\/\/spp3.slawno.pl\/wp-content\/uploads\/2021\/06\/110-768x432.jpg 768w, http:\/\/spp3.slawno.pl\/wp-content\/uploads\/2021\/06\/110-678x381.jpg 678w\" sizes=\"(max-width: 960px) 100vw, 960px\" \/> <img loading=\"lazy\" decoding=\"async\" class=\"alignnone size-full wp-image-8157\" src=\"http:\/\/spp3.slawno.pl\/wp-content\/uploads\/2021\/06\/111.jpg\" alt=\"Uczniowie na wycieczce w Dolinie Charlotty\" width=\"960\" height=\"540\" srcset=\"http:\/\/spp3.slawno.pl\/wp-content\/uploads\/2021\/06\/111.jpg 960w, http:\/\/spp3.slawno.pl\/wp-content\/uploads\/2021\/06\/111-300x169.jpg 300w, http:\/\/spp3.slawno.pl\/wp-content\/uploads\/2021\/06\/111-768x432.jpg 768w, http:\/\/spp3.slawno.pl\/wp-content\/uploads\/2021\/06\/111-678x381.jpg 678w\" sizes=\"(max-width: 960px) 100vw, 960px\" \/> <img loading=\"lazy\" decoding=\"async\" class=\"alignnone size-full wp-image-8158\" src=\"http:\/\/spp3.slawno.pl\/wp-content\/uploads\/2021\/06\/112.jpg\" alt=\"Uczniowie na wycieczce w Dolinie Charlotty\" width=\"960\" height=\"540\" srcset=\"http:\/\/spp3.slawno.pl\/wp-content\/uploads\/2021\/06\/112.jpg 960w, http:\/\/spp3.slawno.pl\/wp-content\/uploads\/2021\/06\/112-300x169.jpg 300w, http:\/\/spp3.slawno.pl\/wp-content\/uploads\/2021\/06\/112-768x432.jpg 768w, http:\/\/spp3.slawno.pl\/wp-content\/uploads\/2021\/06\/112-678x381.jpg 678w\" sizes=\"(max-width: 960px) 100vw, 960px\" \/> <img loading=\"lazy\" decoding=\"async\" class=\"alignnone size-full wp-image-8159\" src=\"http:\/\/spp3.slawno.pl\/wp-content\/uploads\/2021\/06\/113.jpg\" alt=\"Uczniowie na wycieczce w Dolinie Charlotty\" width=\"960\" height=\"540\" srcset=\"http:\/\/spp3.slawno.pl\/wp-content\/uploads\/2021\/06\/113.jpg 960w, http:\/\/spp3.slawno.pl\/wp-content\/uploads\/2021\/06\/113-300x169.jpg 300w, http:\/\/spp3.slawno.pl\/wp-content\/uploads\/2021\/06\/113-768x432.jpg 768w, http:\/\/spp3.slawno.pl\/wp-content\/uploads\/2021\/06\/113-678x381.jpg 678w\" sizes=\"(max-width: 960px) 100vw, 960px\" \/> <img loading=\"lazy\" decoding=\"async\" class=\"alignnone size-full wp-image-8160\" src=\"http:\/\/spp3.slawno.pl\/wp-content\/uploads\/2021\/06\/114.jpg\" alt=\"Uczniowie na wycieczce w Dolinie Charlotty\" width=\"960\" height=\"540\" srcset=\"http:\/\/spp3.slawno.pl\/wp-content\/uploads\/2021\/06\/114.jpg 960w, http:\/\/spp3.slawno.pl\/wp-content\/uploads\/2021\/06\/114-300x169.jpg 300w, http:\/\/spp3.slawno.pl\/wp-content\/uploads\/2021\/06\/114-768x432.jpg 768w, http:\/\/spp3.slawno.pl\/wp-content\/uploads\/2021\/06\/114-678x381.jpg 678w\" sizes=\"(max-width: 960px) 100vw, 960px\" \/> <img loading=\"lazy\" decoding=\"async\" class=\"alignnone size-full wp-image-8161\" src=\"http:\/\/spp3.slawno.pl\/wp-content\/uploads\/2021\/06\/115.jpg\" alt=\"Uczniowie na wycieczce w Dolinie Charlotty\" width=\"960\" height=\"540\" srcset=\"http:\/\/spp3.slawno.pl\/wp-content\/uploads\/2021\/06\/115.jpg 960w, http:\/\/spp3.slawno.pl\/wp-content\/uploads\/2021\/06\/115-300x169.jpg 300w, http:\/\/spp3.slawno.pl\/wp-content\/uploads\/2021\/06\/115-768x432.jpg 768w, http:\/\/spp3.slawno.pl\/wp-content\/uploads\/2021\/06\/115-678x381.jpg 678w\" sizes=\"(max-width: 960px) 100vw, 960px\" \/> <img loading=\"lazy\" decoding=\"async\" class=\"alignnone size-full wp-image-8162\" src=\"http:\/\/spp3.slawno.pl\/wp-content\/uploads\/2021\/06\/116.jpg\" alt=\"Uczniowie na wycieczce w Dolinie Charlotty\" width=\"960\" height=\"540\" srcset=\"http:\/\/spp3.slawno.pl\/wp-content\/uploads\/2021\/06\/116.jpg 960w, http:\/\/spp3.slawno.pl\/wp-content\/uploads\/2021\/06\/116-300x169.jpg 300w, http:\/\/spp3.slawno.pl\/wp-content\/uploads\/2021\/06\/116-768x432.jpg 768w, http:\/\/spp3.slawno.pl\/wp-content\/uploads\/2021\/06\/116-678x381.jpg 678w\" sizes=\"(max-width: 960px) 100vw, 960px\" \/> <img loading=\"lazy\" decoding=\"async\" class=\"alignnone size-full wp-image-8163\" src=\"http:\/\/spp3.slawno.pl\/wp-content\/uploads\/2021\/06\/117.jpg\" alt=\"Uczniowie na wycieczce w Dolinie Charlotty\" width=\"960\" height=\"540\" srcset=\"http:\/\/spp3.slawno.pl\/wp-content\/uploads\/2021\/06\/117.jpg 960w, http:\/\/spp3.slawno.pl\/wp-content\/uploads\/2021\/06\/117-300x169.jpg 300w, http:\/\/spp3.slawno.pl\/wp-content\/uploads\/2021\/06\/117-768x432.jpg 768w, http:\/\/spp3.slawno.pl\/wp-content\/uploads\/2021\/06\/117-678x381.jpg 678w\" sizes=\"(max-width: 960px) 100vw, 960px\" \/> <img loading=\"lazy\" decoding=\"async\" class=\"alignnone size-full wp-image-8164\" src=\"http:\/\/spp3.slawno.pl\/wp-content\/uploads\/2021\/06\/118.jpg\" alt=\"Uczniowie na wycieczce w Dolinie Charlotty\" width=\"960\" height=\"720\" srcset=\"http:\/\/spp3.slawno.pl\/wp-content\/uploads\/2021\/06\/118.jpg 960w, http:\/\/spp3.slawno.pl\/wp-content\/uploads\/2021\/06\/118-300x225.jpg 300w, http:\/\/spp3.slawno.pl\/wp-content\/uploads\/2021\/06\/118-768x576.jpg 768w, http:\/\/spp3.slawno.pl\/wp-content\/uploads\/2021\/06\/118-678x509.jpg 678w, http:\/\/spp3.slawno.pl\/wp-content\/uploads\/2021\/06\/118-326x245.jpg 326w, http:\/\/spp3.slawno.pl\/wp-content\/uploads\/2021\/06\/118-80x60.jpg 80w\" sizes=\"(max-width: 960px) 100vw, 960px\" \/> <img loading=\"lazy\" decoding=\"async\" class=\"alignnone size-full wp-image-8165\" src=\"http:\/\/spp3.slawno.pl\/wp-content\/uploads\/2021\/06\/119.jpg\" alt=\"Uczniowie na wycieczce w Dolinie Charlotty\" width=\"960\" height=\"540\" srcset=\"http:\/\/spp3.slawno.pl\/wp-content\/uploads\/2021\/06\/119.jpg 960w, http:\/\/spp3.slawno.pl\/wp-content\/uploads\/2021\/06\/119-300x169.jpg 300w, http:\/\/spp3.slawno.pl\/wp-content\/uploads\/2021\/06\/119-768x432.jpg 768w, http:\/\/spp3.slawno.pl\/wp-content\/uploads\/2021\/06\/119-678x381.jpg 678w\" sizes=\"(max-width: 960px) 100vw, 960px\" \/> <img loading=\"lazy\" decoding=\"async\" class=\"alignnone size-full wp-image-8166\" src=\"http:\/\/spp3.slawno.pl\/wp-content\/uploads\/2021\/06\/120.jpg\" alt=\"Uczniowie na wycieczce w Dolinie Charlotty\" width=\"960\" height=\"540\" srcset=\"http:\/\/spp3.slawno.pl\/wp-content\/uploads\/2021\/06\/120.jpg 960w, http:\/\/spp3.slawno.pl\/wp-content\/uploads\/2021\/06\/120-300x169.jpg 300w, http:\/\/spp3.slawno.pl\/wp-content\/uploads\/2021\/06\/120-768x432.jpg 768w, http:\/\/spp3.slawno.pl\/wp-content\/uploads\/2021\/06\/120-678x381.jpg 678w\" sizes=\"(max-width: 960px) 100vw, 960px\" \/> <img loading=\"lazy\" decoding=\"async\" class=\"alignnone size-full wp-image-8167\" src=\"http:\/\/spp3.slawno.pl\/wp-content\/uploads\/2021\/06\/122.jpg\" alt=\"Uczniowie na wycieczce w Dolinie Charlotty\" width=\"960\" height=\"540\" srcset=\"http:\/\/spp3.slawno.pl\/wp-content\/uploads\/2021\/06\/122.jpg 960w, http:\/\/spp3.slawno.pl\/wp-content\/uploads\/2021\/06\/122-300x169.jpg 300w, http:\/\/spp3.slawno.pl\/wp-content\/uploads\/2021\/06\/122-768x432.jpg 768w, http:\/\/spp3.slawno.pl\/wp-content\/uploads\/2021\/06\/122-678x381.jpg 678w\" sizes=\"(max-width: 960px) 100vw, 960px\" \/><\/p>\n","protected":false},"excerpt":{"rendered":"<div class=\"mh-excerpt\"><p>Klasa III b uda\u0142a si\u0119 na wspania\u0142\u0105 wycieczk\u0119 do Doliny Charlotty. Czeka\u0142o na nas mn\u00f3stwo atrakcji : ZOO , pokaz karmienia fok oraz rejs statkiem <a class=\"mh-excerpt-more\" href=\"http:\/\/spp3.slawno.pl\/?p=8145\" title=\"3b w Dolinie Charlotty\">[&#8230;]<\/a><\/p>\n<\/div>","protected":false},"author":2,"featured_media":8164,"comment_status":"closed","ping_status":"open","sticky":false,"template":"","format":"standard","meta":{"footnotes":""},"categories":[8],"tags":[],"class_list":["post-8145","post","type-post","status-publish","format-standard","has-post-thumbnail","hentry","category-wydarzenia"],"_links":{"self":[{"href":"http:\/\/spp3.slawno.pl\/index.php?rest_route=\/wp\/v2\/posts\/8145"}],"collection":[{"href":"http:\/\/spp3.slawno.pl\/index.php?rest_route=\/wp\/v2\/posts"}],"about":[{"href":"http:\/\/spp3.slawno.pl\/index.php?rest_route=\/wp\/v2\/types\/post"}],"author":[{"embeddable":true,"href":"http:\/\/spp3.slawno.pl\/index.php?rest_route=\/wp\/v2\/users\/2"}],"replies":[{"embeddable":true,"href":"http:\/\/spp3.slawno.pl\/index.php?rest_route=%2Fwp%2Fv2%2Fcomments&post=8145"}],"version-history":[{"count":1,"href":"http:\/\/spp3.slawno.pl\/index.php?rest_route=\/wp\/v2\/posts\/8145\/revisions"}],"predecessor-version":[{"id":8168,"href":"http:\/\/spp3.slawno.pl\/index.php?rest_route=\/wp\/v2\/posts\/8145\/revisions\/8168"}],"wp:featuredmedia":[{"embeddable":true,"href":"http:\/\/spp3.slawno.pl\/index.php?rest_route=\/wp\/v2\/media\/8164"}],"wp:attachment":[{"href":"http:\/\/spp3.slawno.pl\/index.php?rest_route=%2Fwp%2Fv2%2Fmedia&parent=8145"}],"wp:term":[{"taxonomy":"category","embeddable":true,"href":"http:\/\/spp3.slawno.pl\/index.php?rest_route=%2Fwp%2Fv2%2Fcategories&post=8145"},{"taxonomy":"post_tag","embeddable":true,"href":"http:\/\/spp3.slawno.pl\/index.php?rest_route=%2Fwp%2Fv2%2Ftags&post=8145"}],"curies":[{"name":"wp","href":"https:\/\/api.w.org\/{rel}","templated":true}]}}