{"id":8172,"date":"2021-06-18T23:32:14","date_gmt":"2021-06-18T21:32:14","guid":{"rendered":"http:\/\/spp3.slawno.pl\/?p=8172"},"modified":"2021-06-18T23:32:14","modified_gmt":"2021-06-18T21:32:14","slug":"wycieczka-klasy-1b-do-leonardii","status":"publish","type":"post","link":"http:\/\/spp3.slawno.pl\/?p=8172","title":{"rendered":"Wycieczka klasy 1b do Leonardii"},"content":{"rendered":"<p>,,Najlepszy dzie\u0144 w moim \u017cyciu&#8221; tak podsumowali uczniowie kl.1b klasow\u0105 wycieczk\u0119 do Leonardii. Wsp\u00f3lnie sp\u0119dzili\u015bmy cudownie czas.<\/p>\n<p><img loading=\"lazy\" decoding=\"async\" class=\"alignnone size-full wp-image-8173\" src=\"http:\/\/spp3.slawno.pl\/wp-content\/uploads\/2021\/06\/200.jpg\" alt=\"Uczniowie podczas wycieczki do Leonardii\" width=\"960\" height=\"720\" srcset=\"http:\/\/spp3.slawno.pl\/wp-content\/uploads\/2021\/06\/200.jpg 960w, http:\/\/spp3.slawno.pl\/wp-content\/uploads\/2021\/06\/200-300x225.jpg 300w, http:\/\/spp3.slawno.pl\/wp-content\/uploads\/2021\/06\/200-768x576.jpg 768w, http:\/\/spp3.slawno.pl\/wp-content\/uploads\/2021\/06\/200-678x509.jpg 678w, http:\/\/spp3.slawno.pl\/wp-content\/uploads\/2021\/06\/200-326x245.jpg 326w, http:\/\/spp3.slawno.pl\/wp-content\/uploads\/2021\/06\/200-80x60.jpg 80w\" sizes=\"(max-width: 960px) 100vw, 960px\" \/> <img loading=\"lazy\" decoding=\"async\" class=\"alignnone size-full wp-image-8174\" src=\"http:\/\/spp3.slawno.pl\/wp-content\/uploads\/2021\/06\/201.jpg\" alt=\"Uczniowie podczas wycieczki do Leonardii\" width=\"720\" height=\"960\" srcset=\"http:\/\/spp3.slawno.pl\/wp-content\/uploads\/2021\/06\/201.jpg 720w, http:\/\/spp3.slawno.pl\/wp-content\/uploads\/2021\/06\/201-225x300.jpg 225w\" sizes=\"(max-width: 720px) 100vw, 720px\" \/> <img loading=\"lazy\" decoding=\"async\" class=\"alignnone size-full wp-image-8175\" src=\"http:\/\/spp3.slawno.pl\/wp-content\/uploads\/2021\/06\/202.jpg\" alt=\"Uczniowie podczas wycieczki do Leonardii\" width=\"960\" height=\"720\" srcset=\"http:\/\/spp3.slawno.pl\/wp-content\/uploads\/2021\/06\/202.jpg 960w, http:\/\/spp3.slawno.pl\/wp-content\/uploads\/2021\/06\/202-300x225.jpg 300w, http:\/\/spp3.slawno.pl\/wp-content\/uploads\/2021\/06\/202-768x576.jpg 768w, http:\/\/spp3.slawno.pl\/wp-content\/uploads\/2021\/06\/202-678x509.jpg 678w, http:\/\/spp3.slawno.pl\/wp-content\/uploads\/2021\/06\/202-326x245.jpg 326w, http:\/\/spp3.slawno.pl\/wp-content\/uploads\/2021\/06\/202-80x60.jpg 80w\" sizes=\"(max-width: 960px) 100vw, 960px\" \/> <img loading=\"lazy\" decoding=\"async\" class=\"alignnone size-full wp-image-8176\" src=\"http:\/\/spp3.slawno.pl\/wp-content\/uploads\/2021\/06\/203.jpg\" alt=\"Uczniowie podczas wycieczki do Leonardii\" width=\"960\" height=\"720\" srcset=\"http:\/\/spp3.slawno.pl\/wp-content\/uploads\/2021\/06\/203.jpg 960w, http:\/\/spp3.slawno.pl\/wp-content\/uploads\/2021\/06\/203-300x225.jpg 300w, http:\/\/spp3.slawno.pl\/wp-content\/uploads\/2021\/06\/203-768x576.jpg 768w, http:\/\/spp3.slawno.pl\/wp-content\/uploads\/2021\/06\/203-678x509.jpg 678w, http:\/\/spp3.slawno.pl\/wp-content\/uploads\/2021\/06\/203-326x245.jpg 326w, http:\/\/spp3.slawno.pl\/wp-content\/uploads\/2021\/06\/203-80x60.jpg 80w\" sizes=\"(max-width: 960px) 100vw, 960px\" \/> <img loading=\"lazy\" decoding=\"async\" class=\"alignnone size-full wp-image-8177\" src=\"http:\/\/spp3.slawno.pl\/wp-content\/uploads\/2021\/06\/204.jpg\" alt=\"Uczniowie podczas wycieczki do Leonardii\" width=\"960\" height=\"720\" srcset=\"http:\/\/spp3.slawno.pl\/wp-content\/uploads\/2021\/06\/204.jpg 960w, http:\/\/spp3.slawno.pl\/wp-content\/uploads\/2021\/06\/204-300x225.jpg 300w, http:\/\/spp3.slawno.pl\/wp-content\/uploads\/2021\/06\/204-768x576.jpg 768w, http:\/\/spp3.slawno.pl\/wp-content\/uploads\/2021\/06\/204-678x509.jpg 678w, http:\/\/spp3.slawno.pl\/wp-content\/uploads\/2021\/06\/204-326x245.jpg 326w, http:\/\/spp3.slawno.pl\/wp-content\/uploads\/2021\/06\/204-80x60.jpg 80w\" sizes=\"(max-width: 960px) 100vw, 960px\" \/> <img loading=\"lazy\" decoding=\"async\" class=\"alignnone size-full wp-image-8178\" src=\"http:\/\/spp3.slawno.pl\/wp-content\/uploads\/2021\/06\/205.jpg\" alt=\"Uczniowie podczas wycieczki do Leonardii\" width=\"718\" height=\"960\" srcset=\"http:\/\/spp3.slawno.pl\/wp-content\/uploads\/2021\/06\/205.jpg 718w, http:\/\/spp3.slawno.pl\/wp-content\/uploads\/2021\/06\/205-224x300.jpg 224w\" sizes=\"(max-width: 718px) 100vw, 718px\" \/> <img loading=\"lazy\" decoding=\"async\" class=\"alignnone size-full wp-image-8179\" src=\"http:\/\/spp3.slawno.pl\/wp-content\/uploads\/2021\/06\/206.jpg\" alt=\"Uczniowie podczas wycieczki do Leonardii\" width=\"718\" height=\"960\" srcset=\"http:\/\/spp3.slawno.pl\/wp-content\/uploads\/2021\/06\/206.jpg 718w, http:\/\/spp3.slawno.pl\/wp-content\/uploads\/2021\/06\/206-224x300.jpg 224w\" sizes=\"(max-width: 718px) 100vw, 718px\" \/> <img loading=\"lazy\" decoding=\"async\" class=\"alignnone size-full wp-image-8180\" src=\"http:\/\/spp3.slawno.pl\/wp-content\/uploads\/2021\/06\/207.jpg\" alt=\"Uczniowie podczas wycieczki do Leonardii\" width=\"718\" height=\"960\" srcset=\"http:\/\/spp3.slawno.pl\/wp-content\/uploads\/2021\/06\/207.jpg 718w, http:\/\/spp3.slawno.pl\/wp-content\/uploads\/2021\/06\/207-224x300.jpg 224w\" sizes=\"(max-width: 718px) 100vw, 718px\" \/> <img loading=\"lazy\" decoding=\"async\" class=\"alignnone size-full wp-image-8181\" src=\"http:\/\/spp3.slawno.pl\/wp-content\/uploads\/2021\/06\/208.jpg\" alt=\"Uczniowie podczas wycieczki do Leonardii\" width=\"960\" height=\"720\" srcset=\"http:\/\/spp3.slawno.pl\/wp-content\/uploads\/2021\/06\/208.jpg 960w, http:\/\/spp3.slawno.pl\/wp-content\/uploads\/2021\/06\/208-300x225.jpg 300w, http:\/\/spp3.slawno.pl\/wp-content\/uploads\/2021\/06\/208-768x576.jpg 768w, http:\/\/spp3.slawno.pl\/wp-content\/uploads\/2021\/06\/208-678x509.jpg 678w, http:\/\/spp3.slawno.pl\/wp-content\/uploads\/2021\/06\/208-326x245.jpg 326w, http:\/\/spp3.slawno.pl\/wp-content\/uploads\/2021\/06\/208-80x60.jpg 80w\" sizes=\"(max-width: 960px) 100vw, 960px\" \/> <img loading=\"lazy\" decoding=\"async\" class=\"alignnone size-full wp-image-8182\" src=\"http:\/\/spp3.slawno.pl\/wp-content\/uploads\/2021\/06\/209.jpg\" alt=\"Uczniowie podczas wycieczki do Leonardii\" width=\"960\" height=\"720\" srcset=\"http:\/\/spp3.slawno.pl\/wp-content\/uploads\/2021\/06\/209.jpg 960w, http:\/\/spp3.slawno.pl\/wp-content\/uploads\/2021\/06\/209-300x225.jpg 300w, http:\/\/spp3.slawno.pl\/wp-content\/uploads\/2021\/06\/209-768x576.jpg 768w, http:\/\/spp3.slawno.pl\/wp-content\/uploads\/2021\/06\/209-678x509.jpg 678w, http:\/\/spp3.slawno.pl\/wp-content\/uploads\/2021\/06\/209-326x245.jpg 326w, http:\/\/spp3.slawno.pl\/wp-content\/uploads\/2021\/06\/209-80x60.jpg 80w\" sizes=\"(max-width: 960px) 100vw, 960px\" \/> <img loading=\"lazy\" decoding=\"async\" class=\"alignnone size-full wp-image-8183\" src=\"http:\/\/spp3.slawno.pl\/wp-content\/uploads\/2021\/06\/210.jpg\" alt=\"Uczniowie podczas wycieczki do Leonardii\" width=\"960\" height=\"720\" srcset=\"http:\/\/spp3.slawno.pl\/wp-content\/uploads\/2021\/06\/210.jpg 960w, http:\/\/spp3.slawno.pl\/wp-content\/uploads\/2021\/06\/210-300x225.jpg 300w, http:\/\/spp3.slawno.pl\/wp-content\/uploads\/2021\/06\/210-768x576.jpg 768w, http:\/\/spp3.slawno.pl\/wp-content\/uploads\/2021\/06\/210-678x509.jpg 678w, http:\/\/spp3.slawno.pl\/wp-content\/uploads\/2021\/06\/210-326x245.jpg 326w, http:\/\/spp3.slawno.pl\/wp-content\/uploads\/2021\/06\/210-80x60.jpg 80w\" sizes=\"(max-width: 960px) 100vw, 960px\" \/> <img loading=\"lazy\" decoding=\"async\" class=\"alignnone size-full wp-image-8184\" src=\"http:\/\/spp3.slawno.pl\/wp-content\/uploads\/2021\/06\/211.jpg\" alt=\"Uczniowie podczas wycieczki do Leonardii\" width=\"960\" height=\"720\" srcset=\"http:\/\/spp3.slawno.pl\/wp-content\/uploads\/2021\/06\/211.jpg 960w, http:\/\/spp3.slawno.pl\/wp-content\/uploads\/2021\/06\/211-300x225.jpg 300w, http:\/\/spp3.slawno.pl\/wp-content\/uploads\/2021\/06\/211-768x576.jpg 768w, http:\/\/spp3.slawno.pl\/wp-content\/uploads\/2021\/06\/211-678x509.jpg 678w, http:\/\/spp3.slawno.pl\/wp-content\/uploads\/2021\/06\/211-326x245.jpg 326w, http:\/\/spp3.slawno.pl\/wp-content\/uploads\/2021\/06\/211-80x60.jpg 80w\" sizes=\"(max-width: 960px) 100vw, 960px\" \/> <img loading=\"lazy\" decoding=\"async\" class=\"alignnone size-full wp-image-8185\" src=\"http:\/\/spp3.slawno.pl\/wp-content\/uploads\/2021\/06\/212.jpg\" alt=\"Uczniowie podczas wycieczki do Leonardii\" width=\"960\" height=\"720\" srcset=\"http:\/\/spp3.slawno.pl\/wp-content\/uploads\/2021\/06\/212.jpg 960w, http:\/\/spp3.slawno.pl\/wp-content\/uploads\/2021\/06\/212-300x225.jpg 300w, http:\/\/spp3.slawno.pl\/wp-content\/uploads\/2021\/06\/212-768x576.jpg 768w, http:\/\/spp3.slawno.pl\/wp-content\/uploads\/2021\/06\/212-678x509.jpg 678w, http:\/\/spp3.slawno.pl\/wp-content\/uploads\/2021\/06\/212-326x245.jpg 326w, http:\/\/spp3.slawno.pl\/wp-content\/uploads\/2021\/06\/212-80x60.jpg 80w\" sizes=\"(max-width: 960px) 100vw, 960px\" \/> <img loading=\"lazy\" decoding=\"async\" class=\"alignnone size-full wp-image-8186\" src=\"http:\/\/spp3.slawno.pl\/wp-content\/uploads\/2021\/06\/2013.jpg\" alt=\"Uczniowie podczas wycieczki do Leonardii\" width=\"960\" height=\"720\" srcset=\"http:\/\/spp3.slawno.pl\/wp-content\/uploads\/2021\/06\/2013.jpg 960w, http:\/\/spp3.slawno.pl\/wp-content\/uploads\/2021\/06\/2013-300x225.jpg 300w, http:\/\/spp3.slawno.pl\/wp-content\/uploads\/2021\/06\/2013-768x576.jpg 768w, http:\/\/spp3.slawno.pl\/wp-content\/uploads\/2021\/06\/2013-678x509.jpg 678w, http:\/\/spp3.slawno.pl\/wp-content\/uploads\/2021\/06\/2013-326x245.jpg 326w, http:\/\/spp3.slawno.pl\/wp-content\/uploads\/2021\/06\/2013-80x60.jpg 80w\" sizes=\"(max-width: 960px) 100vw, 960px\" \/><\/p>\n","protected":false},"excerpt":{"rendered":"<div class=\"mh-excerpt\"><p>,,Najlepszy dzie\u0144 w moim \u017cyciu&#8221; tak podsumowali uczniowie kl.1b klasow\u0105 wycieczk\u0119 do Leonardii. Wsp\u00f3lnie sp\u0119dzili\u015bmy cudownie czas.<\/p>\n<\/div>","protected":false},"author":2,"featured_media":8186,"comment_status":"closed","ping_status":"open","sticky":false,"template":"","format":"standard","meta":{"footnotes":""},"categories":[8],"tags":[],"class_list":["post-8172","post","type-post","status-publish","format-standard","has-post-thumbnail","hentry","category-wydarzenia"],"_links":{"self":[{"href":"http:\/\/spp3.slawno.pl\/index.php?rest_route=\/wp\/v2\/posts\/8172"}],"collection":[{"href":"http:\/\/spp3.slawno.pl\/index.php?rest_route=\/wp\/v2\/posts"}],"about":[{"href":"http:\/\/spp3.slawno.pl\/index.php?rest_route=\/wp\/v2\/types\/post"}],"author":[{"embeddable":true,"href":"http:\/\/spp3.slawno.pl\/index.php?rest_route=\/wp\/v2\/users\/2"}],"replies":[{"embeddable":true,"href":"http:\/\/spp3.slawno.pl\/index.php?rest_route=%2Fwp%2Fv2%2Fcomments&post=8172"}],"version-history":[{"count":1,"href":"http:\/\/spp3.slawno.pl\/index.php?rest_route=\/wp\/v2\/posts\/8172\/revisions"}],"predecessor-version":[{"id":8187,"href":"http:\/\/spp3.slawno.pl\/index.php?rest_route=\/wp\/v2\/posts\/8172\/revisions\/8187"}],"wp:featuredmedia":[{"embeddable":true,"href":"http:\/\/spp3.slawno.pl\/index.php?rest_route=\/wp\/v2\/media\/8186"}],"wp:attachment":[{"href":"http:\/\/spp3.slawno.pl\/index.php?rest_route=%2Fwp%2Fv2%2Fmedia&parent=8172"}],"wp:term":[{"taxonomy":"category","embeddable":true,"href":"http:\/\/spp3.slawno.pl\/index.php?rest_route=%2Fwp%2Fv2%2Fcategories&post=8172"},{"taxonomy":"post_tag","embeddable":true,"href":"http:\/\/spp3.slawno.pl\/index.php?rest_route=%2Fwp%2Fv2%2Ftags&post=8172"}],"curies":[{"name":"wp","href":"https:\/\/api.w.org\/{rel}","templated":true}]}}