{"id":8188,"date":"2021-06-20T14:59:59","date_gmt":"2021-06-20T12:59:59","guid":{"rendered":"http:\/\/spp3.slawno.pl\/?p=8188"},"modified":"2021-06-20T15:09:54","modified_gmt":"2021-06-20T13:09:54","slug":"certyfikaty-i-podziekowania-dla-klasy-3c","status":"publish","type":"post","link":"http:\/\/spp3.slawno.pl\/?p=8188","title":{"rendered":"Certyfikaty i podzi\u0119kowania dla klasy 3c"},"content":{"rendered":"<p>Koniec roku szkolnego to czas zako\u0144czenia realizacji projekt\u00f3w i akcji, do kt\u00f3rych przyst\u0105pili uczniowie klasy 3 c wraz\u00a0 z wychowawc\u0105 Agnieszk\u0105 Lema\u0144sk\u0105.<\/p>\n<p><img loading=\"lazy\" decoding=\"async\" class=\"alignnone size-full wp-image-8189\" src=\"http:\/\/spp3.slawno.pl\/wp-content\/uploads\/2021\/06\/Bez-tytu\u0142u.png\" alt=\"Dyplomy 3c\" width=\"606\" height=\"785\" srcset=\"http:\/\/spp3.slawno.pl\/wp-content\/uploads\/2021\/06\/Bez-tytu\u0142u.png 606w, http:\/\/spp3.slawno.pl\/wp-content\/uploads\/2021\/06\/Bez-tytu\u0142u-232x300.png 232w\" sizes=\"(max-width: 606px) 100vw, 606px\" \/> <img loading=\"lazy\" decoding=\"async\" class=\"alignnone size-full wp-image-8190\" src=\"http:\/\/spp3.slawno.pl\/wp-content\/uploads\/2021\/06\/Bez-tytu\u0142u1.png\" alt=\"Dyplomy 3c\" width=\"606\" height=\"809\" srcset=\"http:\/\/spp3.slawno.pl\/wp-content\/uploads\/2021\/06\/Bez-tytu\u0142u1.png 606w, http:\/\/spp3.slawno.pl\/wp-content\/uploads\/2021\/06\/Bez-tytu\u0142u1-225x300.png 225w\" sizes=\"(max-width: 606px) 100vw, 606px\" \/> <img loading=\"lazy\" decoding=\"async\" class=\"alignnone size-full wp-image-8191\" src=\"http:\/\/spp3.slawno.pl\/wp-content\/uploads\/2021\/06\/Bez-tytu\u0142u2.png\" alt=\"Dyplomy 3c\" width=\"679\" height=\"962\" srcset=\"http:\/\/spp3.slawno.pl\/wp-content\/uploads\/2021\/06\/Bez-tytu\u0142u2.png 679w, http:\/\/spp3.slawno.pl\/wp-content\/uploads\/2021\/06\/Bez-tytu\u0142u2-212x300.png 212w\" sizes=\"(max-width: 679px) 100vw, 679px\" \/> <img loading=\"lazy\" decoding=\"async\" class=\"alignnone size-full wp-image-8192\" src=\"http:\/\/spp3.slawno.pl\/wp-content\/uploads\/2021\/06\/Bez-tytu\u0142u3.png\" alt=\"Dyplomy 3c\" width=\"669\" height=\"950\" srcset=\"http:\/\/spp3.slawno.pl\/wp-content\/uploads\/2021\/06\/Bez-tytu\u0142u3.png 669w, http:\/\/spp3.slawno.pl\/wp-content\/uploads\/2021\/06\/Bez-tytu\u0142u3-211x300.png 211w\" sizes=\"(max-width: 669px) 100vw, 669px\" \/> <img loading=\"lazy\" decoding=\"async\" class=\"alignnone size-large wp-image-8193\" src=\"http:\/\/spp3.slawno.pl\/wp-content\/uploads\/2021\/06\/megamisja-certyfikat-713x1024.png\" alt=\"Dyplomy 3c\" width=\"713\" height=\"1024\" srcset=\"http:\/\/spp3.slawno.pl\/wp-content\/uploads\/2021\/06\/megamisja-certyfikat-713x1024.png 713w, http:\/\/spp3.slawno.pl\/wp-content\/uploads\/2021\/06\/megamisja-certyfikat-209x300.png 209w, http:\/\/spp3.slawno.pl\/wp-content\/uploads\/2021\/06\/megamisja-certyfikat-768x1104.png 768w, http:\/\/spp3.slawno.pl\/wp-content\/uploads\/2021\/06\/megamisja-certyfikat.png 1113w\" sizes=\"(max-width: 713px) 100vw, 713px\" \/><\/p>\n<p><img loading=\"lazy\" decoding=\"async\" class=\"alignnone size-full wp-image-8196\" src=\"http:\/\/spp3.slawno.pl\/wp-content\/uploads\/2021\/06\/Bez-tytu\u0142u4.png\" alt=\"Dyplomy 3c\" width=\"606\" height=\"785\" srcset=\"http:\/\/spp3.slawno.pl\/wp-content\/uploads\/2021\/06\/Bez-tytu\u0142u4.png 606w, http:\/\/spp3.slawno.pl\/wp-content\/uploads\/2021\/06\/Bez-tytu\u0142u4-232x300.png 232w\" sizes=\"(max-width: 606px) 100vw, 606px\" \/><\/p>\n<p><img loading=\"lazy\" decoding=\"async\" class=\"alignnone size-full wp-image-8198\" src=\"http:\/\/spp3.slawno.pl\/wp-content\/uploads\/2021\/06\/Bez-tytu\u0142u5.png\" alt=\"Dyplomy 3c\" width=\"607\" height=\"556\" srcset=\"http:\/\/spp3.slawno.pl\/wp-content\/uploads\/2021\/06\/Bez-tytu\u0142u5.png 607w, http:\/\/spp3.slawno.pl\/wp-content\/uploads\/2021\/06\/Bez-tytu\u0142u5-300x275.png 300w\" sizes=\"(max-width: 607px) 100vw, 607px\" \/><\/p>\n","protected":false},"excerpt":{"rendered":"<div class=\"mh-excerpt\"><p>Koniec roku szkolnego to czas zako\u0144czenia realizacji projekt\u00f3w i akcji, do kt\u00f3rych przyst\u0105pili uczniowie klasy 3 c wraz\u00a0 z wychowawc\u0105 Agnieszk\u0105 Lema\u0144sk\u0105.<\/p>\n<\/div>","protected":false},"author":2,"featured_media":8193,"comment_status":"closed","ping_status":"open","sticky":false,"template":"","format":"standard","meta":{"footnotes":""},"categories":[32,33,8],"tags":[],"class_list":["post-8188","post","type-post","status-publish","format-standard","has-post-thumbnail","hentry","category-akcje","category-projekty","category-wydarzenia"],"_links":{"self":[{"href":"http:\/\/spp3.slawno.pl\/index.php?rest_route=\/wp\/v2\/posts\/8188"}],"collection":[{"href":"http:\/\/spp3.slawno.pl\/index.php?rest_route=\/wp\/v2\/posts"}],"about":[{"href":"http:\/\/spp3.slawno.pl\/index.php?rest_route=\/wp\/v2\/types\/post"}],"author":[{"embeddable":true,"href":"http:\/\/spp3.slawno.pl\/index.php?rest_route=\/wp\/v2\/users\/2"}],"replies":[{"embeddable":true,"href":"http:\/\/spp3.slawno.pl\/index.php?rest_route=%2Fwp%2Fv2%2Fcomments&post=8188"}],"version-history":[{"count":3,"href":"http:\/\/spp3.slawno.pl\/index.php?rest_route=\/wp\/v2\/posts\/8188\/revisions"}],"predecessor-version":[{"id":8199,"href":"http:\/\/spp3.slawno.pl\/index.php?rest_route=\/wp\/v2\/posts\/8188\/revisions\/8199"}],"wp:featuredmedia":[{"embeddable":true,"href":"http:\/\/spp3.slawno.pl\/index.php?rest_route=\/wp\/v2\/media\/8193"}],"wp:attachment":[{"href":"http:\/\/spp3.slawno.pl\/index.php?rest_route=%2Fwp%2Fv2%2Fmedia&parent=8188"}],"wp:term":[{"taxonomy":"category","embeddable":true,"href":"http:\/\/spp3.slawno.pl\/index.php?rest_route=%2Fwp%2Fv2%2Fcategories&post=8188"},{"taxonomy":"post_tag","embeddable":true,"href":"http:\/\/spp3.slawno.pl\/index.php?rest_route=%2Fwp%2Fv2%2Ftags&post=8188"}],"curies":[{"name":"wp","href":"https:\/\/api.w.org\/{rel}","templated":true}]}}