{"id":8218,"date":"2021-06-22T21:26:17","date_gmt":"2021-06-22T19:26:17","guid":{"rendered":"http:\/\/spp3.slawno.pl\/?p=8218"},"modified":"2021-06-22T21:26:17","modified_gmt":"2021-06-22T19:26:17","slug":"hania-choma-odniosla-wielki-sukces-w-akrobatyce","status":"publish","type":"post","link":"http:\/\/spp3.slawno.pl\/?p=8218","title":{"rendered":"Hania Choma odnios\u0142a wielki sukces w akrobatyce"},"content":{"rendered":"<div class=\"oajrlxb2 g5ia77u1 qu0x051f esr5mh6w e9989ue4 r7d6kgcz rq0escxv nhd2j8a9 nc684nl6 p7hjln8o kvgmc6g5 cxmmr5t8 oygrvhab hcukyx3x jb3vyjys rz4wbd8a qt6c0cv9 a8nywdso i1ao9s8h esuyzwwr f1sip0of lzcic4wl\" tabindex=\"0\" role=\"button\">Bardzo mi\u0142o nam poinformowa\u0107 , \u017ce uczennica klasy 3 b Hania Choma , zaj\u0119\u0142a II miejsce podczas zawod\u00f3w akrobatycznych w Pozna\u0144skim Centrum Akrobatyki . Na codzie\u0144 Hania ucz\u0119szcza do Akro Pasji w S\u0142upsku. HANIU ! Gratulujemy.<\/div>\n<div tabindex=\"0\" role=\"button\"><img loading=\"lazy\" decoding=\"async\" class=\"alignnone size-full wp-image-8219\" src=\"http:\/\/spp3.slawno.pl\/wp-content\/uploads\/2021\/06\/1-11.jpg\" alt=\"Akrobatka na podium\" width=\"720\" height=\"960\" srcset=\"http:\/\/spp3.slawno.pl\/wp-content\/uploads\/2021\/06\/1-11.jpg 720w, http:\/\/spp3.slawno.pl\/wp-content\/uploads\/2021\/06\/1-11-225x300.jpg 225w\" sizes=\"(max-width: 720px) 100vw, 720px\" \/> <img loading=\"lazy\" decoding=\"async\" class=\"alignnone size-full wp-image-8220\" src=\"http:\/\/spp3.slawno.pl\/wp-content\/uploads\/2021\/06\/2-6.jpg\" alt=\"Akrobatka z jej trenerami\" width=\"716\" height=\"960\" srcset=\"http:\/\/spp3.slawno.pl\/wp-content\/uploads\/2021\/06\/2-6.jpg 716w, http:\/\/spp3.slawno.pl\/wp-content\/uploads\/2021\/06\/2-6-224x300.jpg 224w\" sizes=\"(max-width: 716px) 100vw, 716px\" \/> <img loading=\"lazy\" decoding=\"async\" class=\"alignnone size-full wp-image-8221\" src=\"http:\/\/spp3.slawno.pl\/wp-content\/uploads\/2021\/06\/3-5.jpg\" alt=\"Dyplom za sukces w akrobacji\" width=\"540\" height=\"960\" srcset=\"http:\/\/spp3.slawno.pl\/wp-content\/uploads\/2021\/06\/3-5.jpg 540w, http:\/\/spp3.slawno.pl\/wp-content\/uploads\/2021\/06\/3-5-169x300.jpg 169w\" sizes=\"(max-width: 540px) 100vw, 540px\" \/><\/div>\n","protected":false},"excerpt":{"rendered":"<div class=\"mh-excerpt\"><p>Bardzo mi\u0142o nam poinformowa\u0107 , \u017ce uczennica klasy 3 b Hania Choma , zaj\u0119\u0142a II miejsce podczas zawod\u00f3w akrobatycznych w Pozna\u0144skim Centrum Akrobatyki . Na <a class=\"mh-excerpt-more\" href=\"http:\/\/spp3.slawno.pl\/?p=8218\" title=\"Hania Choma odnios\u0142a wielki sukces w akrobatyce\">[&#8230;]<\/a><\/p>\n<\/div>","protected":false},"author":2,"featured_media":8219,"comment_status":"closed","ping_status":"open","sticky":false,"template":"","format":"standard","meta":{"footnotes":""},"categories":[6,8],"tags":[],"class_list":["post-8218","post","type-post","status-publish","format-standard","has-post-thumbnail","hentry","category-sport","category-wydarzenia"],"_links":{"self":[{"href":"http:\/\/spp3.slawno.pl\/index.php?rest_route=\/wp\/v2\/posts\/8218"}],"collection":[{"href":"http:\/\/spp3.slawno.pl\/index.php?rest_route=\/wp\/v2\/posts"}],"about":[{"href":"http:\/\/spp3.slawno.pl\/index.php?rest_route=\/wp\/v2\/types\/post"}],"author":[{"embeddable":true,"href":"http:\/\/spp3.slawno.pl\/index.php?rest_route=\/wp\/v2\/users\/2"}],"replies":[{"embeddable":true,"href":"http:\/\/spp3.slawno.pl\/index.php?rest_route=%2Fwp%2Fv2%2Fcomments&post=8218"}],"version-history":[{"count":1,"href":"http:\/\/spp3.slawno.pl\/index.php?rest_route=\/wp\/v2\/posts\/8218\/revisions"}],"predecessor-version":[{"id":8222,"href":"http:\/\/spp3.slawno.pl\/index.php?rest_route=\/wp\/v2\/posts\/8218\/revisions\/8222"}],"wp:featuredmedia":[{"embeddable":true,"href":"http:\/\/spp3.slawno.pl\/index.php?rest_route=\/wp\/v2\/media\/8219"}],"wp:attachment":[{"href":"http:\/\/spp3.slawno.pl\/index.php?rest_route=%2Fwp%2Fv2%2Fmedia&parent=8218"}],"wp:term":[{"taxonomy":"category","embeddable":true,"href":"http:\/\/spp3.slawno.pl\/index.php?rest_route=%2Fwp%2Fv2%2Fcategories&post=8218"},{"taxonomy":"post_tag","embeddable":true,"href":"http:\/\/spp3.slawno.pl\/index.php?rest_route=%2Fwp%2Fv2%2Ftags&post=8218"}],"curies":[{"name":"wp","href":"https:\/\/api.w.org\/{rel}","templated":true}]}}