{"id":8233,"date":"2021-06-24T19:25:29","date_gmt":"2021-06-24T17:25:29","guid":{"rendered":"http:\/\/spp3.slawno.pl\/?p=8233"},"modified":"2021-06-24T19:25:29","modified_gmt":"2021-06-24T17:25:29","slug":"dzien-z-wychowawca-klasa-5a","status":"publish","type":"post","link":"http:\/\/spp3.slawno.pl\/?p=8233","title":{"rendered":"Dzie\u0144 z wychowawc\u0105 klasa 5a"},"content":{"rendered":"<p>Klasa 5a w ostatnim dniu roku szkolnego 2020\/21 uczestniczy\u0142a w biegu patrolowym, podczas kt\u00f3rego odszyfrowywali zakodowane polecenia. Nast\u0119pnie wykonywali za\u0142\u0105czone do szyfr\u00f3w zadania z pierwszej pomocy, uk\u0142adali tekst hymnu oraz sk\u0142adali god\u0142o z drobnych element\u00f3w. Po spotkaniu obu grup na Saharze wsp\u00f3lnie z wychowawczyni\u0105 p. Beat\u0105 Pluto-Prondzi\u0144sk\u0105 oraz p. Monik\u0105Roszak uczniowie grali w gry podw\u00f3rkowe : klasy, pa\u0144stwa, kapsle, pi\u0142k\u0119 no\u017cn\u0105, zgadnij kim jestem i inne. Po zabawie wszyscy ze smakiem zjedli pizz\u0119. By\u0142 to czas integracji i beztroskiej zabawy.<\/p>\n<p><img loading=\"lazy\" decoding=\"async\" class=\"alignnone size-full wp-image-8234\" src=\"http:\/\/spp3.slawno.pl\/wp-content\/uploads\/2021\/06\/1-12.jpg\" alt=\"Uczniowie podczas dnia z wychowawc\u0105\" width=\"694\" height=\"925\" srcset=\"http:\/\/spp3.slawno.pl\/wp-content\/uploads\/2021\/06\/1-12.jpg 694w, http:\/\/spp3.slawno.pl\/wp-content\/uploads\/2021\/06\/1-12-225x300.jpg 225w\" sizes=\"(max-width: 694px) 100vw, 694px\" \/> <img loading=\"lazy\" decoding=\"async\" class=\"alignnone size-full wp-image-8235\" src=\"http:\/\/spp3.slawno.pl\/wp-content\/uploads\/2021\/06\/2-7.jpg\" alt=\"Uczniowie podczas dnia z wychowawc\u0105\" width=\"694\" height=\"925\" srcset=\"http:\/\/spp3.slawno.pl\/wp-content\/uploads\/2021\/06\/2-7.jpg 694w, http:\/\/spp3.slawno.pl\/wp-content\/uploads\/2021\/06\/2-7-225x300.jpg 225w\" sizes=\"(max-width: 694px) 100vw, 694px\" \/> <img loading=\"lazy\" decoding=\"async\" class=\"alignnone size-full wp-image-8236\" src=\"http:\/\/spp3.slawno.pl\/wp-content\/uploads\/2021\/06\/3-6.jpg\" alt=\"Uczniowie podczas dnia z wychowawc\u0105\" width=\"694\" height=\"925\" srcset=\"http:\/\/spp3.slawno.pl\/wp-content\/uploads\/2021\/06\/3-6.jpg 694w, http:\/\/spp3.slawno.pl\/wp-content\/uploads\/2021\/06\/3-6-225x300.jpg 225w\" sizes=\"(max-width: 694px) 100vw, 694px\" \/> <img loading=\"lazy\" decoding=\"async\" class=\"alignnone size-full wp-image-8237\" src=\"http:\/\/spp3.slawno.pl\/wp-content\/uploads\/2021\/06\/4-6.jpg\" alt=\"Uczniowie podczas dnia z wychowawc\u0105\" width=\"694\" height=\"925\" srcset=\"http:\/\/spp3.slawno.pl\/wp-content\/uploads\/2021\/06\/4-6.jpg 694w, http:\/\/spp3.slawno.pl\/wp-content\/uploads\/2021\/06\/4-6-225x300.jpg 225w\" sizes=\"(max-width: 694px) 100vw, 694px\" \/> <img loading=\"lazy\" decoding=\"async\" class=\"alignnone size-full wp-image-8238\" src=\"http:\/\/spp3.slawno.pl\/wp-content\/uploads\/2021\/06\/5-4.jpg\" alt=\"Uczniowie podczas dnia z wychowawc\u0105\" width=\"694\" height=\"925\" srcset=\"http:\/\/spp3.slawno.pl\/wp-content\/uploads\/2021\/06\/5-4.jpg 694w, http:\/\/spp3.slawno.pl\/wp-content\/uploads\/2021\/06\/5-4-225x300.jpg 225w\" sizes=\"(max-width: 694px) 100vw, 694px\" \/> <img loading=\"lazy\" decoding=\"async\" class=\"alignnone size-full wp-image-8239\" src=\"http:\/\/spp3.slawno.pl\/wp-content\/uploads\/2021\/06\/6-4.jpg\" alt=\"Uczniowie podczas dnia z wychowawc\u0105\" width=\"694\" height=\"925\" srcset=\"http:\/\/spp3.slawno.pl\/wp-content\/uploads\/2021\/06\/6-4.jpg 694w, http:\/\/spp3.slawno.pl\/wp-content\/uploads\/2021\/06\/6-4-225x300.jpg 225w\" sizes=\"(max-width: 694px) 100vw, 694px\" \/> <img loading=\"lazy\" decoding=\"async\" class=\"alignnone size-full wp-image-8240\" src=\"http:\/\/spp3.slawno.pl\/wp-content\/uploads\/2021\/06\/7-2.jpg\" alt=\"Uczniowie podczas dnia z wychowawc\u0105\" width=\"925\" height=\"694\" srcset=\"http:\/\/spp3.slawno.pl\/wp-content\/uploads\/2021\/06\/7-2.jpg 925w, http:\/\/spp3.slawno.pl\/wp-content\/uploads\/2021\/06\/7-2-300x225.jpg 300w, http:\/\/spp3.slawno.pl\/wp-content\/uploads\/2021\/06\/7-2-768x576.jpg 768w, http:\/\/spp3.slawno.pl\/wp-content\/uploads\/2021\/06\/7-2-678x509.jpg 678w, http:\/\/spp3.slawno.pl\/wp-content\/uploads\/2021\/06\/7-2-326x245.jpg 326w, http:\/\/spp3.slawno.pl\/wp-content\/uploads\/2021\/06\/7-2-80x60.jpg 80w\" sizes=\"(max-width: 925px) 100vw, 925px\" \/> <img loading=\"lazy\" decoding=\"async\" class=\"alignnone size-full wp-image-8241\" src=\"http:\/\/spp3.slawno.pl\/wp-content\/uploads\/2021\/06\/8-3.jpg\" alt=\"Uczniowie podczas dnia z wychowawc\u0105\" width=\"694\" height=\"925\" srcset=\"http:\/\/spp3.slawno.pl\/wp-content\/uploads\/2021\/06\/8-3.jpg 694w, http:\/\/spp3.slawno.pl\/wp-content\/uploads\/2021\/06\/8-3-225x300.jpg 225w\" sizes=\"(max-width: 694px) 100vw, 694px\" \/> <img loading=\"lazy\" decoding=\"async\" class=\"alignnone size-full wp-image-8242\" src=\"http:\/\/spp3.slawno.pl\/wp-content\/uploads\/2021\/06\/9-3.jpg\" alt=\"Uczniowie podczas dnia z wychowawc\u0105\" width=\"694\" height=\"925\" srcset=\"http:\/\/spp3.slawno.pl\/wp-content\/uploads\/2021\/06\/9-3.jpg 694w, http:\/\/spp3.slawno.pl\/wp-content\/uploads\/2021\/06\/9-3-225x300.jpg 225w\" sizes=\"(max-width: 694px) 100vw, 694px\" \/> <img loading=\"lazy\" decoding=\"async\" class=\"alignnone size-full wp-image-8243\" src=\"http:\/\/spp3.slawno.pl\/wp-content\/uploads\/2021\/06\/10-3.jpg\" alt=\"Uczniowie podczas dnia z wychowawc\u0105\" width=\"694\" height=\"925\" srcset=\"http:\/\/spp3.slawno.pl\/wp-content\/uploads\/2021\/06\/10-3.jpg 694w, http:\/\/spp3.slawno.pl\/wp-content\/uploads\/2021\/06\/10-3-225x300.jpg 225w\" sizes=\"(max-width: 694px) 100vw, 694px\" \/> <img loading=\"lazy\" decoding=\"async\" class=\"alignnone size-full wp-image-8244\" src=\"http:\/\/spp3.slawno.pl\/wp-content\/uploads\/2021\/06\/11-2.jpg\" alt=\"Uczniowie podczas dnia z wychowawc\u0105\" width=\"694\" height=\"925\" srcset=\"http:\/\/spp3.slawno.pl\/wp-content\/uploads\/2021\/06\/11-2.jpg 694w, http:\/\/spp3.slawno.pl\/wp-content\/uploads\/2021\/06\/11-2-225x300.jpg 225w\" sizes=\"(max-width: 694px) 100vw, 694px\" \/> <img loading=\"lazy\" decoding=\"async\" class=\"alignnone size-full wp-image-8245\" src=\"http:\/\/spp3.slawno.pl\/wp-content\/uploads\/2021\/06\/12-2.jpg\" alt=\"Uczniowie podczas dnia z wychowawc\u0105\" width=\"694\" height=\"925\" srcset=\"http:\/\/spp3.slawno.pl\/wp-content\/uploads\/2021\/06\/12-2.jpg 694w, http:\/\/spp3.slawno.pl\/wp-content\/uploads\/2021\/06\/12-2-225x300.jpg 225w\" sizes=\"(max-width: 694px) 100vw, 694px\" \/> <img loading=\"lazy\" decoding=\"async\" class=\"alignnone size-large wp-image-8246\" src=\"http:\/\/spp3.slawno.pl\/wp-content\/uploads\/2021\/06\/13-2-768x1024.jpg\" alt=\"Uczniowie podczas dnia z wychowawc\u0105\" width=\"768\" height=\"1024\" srcset=\"http:\/\/spp3.slawno.pl\/wp-content\/uploads\/2021\/06\/13-2-768x1024.jpg 768w, http:\/\/spp3.slawno.pl\/wp-content\/uploads\/2021\/06\/13-2-225x300.jpg 225w, http:\/\/spp3.slawno.pl\/wp-content\/uploads\/2021\/06\/13-2.jpg 902w\" sizes=\"(max-width: 768px) 100vw, 768px\" \/> <img loading=\"lazy\" decoding=\"async\" class=\"alignnone size-full wp-image-8247\" src=\"http:\/\/spp3.slawno.pl\/wp-content\/uploads\/2021\/06\/14-2.jpg\" alt=\"Uczniowie podczas dnia z wychowawc\u0105\" width=\"694\" height=\"925\" srcset=\"http:\/\/spp3.slawno.pl\/wp-content\/uploads\/2021\/06\/14-2.jpg 694w, http:\/\/spp3.slawno.pl\/wp-content\/uploads\/2021\/06\/14-2-225x300.jpg 225w\" sizes=\"(max-width: 694px) 100vw, 694px\" \/><\/p>\n","protected":false},"excerpt":{"rendered":"<div class=\"mh-excerpt\"><p>Klasa 5a w ostatnim dniu roku szkolnego 2020\/21 uczestniczy\u0142a w biegu patrolowym, podczas kt\u00f3rego odszyfrowywali zakodowane polecenia. Nast\u0119pnie wykonywali za\u0142\u0105czone do szyfr\u00f3w zadania z pierwszej <a class=\"mh-excerpt-more\" href=\"http:\/\/spp3.slawno.pl\/?p=8233\" title=\"Dzie\u0144 z wychowawc\u0105 klasa 5a\">[&#8230;]<\/a><\/p>\n<\/div>","protected":false},"author":2,"featured_media":8236,"comment_status":"closed","ping_status":"open","sticky":false,"template":"","format":"standard","meta":{"footnotes":""},"categories":[8],"tags":[],"class_list":["post-8233","post","type-post","status-publish","format-standard","has-post-thumbnail","hentry","category-wydarzenia"],"_links":{"self":[{"href":"http:\/\/spp3.slawno.pl\/index.php?rest_route=\/wp\/v2\/posts\/8233"}],"collection":[{"href":"http:\/\/spp3.slawno.pl\/index.php?rest_route=\/wp\/v2\/posts"}],"about":[{"href":"http:\/\/spp3.slawno.pl\/index.php?rest_route=\/wp\/v2\/types\/post"}],"author":[{"embeddable":true,"href":"http:\/\/spp3.slawno.pl\/index.php?rest_route=\/wp\/v2\/users\/2"}],"replies":[{"embeddable":true,"href":"http:\/\/spp3.slawno.pl\/index.php?rest_route=%2Fwp%2Fv2%2Fcomments&post=8233"}],"version-history":[{"count":1,"href":"http:\/\/spp3.slawno.pl\/index.php?rest_route=\/wp\/v2\/posts\/8233\/revisions"}],"predecessor-version":[{"id":8248,"href":"http:\/\/spp3.slawno.pl\/index.php?rest_route=\/wp\/v2\/posts\/8233\/revisions\/8248"}],"wp:featuredmedia":[{"embeddable":true,"href":"http:\/\/spp3.slawno.pl\/index.php?rest_route=\/wp\/v2\/media\/8236"}],"wp:attachment":[{"href":"http:\/\/spp3.slawno.pl\/index.php?rest_route=%2Fwp%2Fv2%2Fmedia&parent=8233"}],"wp:term":[{"taxonomy":"category","embeddable":true,"href":"http:\/\/spp3.slawno.pl\/index.php?rest_route=%2Fwp%2Fv2%2Fcategories&post=8233"},{"taxonomy":"post_tag","embeddable":true,"href":"http:\/\/spp3.slawno.pl\/index.php?rest_route=%2Fwp%2Fv2%2Ftags&post=8233"}],"curies":[{"name":"wp","href":"https:\/\/api.w.org\/{rel}","templated":true}]}}