{"id":8573,"date":"2021-09-09T22:49:35","date_gmt":"2021-09-09T20:49:35","guid":{"rendered":"http:\/\/spp3.slawno.pl\/?p=8573"},"modified":"2021-09-09T22:54:32","modified_gmt":"2021-09-09T20:54:32","slug":"maraton-na-raty","status":"publish","type":"post","link":"http:\/\/spp3.slawno.pl\/?p=8573","title":{"rendered":"Maraton na raty"},"content":{"rendered":"\n<p>Maraton na raty 2021\/2022Ju\u017c w najbli\u017csz\u0105 sobot\u0119, 11 wrze\u015bnia 2021 roku zaczynamy jesienne bieganie z maratonem na raty.<\/p>\n\n\n\n<figure class=\"wp-block-image size-large\"><img loading=\"lazy\" decoding=\"async\" width=\"724\" height=\"1024\" src=\"http:\/\/spp3.slawno.pl\/wp-content\/uploads\/2021\/09\/1-3-724x1024.jpg\" alt=\"Plakat maraton na raty\" class=\"wp-image-8574\" srcset=\"http:\/\/spp3.slawno.pl\/wp-content\/uploads\/2021\/09\/1-3-724x1024.jpg 724w, http:\/\/spp3.slawno.pl\/wp-content\/uploads\/2021\/09\/1-3-212x300.jpg 212w, http:\/\/spp3.slawno.pl\/wp-content\/uploads\/2021\/09\/1-3-768x1086.jpg 768w, http:\/\/spp3.slawno.pl\/wp-content\/uploads\/2021\/09\/1-3-1086x1536.jpg 1086w, http:\/\/spp3.slawno.pl\/wp-content\/uploads\/2021\/09\/1-3.jpg 1131w\" sizes=\"(max-width: 724px) 100vw, 724px\" \/><\/figure>\n","protected":false},"excerpt":{"rendered":"<div class=\"mh-excerpt\"><p>Maraton na raty 2021\/2022Ju\u017c w najbli\u017csz\u0105 sobot\u0119, 11 wrze\u015bnia 2021 roku zaczynamy jesienne bieganie z maratonem na raty.<\/p>\n<\/div>","protected":false},"author":2,"featured_media":8574,"comment_status":"closed","ping_status":"open","sticky":false,"template":"","format":"standard","meta":{"footnotes":""},"categories":[9,6,8],"tags":[],"class_list":["post-8573","post","type-post","status-publish","format-standard","has-post-thumbnail","hentry","category-ogloszenia","category-sport","category-wydarzenia"],"_links":{"self":[{"href":"http:\/\/spp3.slawno.pl\/index.php?rest_route=\/wp\/v2\/posts\/8573"}],"collection":[{"href":"http:\/\/spp3.slawno.pl\/index.php?rest_route=\/wp\/v2\/posts"}],"about":[{"href":"http:\/\/spp3.slawno.pl\/index.php?rest_route=\/wp\/v2\/types\/post"}],"author":[{"embeddable":true,"href":"http:\/\/spp3.slawno.pl\/index.php?rest_route=\/wp\/v2\/users\/2"}],"replies":[{"embeddable":true,"href":"http:\/\/spp3.slawno.pl\/index.php?rest_route=%2Fwp%2Fv2%2Fcomments&post=8573"}],"version-history":[{"count":1,"href":"http:\/\/spp3.slawno.pl\/index.php?rest_route=\/wp\/v2\/posts\/8573\/revisions"}],"predecessor-version":[{"id":8575,"href":"http:\/\/spp3.slawno.pl\/index.php?rest_route=\/wp\/v2\/posts\/8573\/revisions\/8575"}],"wp:featuredmedia":[{"embeddable":true,"href":"http:\/\/spp3.slawno.pl\/index.php?rest_route=\/wp\/v2\/media\/8574"}],"wp:attachment":[{"href":"http:\/\/spp3.slawno.pl\/index.php?rest_route=%2Fwp%2Fv2%2Fmedia&parent=8573"}],"wp:term":[{"taxonomy":"category","embeddable":true,"href":"http:\/\/spp3.slawno.pl\/index.php?rest_route=%2Fwp%2Fv2%2Fcategories&post=8573"},{"taxonomy":"post_tag","embeddable":true,"href":"http:\/\/spp3.slawno.pl\/index.php?rest_route=%2Fwp%2Fv2%2Ftags&post=8573"}],"curies":[{"name":"wp","href":"https:\/\/api.w.org\/{rel}","templated":true}]}}