{"id":8592,"date":"2021-09-16T00:15:19","date_gmt":"2021-09-15T22:15:19","guid":{"rendered":"http:\/\/spp3.slawno.pl\/?p=8592"},"modified":"2021-09-16T00:15:29","modified_gmt":"2021-09-15T22:15:29","slug":"koncert-z-okazji-jubileuszu-55-lecia-orkiestry-detej-im-ziemi-slawienskiej","status":"publish","type":"post","link":"http:\/\/spp3.slawno.pl\/?p=8592","title":{"rendered":"Koncert z okazji jubileuszu 55-lecia Orkiestry D\u0119tej im. Ziemi S\u0142awie\u0144skiej"},"content":{"rendered":"\n<p>K<\/p>\n\n\n\n<p>W najbli\u017csz\u0105 sobot\u0119, 18 wrze\u015bnia 2021 roku skwer miejski z fontann\u0105 zmieni si\u0119 w muzyczne centrum S\u0142awna.W tym dniu o godz. 16:00 rozpocznie si\u0119 koncert z okazji jubileuszu 55-lecia Orkiestry D\u0119tej im. Ziemi S\u0142awie\u0144skiej. Podczas jubileuszowego koncertu na scenie opr\u00f3cz jubilat\u00f3w wyst\u0105pi Orkiestra D\u0119ta OSP Iwanowice oraz M\u0142odzie\u017cowa Orkiestra D\u0119ta z Postomina. B\u0119dziemy r\u00f3wnie\u017c i my. Na stoisku Miejskiej Biblioteki Publicznej w S\u0142awnie b\u0119dzie mo\u017cna zakupi\u0107 ksi\u0105\u017cki, doch\u00f3d z kt\u00f3rych zostanie przekazany na rzecz Orkiestry D\u0119tej im. Ziemi S\u0142awie\u0144skiej. Serdecznie zapraszamy!!<\/p>\n\n\n\n<figure class=\"wp-block-image size-large\"><img loading=\"lazy\" decoding=\"async\" width=\"724\" height=\"1024\" src=\"http:\/\/spp3.slawno.pl\/wp-content\/uploads\/2021\/09\/1-6-724x1024.jpg\" alt=\"\" class=\"wp-image-8593\" srcset=\"http:\/\/spp3.slawno.pl\/wp-content\/uploads\/2021\/09\/1-6-724x1024.jpg 724w, http:\/\/spp3.slawno.pl\/wp-content\/uploads\/2021\/09\/1-6-212x300.jpg 212w, http:\/\/spp3.slawno.pl\/wp-content\/uploads\/2021\/09\/1-6.jpg 764w\" sizes=\"(max-width: 724px) 100vw, 724px\" \/><\/figure>\n","protected":false},"excerpt":{"rendered":"<div class=\"mh-excerpt\"><p>K W najbli\u017csz\u0105 sobot\u0119, 18 wrze\u015bnia 2021 roku skwer miejski z fontann\u0105 zmieni si\u0119 w muzyczne centrum S\u0142awna.W tym dniu o godz. 16:00 rozpocznie si\u0119 <a class=\"mh-excerpt-more\" href=\"http:\/\/spp3.slawno.pl\/?p=8592\" title=\"Koncert z okazji jubileuszu 55-lecia Orkiestry D\u0119tej im. Ziemi S\u0142awie\u0144skiej\">[&#8230;]<\/a><\/p>\n<\/div>","protected":false},"author":2,"featured_media":8593,"comment_status":"closed","ping_status":"open","sticky":false,"template":"","format":"standard","meta":{"footnotes":""},"categories":[9,8],"tags":[],"class_list":["post-8592","post","type-post","status-publish","format-standard","has-post-thumbnail","hentry","category-ogloszenia","category-wydarzenia"],"_links":{"self":[{"href":"http:\/\/spp3.slawno.pl\/index.php?rest_route=\/wp\/v2\/posts\/8592"}],"collection":[{"href":"http:\/\/spp3.slawno.pl\/index.php?rest_route=\/wp\/v2\/posts"}],"about":[{"href":"http:\/\/spp3.slawno.pl\/index.php?rest_route=\/wp\/v2\/types\/post"}],"author":[{"embeddable":true,"href":"http:\/\/spp3.slawno.pl\/index.php?rest_route=\/wp\/v2\/users\/2"}],"replies":[{"embeddable":true,"href":"http:\/\/spp3.slawno.pl\/index.php?rest_route=%2Fwp%2Fv2%2Fcomments&post=8592"}],"version-history":[{"count":2,"href":"http:\/\/spp3.slawno.pl\/index.php?rest_route=\/wp\/v2\/posts\/8592\/revisions"}],"predecessor-version":[{"id":8595,"href":"http:\/\/spp3.slawno.pl\/index.php?rest_route=\/wp\/v2\/posts\/8592\/revisions\/8595"}],"wp:featuredmedia":[{"embeddable":true,"href":"http:\/\/spp3.slawno.pl\/index.php?rest_route=\/wp\/v2\/media\/8593"}],"wp:attachment":[{"href":"http:\/\/spp3.slawno.pl\/index.php?rest_route=%2Fwp%2Fv2%2Fmedia&parent=8592"}],"wp:term":[{"taxonomy":"category","embeddable":true,"href":"http:\/\/spp3.slawno.pl\/index.php?rest_route=%2Fwp%2Fv2%2Fcategories&post=8592"},{"taxonomy":"post_tag","embeddable":true,"href":"http:\/\/spp3.slawno.pl\/index.php?rest_route=%2Fwp%2Fv2%2Ftags&post=8592"}],"curies":[{"name":"wp","href":"https:\/\/api.w.org\/{rel}","templated":true}]}}