{"id":8599,"date":"2021-09-16T00:23:21","date_gmt":"2021-09-15T22:23:21","guid":{"rendered":"http:\/\/spp3.slawno.pl\/?p=8599"},"modified":"2021-09-16T00:23:23","modified_gmt":"2021-09-15T22:23:23","slug":"dzien-kropki-3","status":"publish","type":"post","link":"http:\/\/spp3.slawno.pl\/?p=8599","title":{"rendered":"Dzie\u0144 Kropki"},"content":{"rendered":"\n<p>15 wrze\u015bnia w naszej szkole \u015bwi\u0119towali\u015bmy Mi\u0119dzynarodowy Dzie\u0144 Kropki. Szkolne klasy i korytarze zosta\u0142y opanowane przez kropki, grochy i groszki. Ka\u017cdy ucze\u0144 m\u00f3g\u0142 pochwali\u0107 si\u0119 swoim talentem. Dzi\u0119ki temu powsta\u0142a wspania\u0142a dekoracja MAM TALENT I KROPKA!! Uczniowie po raz pierwszy rysowali kropki cyrklem.<\/p>\n\n\n\n<figure class=\"wp-block-gallery columns-3 is-cropped wp-block-gallery-1 is-layout-flex wp-block-gallery-is-layout-flex\"><ul class=\"blocks-gallery-grid\"><li class=\"blocks-gallery-item\"><figure><img loading=\"lazy\" decoding=\"async\" width=\"960\" height=\"442\" src=\"http:\/\/spp3.slawno.pl\/wp-content\/uploads\/2021\/09\/1-7.jpg\" alt=\"\" data-id=\"8600\" data-full-url=\"http:\/\/spp3.slawno.pl\/wp-content\/uploads\/2021\/09\/1-7.jpg\" data-link=\"http:\/\/spp3.slawno.pl\/?attachment_id=8600\" class=\"wp-image-8600\" srcset=\"http:\/\/spp3.slawno.pl\/wp-content\/uploads\/2021\/09\/1-7.jpg 960w, http:\/\/spp3.slawno.pl\/wp-content\/uploads\/2021\/09\/1-7-300x138.jpg 300w, http:\/\/spp3.slawno.pl\/wp-content\/uploads\/2021\/09\/1-7-768x354.jpg 768w\" sizes=\"(max-width: 960px) 100vw, 960px\" \/><\/figure><\/li><li class=\"blocks-gallery-item\"><figure><img loading=\"lazy\" decoding=\"async\" width=\"960\" height=\"442\" src=\"http:\/\/spp3.slawno.pl\/wp-content\/uploads\/2021\/09\/2-6.jpg\" alt=\"\" data-id=\"8601\" data-full-url=\"http:\/\/spp3.slawno.pl\/wp-content\/uploads\/2021\/09\/2-6.jpg\" data-link=\"http:\/\/spp3.slawno.pl\/?attachment_id=8601\" class=\"wp-image-8601\" srcset=\"http:\/\/spp3.slawno.pl\/wp-content\/uploads\/2021\/09\/2-6.jpg 960w, http:\/\/spp3.slawno.pl\/wp-content\/uploads\/2021\/09\/2-6-300x138.jpg 300w, http:\/\/spp3.slawno.pl\/wp-content\/uploads\/2021\/09\/2-6-768x354.jpg 768w\" sizes=\"(max-width: 960px) 100vw, 960px\" \/><\/figure><\/li><li class=\"blocks-gallery-item\"><figure><img loading=\"lazy\" decoding=\"async\" width=\"960\" height=\"442\" src=\"http:\/\/spp3.slawno.pl\/wp-content\/uploads\/2021\/09\/3-4.jpg\" alt=\"\" data-id=\"8602\" data-full-url=\"http:\/\/spp3.slawno.pl\/wp-content\/uploads\/2021\/09\/3-4.jpg\" data-link=\"http:\/\/spp3.slawno.pl\/?attachment_id=8602\" class=\"wp-image-8602\" srcset=\"http:\/\/spp3.slawno.pl\/wp-content\/uploads\/2021\/09\/3-4.jpg 960w, http:\/\/spp3.slawno.pl\/wp-content\/uploads\/2021\/09\/3-4-300x138.jpg 300w, http:\/\/spp3.slawno.pl\/wp-content\/uploads\/2021\/09\/3-4-768x354.jpg 768w\" sizes=\"(max-width: 960px) 100vw, 960px\" \/><\/figure><\/li><li class=\"blocks-gallery-item\"><figure><img loading=\"lazy\" decoding=\"async\" width=\"960\" height=\"442\" src=\"http:\/\/spp3.slawno.pl\/wp-content\/uploads\/2021\/09\/4-4.jpg\" alt=\"\" data-id=\"8603\" data-full-url=\"http:\/\/spp3.slawno.pl\/wp-content\/uploads\/2021\/09\/4-4.jpg\" data-link=\"http:\/\/spp3.slawno.pl\/?attachment_id=8603\" class=\"wp-image-8603\" srcset=\"http:\/\/spp3.slawno.pl\/wp-content\/uploads\/2021\/09\/4-4.jpg 960w, http:\/\/spp3.slawno.pl\/wp-content\/uploads\/2021\/09\/4-4-300x138.jpg 300w, http:\/\/spp3.slawno.pl\/wp-content\/uploads\/2021\/09\/4-4-768x354.jpg 768w\" sizes=\"(max-width: 960px) 100vw, 960px\" \/><\/figure><\/li><li class=\"blocks-gallery-item\"><figure><img loading=\"lazy\" decoding=\"async\" width=\"960\" height=\"442\" src=\"http:\/\/spp3.slawno.pl\/wp-content\/uploads\/2021\/09\/5-3.jpg\" alt=\"\" data-id=\"8604\" data-full-url=\"http:\/\/spp3.slawno.pl\/wp-content\/uploads\/2021\/09\/5-3.jpg\" data-link=\"http:\/\/spp3.slawno.pl\/?attachment_id=8604\" class=\"wp-image-8604\" srcset=\"http:\/\/spp3.slawno.pl\/wp-content\/uploads\/2021\/09\/5-3.jpg 960w, http:\/\/spp3.slawno.pl\/wp-content\/uploads\/2021\/09\/5-3-300x138.jpg 300w, http:\/\/spp3.slawno.pl\/wp-content\/uploads\/2021\/09\/5-3-768x354.jpg 768w\" sizes=\"(max-width: 960px) 100vw, 960px\" \/><\/figure><\/li><li class=\"blocks-gallery-item\"><figure><img loading=\"lazy\" decoding=\"async\" width=\"960\" height=\"442\" src=\"http:\/\/spp3.slawno.pl\/wp-content\/uploads\/2021\/09\/6-3.jpg\" alt=\"\" data-id=\"8605\" data-full-url=\"http:\/\/spp3.slawno.pl\/wp-content\/uploads\/2021\/09\/6-3.jpg\" data-link=\"http:\/\/spp3.slawno.pl\/?attachment_id=8605\" class=\"wp-image-8605\" srcset=\"http:\/\/spp3.slawno.pl\/wp-content\/uploads\/2021\/09\/6-3.jpg 960w, http:\/\/spp3.slawno.pl\/wp-content\/uploads\/2021\/09\/6-3-300x138.jpg 300w, http:\/\/spp3.slawno.pl\/wp-content\/uploads\/2021\/09\/6-3-768x354.jpg 768w\" sizes=\"(max-width: 960px) 100vw, 960px\" \/><\/figure><\/li><li class=\"blocks-gallery-item\"><figure><img loading=\"lazy\" decoding=\"async\" width=\"960\" height=\"442\" src=\"http:\/\/spp3.slawno.pl\/wp-content\/uploads\/2021\/09\/7-3.jpg\" alt=\"\" data-id=\"8606\" data-full-url=\"http:\/\/spp3.slawno.pl\/wp-content\/uploads\/2021\/09\/7-3.jpg\" data-link=\"http:\/\/spp3.slawno.pl\/?attachment_id=8606\" class=\"wp-image-8606\" srcset=\"http:\/\/spp3.slawno.pl\/wp-content\/uploads\/2021\/09\/7-3.jpg 960w, http:\/\/spp3.slawno.pl\/wp-content\/uploads\/2021\/09\/7-3-300x138.jpg 300w, http:\/\/spp3.slawno.pl\/wp-content\/uploads\/2021\/09\/7-3-768x354.jpg 768w\" sizes=\"(max-width: 960px) 100vw, 960px\" \/><\/figure><\/li><li class=\"blocks-gallery-item\"><figure><img loading=\"lazy\" decoding=\"async\" width=\"960\" height=\"442\" src=\"http:\/\/spp3.slawno.pl\/wp-content\/uploads\/2021\/09\/8-3.jpg\" alt=\"\" data-id=\"8607\" data-full-url=\"http:\/\/spp3.slawno.pl\/wp-content\/uploads\/2021\/09\/8-3.jpg\" data-link=\"http:\/\/spp3.slawno.pl\/?attachment_id=8607\" class=\"wp-image-8607\" srcset=\"http:\/\/spp3.slawno.pl\/wp-content\/uploads\/2021\/09\/8-3.jpg 960w, http:\/\/spp3.slawno.pl\/wp-content\/uploads\/2021\/09\/8-3-300x138.jpg 300w, http:\/\/spp3.slawno.pl\/wp-content\/uploads\/2021\/09\/8-3-768x354.jpg 768w\" sizes=\"(max-width: 960px) 100vw, 960px\" \/><\/figure><\/li><li class=\"blocks-gallery-item\"><figure><img loading=\"lazy\" decoding=\"async\" width=\"960\" height=\"442\" src=\"http:\/\/spp3.slawno.pl\/wp-content\/uploads\/2021\/09\/9-3.jpg\" alt=\"\" data-id=\"8608\" data-full-url=\"http:\/\/spp3.slawno.pl\/wp-content\/uploads\/2021\/09\/9-3.jpg\" data-link=\"http:\/\/spp3.slawno.pl\/?attachment_id=8608\" class=\"wp-image-8608\" srcset=\"http:\/\/spp3.slawno.pl\/wp-content\/uploads\/2021\/09\/9-3.jpg 960w, http:\/\/spp3.slawno.pl\/wp-content\/uploads\/2021\/09\/9-3-300x138.jpg 300w, http:\/\/spp3.slawno.pl\/wp-content\/uploads\/2021\/09\/9-3-768x354.jpg 768w\" sizes=\"(max-width: 960px) 100vw, 960px\" \/><\/figure><\/li><li class=\"blocks-gallery-item\"><figure><img loading=\"lazy\" decoding=\"async\" width=\"960\" height=\"442\" src=\"http:\/\/spp3.slawno.pl\/wp-content\/uploads\/2021\/09\/10-2.jpg\" alt=\"\" data-id=\"8609\" data-full-url=\"http:\/\/spp3.slawno.pl\/wp-content\/uploads\/2021\/09\/10-2.jpg\" data-link=\"http:\/\/spp3.slawno.pl\/?attachment_id=8609\" class=\"wp-image-8609\" srcset=\"http:\/\/spp3.slawno.pl\/wp-content\/uploads\/2021\/09\/10-2.jpg 960w, http:\/\/spp3.slawno.pl\/wp-content\/uploads\/2021\/09\/10-2-300x138.jpg 300w, http:\/\/spp3.slawno.pl\/wp-content\/uploads\/2021\/09\/10-2-768x354.jpg 768w\" sizes=\"(max-width: 960px) 100vw, 960px\" \/><\/figure><\/li><li class=\"blocks-gallery-item\"><figure><img loading=\"lazy\" decoding=\"async\" width=\"960\" height=\"442\" src=\"http:\/\/spp3.slawno.pl\/wp-content\/uploads\/2021\/09\/11-2.jpg\" alt=\"\" data-id=\"8610\" data-full-url=\"http:\/\/spp3.slawno.pl\/wp-content\/uploads\/2021\/09\/11-2.jpg\" data-link=\"http:\/\/spp3.slawno.pl\/?attachment_id=8610\" class=\"wp-image-8610\" srcset=\"http:\/\/spp3.slawno.pl\/wp-content\/uploads\/2021\/09\/11-2.jpg 960w, http:\/\/spp3.slawno.pl\/wp-content\/uploads\/2021\/09\/11-2-300x138.jpg 300w, http:\/\/spp3.slawno.pl\/wp-content\/uploads\/2021\/09\/11-2-768x354.jpg 768w\" sizes=\"(max-width: 960px) 100vw, 960px\" \/><\/figure><\/li><\/ul><\/figure>\n","protected":false},"excerpt":{"rendered":"<div class=\"mh-excerpt\"><p>15 wrze\u015bnia w naszej szkole \u015bwi\u0119towali\u015bmy Mi\u0119dzynarodowy Dzie\u0144 Kropki. Szkolne klasy i korytarze zosta\u0142y opanowane przez kropki, grochy i groszki. Ka\u017cdy ucze\u0144 m\u00f3g\u0142 pochwali\u0107 si\u0119 <a class=\"mh-excerpt-more\" href=\"http:\/\/spp3.slawno.pl\/?p=8599\" title=\"Dzie\u0144 Kropki\">[&#8230;]<\/a><\/p>\n<\/div>","protected":false},"author":2,"featured_media":8603,"comment_status":"closed","ping_status":"open","sticky":false,"template":"","format":"standard","meta":{"footnotes":""},"categories":[32,22,8],"tags":[],"class_list":["post-8599","post","type-post","status-publish","format-standard","has-post-thumbnail","hentry","category-akcje","category-lekcje-w-naszej-szkole-nie-sa-nudne","category-wydarzenia"],"_links":{"self":[{"href":"http:\/\/spp3.slawno.pl\/index.php?rest_route=\/wp\/v2\/posts\/8599"}],"collection":[{"href":"http:\/\/spp3.slawno.pl\/index.php?rest_route=\/wp\/v2\/posts"}],"about":[{"href":"http:\/\/spp3.slawno.pl\/index.php?rest_route=\/wp\/v2\/types\/post"}],"author":[{"embeddable":true,"href":"http:\/\/spp3.slawno.pl\/index.php?rest_route=\/wp\/v2\/users\/2"}],"replies":[{"embeddable":true,"href":"http:\/\/spp3.slawno.pl\/index.php?rest_route=%2Fwp%2Fv2%2Fcomments&post=8599"}],"version-history":[{"count":1,"href":"http:\/\/spp3.slawno.pl\/index.php?rest_route=\/wp\/v2\/posts\/8599\/revisions"}],"predecessor-version":[{"id":8611,"href":"http:\/\/spp3.slawno.pl\/index.php?rest_route=\/wp\/v2\/posts\/8599\/revisions\/8611"}],"wp:featuredmedia":[{"embeddable":true,"href":"http:\/\/spp3.slawno.pl\/index.php?rest_route=\/wp\/v2\/media\/8603"}],"wp:attachment":[{"href":"http:\/\/spp3.slawno.pl\/index.php?rest_route=%2Fwp%2Fv2%2Fmedia&parent=8599"}],"wp:term":[{"taxonomy":"category","embeddable":true,"href":"http:\/\/spp3.slawno.pl\/index.php?rest_route=%2Fwp%2Fv2%2Fcategories&post=8599"},{"taxonomy":"post_tag","embeddable":true,"href":"http:\/\/spp3.slawno.pl\/index.php?rest_route=%2Fwp%2Fv2%2Ftags&post=8599"}],"curies":[{"name":"wp","href":"https:\/\/api.w.org\/{rel}","templated":true}]}}