{"id":8720,"date":"2021-09-17T18:11:04","date_gmt":"2021-09-17T16:11:04","guid":{"rendered":"http:\/\/spp3.slawno.pl\/?p=8720"},"modified":"2021-09-17T18:11:05","modified_gmt":"2021-09-17T16:11:05","slug":"bezpieczna-droga","status":"publish","type":"post","link":"http:\/\/spp3.slawno.pl\/?p=8720","title":{"rendered":",,Bezpieczna droga&#8221;"},"content":{"rendered":"\n<p>Wraz z nowym rokiem szkolnym w naszej szkole rozpocz\u0119li\u015bmy dzia\u0142ania pod has\u0142em ,,Bezpieczna droga&#8221;.Pani asp. K. Warczak przeprowadzi\u0142a zaj\u0119cia profilaktyczno- edukacyjne na temat bezpiecze\u0144stwa dzieci w r\u00f3\u017cnych sytuacjach drogowych. Utrwalili\u015bmy zasady bezpiecznego poruszania si\u0119 po jezdni i na przej\u015bciach dla pieszych. Dowiedzieli\u015bmy si\u0119, jak unika\u0107 niebezpiecze\u0144stw, na kt\u00f3re mo\u017cemy by\u0107 nara\u017ceni pokonuj\u0105c codzienn\u0105 drog\u0119 do szko\u0142y i domu.<\/p>\n\n\n\n<figure class=\"wp-block-gallery columns-3 is-cropped wp-block-gallery-1 is-layout-flex wp-block-gallery-is-layout-flex\"><ul class=\"blocks-gallery-grid\"><li class=\"blocks-gallery-item\"><figure><img loading=\"lazy\" decoding=\"async\" width=\"292\" height=\"173\" src=\"http:\/\/spp3.slawno.pl\/wp-content\/uploads\/2021\/09\/1-12.jpg\" alt=\"\" data-id=\"8721\" data-full-url=\"http:\/\/spp3.slawno.pl\/wp-content\/uploads\/2021\/09\/1-12.jpg\" data-link=\"http:\/\/spp3.slawno.pl\/?attachment_id=8721\" class=\"wp-image-8721\"\/><\/figure><\/li><li class=\"blocks-gallery-item\"><figure><img loading=\"lazy\" decoding=\"async\" width=\"720\" height=\"960\" src=\"http:\/\/spp3.slawno.pl\/wp-content\/uploads\/2021\/09\/2-11.jpg\" alt=\"\" data-id=\"8722\" data-full-url=\"http:\/\/spp3.slawno.pl\/wp-content\/uploads\/2021\/09\/2-11.jpg\" data-link=\"http:\/\/spp3.slawno.pl\/?attachment_id=8722\" class=\"wp-image-8722\" srcset=\"http:\/\/spp3.slawno.pl\/wp-content\/uploads\/2021\/09\/2-11.jpg 720w, http:\/\/spp3.slawno.pl\/wp-content\/uploads\/2021\/09\/2-11-225x300.jpg 225w\" sizes=\"(max-width: 720px) 100vw, 720px\" \/><\/figure><\/li><li class=\"blocks-gallery-item\"><figure><img loading=\"lazy\" decoding=\"async\" width=\"960\" height=\"720\" src=\"http:\/\/spp3.slawno.pl\/wp-content\/uploads\/2021\/09\/3-9.jpg\" alt=\"\" data-id=\"8723\" data-full-url=\"http:\/\/spp3.slawno.pl\/wp-content\/uploads\/2021\/09\/3-9.jpg\" data-link=\"http:\/\/spp3.slawno.pl\/?attachment_id=8723\" class=\"wp-image-8723\" srcset=\"http:\/\/spp3.slawno.pl\/wp-content\/uploads\/2021\/09\/3-9.jpg 960w, http:\/\/spp3.slawno.pl\/wp-content\/uploads\/2021\/09\/3-9-300x225.jpg 300w, http:\/\/spp3.slawno.pl\/wp-content\/uploads\/2021\/09\/3-9-768x576.jpg 768w, http:\/\/spp3.slawno.pl\/wp-content\/uploads\/2021\/09\/3-9-678x509.jpg 678w, http:\/\/spp3.slawno.pl\/wp-content\/uploads\/2021\/09\/3-9-326x245.jpg 326w, http:\/\/spp3.slawno.pl\/wp-content\/uploads\/2021\/09\/3-9-80x60.jpg 80w\" sizes=\"(max-width: 960px) 100vw, 960px\" \/><\/figure><\/li><li class=\"blocks-gallery-item\"><figure><img loading=\"lazy\" decoding=\"async\" width=\"960\" height=\"720\" src=\"http:\/\/spp3.slawno.pl\/wp-content\/uploads\/2021\/09\/4-9.jpg\" alt=\"\" data-id=\"8724\" data-full-url=\"http:\/\/spp3.slawno.pl\/wp-content\/uploads\/2021\/09\/4-9.jpg\" data-link=\"http:\/\/spp3.slawno.pl\/?attachment_id=8724\" class=\"wp-image-8724\" srcset=\"http:\/\/spp3.slawno.pl\/wp-content\/uploads\/2021\/09\/4-9.jpg 960w, http:\/\/spp3.slawno.pl\/wp-content\/uploads\/2021\/09\/4-9-300x225.jpg 300w, http:\/\/spp3.slawno.pl\/wp-content\/uploads\/2021\/09\/4-9-768x576.jpg 768w, http:\/\/spp3.slawno.pl\/wp-content\/uploads\/2021\/09\/4-9-678x509.jpg 678w, http:\/\/spp3.slawno.pl\/wp-content\/uploads\/2021\/09\/4-9-326x245.jpg 326w, http:\/\/spp3.slawno.pl\/wp-content\/uploads\/2021\/09\/4-9-80x60.jpg 80w\" sizes=\"(max-width: 960px) 100vw, 960px\" \/><\/figure><\/li><li class=\"blocks-gallery-item\"><figure><img loading=\"lazy\" decoding=\"async\" width=\"960\" height=\"720\" src=\"http:\/\/spp3.slawno.pl\/wp-content\/uploads\/2021\/09\/5-8.jpg\" alt=\"\" data-id=\"8725\" data-full-url=\"http:\/\/spp3.slawno.pl\/wp-content\/uploads\/2021\/09\/5-8.jpg\" data-link=\"http:\/\/spp3.slawno.pl\/?attachment_id=8725\" class=\"wp-image-8725\" srcset=\"http:\/\/spp3.slawno.pl\/wp-content\/uploads\/2021\/09\/5-8.jpg 960w, http:\/\/spp3.slawno.pl\/wp-content\/uploads\/2021\/09\/5-8-300x225.jpg 300w, http:\/\/spp3.slawno.pl\/wp-content\/uploads\/2021\/09\/5-8-768x576.jpg 768w, http:\/\/spp3.slawno.pl\/wp-content\/uploads\/2021\/09\/5-8-678x509.jpg 678w, http:\/\/spp3.slawno.pl\/wp-content\/uploads\/2021\/09\/5-8-326x245.jpg 326w, http:\/\/spp3.slawno.pl\/wp-content\/uploads\/2021\/09\/5-8-80x60.jpg 80w\" sizes=\"(max-width: 960px) 100vw, 960px\" \/><\/figure><\/li><li class=\"blocks-gallery-item\"><figure><img loading=\"lazy\" decoding=\"async\" width=\"960\" height=\"720\" src=\"http:\/\/spp3.slawno.pl\/wp-content\/uploads\/2021\/09\/6-8.jpg\" alt=\"\" data-id=\"8726\" data-full-url=\"http:\/\/spp3.slawno.pl\/wp-content\/uploads\/2021\/09\/6-8.jpg\" data-link=\"http:\/\/spp3.slawno.pl\/?attachment_id=8726\" class=\"wp-image-8726\" srcset=\"http:\/\/spp3.slawno.pl\/wp-content\/uploads\/2021\/09\/6-8.jpg 960w, http:\/\/spp3.slawno.pl\/wp-content\/uploads\/2021\/09\/6-8-300x225.jpg 300w, http:\/\/spp3.slawno.pl\/wp-content\/uploads\/2021\/09\/6-8-768x576.jpg 768w, http:\/\/spp3.slawno.pl\/wp-content\/uploads\/2021\/09\/6-8-678x509.jpg 678w, http:\/\/spp3.slawno.pl\/wp-content\/uploads\/2021\/09\/6-8-326x245.jpg 326w, http:\/\/spp3.slawno.pl\/wp-content\/uploads\/2021\/09\/6-8-80x60.jpg 80w\" sizes=\"(max-width: 960px) 100vw, 960px\" \/><\/figure><\/li><li class=\"blocks-gallery-item\"><figure><img loading=\"lazy\" decoding=\"async\" width=\"720\" height=\"960\" src=\"http:\/\/spp3.slawno.pl\/wp-content\/uploads\/2021\/09\/7-8.jpg\" alt=\"\" data-id=\"8727\" data-full-url=\"http:\/\/spp3.slawno.pl\/wp-content\/uploads\/2021\/09\/7-8.jpg\" data-link=\"http:\/\/spp3.slawno.pl\/?attachment_id=8727\" class=\"wp-image-8727\" srcset=\"http:\/\/spp3.slawno.pl\/wp-content\/uploads\/2021\/09\/7-8.jpg 720w, http:\/\/spp3.slawno.pl\/wp-content\/uploads\/2021\/09\/7-8-225x300.jpg 225w\" sizes=\"(max-width: 720px) 100vw, 720px\" \/><\/figure><\/li><li class=\"blocks-gallery-item\"><figure><img loading=\"lazy\" decoding=\"async\" width=\"720\" height=\"960\" src=\"http:\/\/spp3.slawno.pl\/wp-content\/uploads\/2021\/09\/8-7.jpg\" alt=\"\" data-id=\"8728\" data-full-url=\"http:\/\/spp3.slawno.pl\/wp-content\/uploads\/2021\/09\/8-7.jpg\" data-link=\"http:\/\/spp3.slawno.pl\/?attachment_id=8728\" class=\"wp-image-8728\" srcset=\"http:\/\/spp3.slawno.pl\/wp-content\/uploads\/2021\/09\/8-7.jpg 720w, http:\/\/spp3.slawno.pl\/wp-content\/uploads\/2021\/09\/8-7-225x300.jpg 225w\" sizes=\"(max-width: 720px) 100vw, 720px\" \/><\/figure><\/li><li class=\"blocks-gallery-item\"><figure><img loading=\"lazy\" decoding=\"async\" width=\"960\" height=\"442\" src=\"http:\/\/spp3.slawno.pl\/wp-content\/uploads\/2021\/09\/9-7.jpg\" alt=\"\" data-id=\"8729\" data-full-url=\"http:\/\/spp3.slawno.pl\/wp-content\/uploads\/2021\/09\/9-7.jpg\" data-link=\"http:\/\/spp3.slawno.pl\/?attachment_id=8729\" class=\"wp-image-8729\" srcset=\"http:\/\/spp3.slawno.pl\/wp-content\/uploads\/2021\/09\/9-7.jpg 960w, http:\/\/spp3.slawno.pl\/wp-content\/uploads\/2021\/09\/9-7-300x138.jpg 300w, http:\/\/spp3.slawno.pl\/wp-content\/uploads\/2021\/09\/9-7-768x354.jpg 768w\" sizes=\"(max-width: 960px) 100vw, 960px\" \/><\/figure><\/li><\/ul><\/figure>\n","protected":false},"excerpt":{"rendered":"<div class=\"mh-excerpt\"><p>Wraz z nowym rokiem szkolnym w naszej szkole rozpocz\u0119li\u015bmy dzia\u0142ania pod has\u0142em ,,Bezpieczna droga&#8221;.Pani asp. K. Warczak przeprowadzi\u0142a zaj\u0119cia profilaktyczno- edukacyjne na temat bezpiecze\u0144stwa dzieci <a class=\"mh-excerpt-more\" href=\"http:\/\/spp3.slawno.pl\/?p=8720\" title=\",,Bezpieczna droga&#8221;\">[&#8230;]<\/a><\/p>\n<\/div>","protected":false},"author":2,"featured_media":8723,"comment_status":"closed","ping_status":"open","sticky":false,"template":"","format":"standard","meta":{"footnotes":""},"categories":[32,8],"tags":[],"class_list":["post-8720","post","type-post","status-publish","format-standard","has-post-thumbnail","hentry","category-akcje","category-wydarzenia"],"_links":{"self":[{"href":"http:\/\/spp3.slawno.pl\/index.php?rest_route=\/wp\/v2\/posts\/8720"}],"collection":[{"href":"http:\/\/spp3.slawno.pl\/index.php?rest_route=\/wp\/v2\/posts"}],"about":[{"href":"http:\/\/spp3.slawno.pl\/index.php?rest_route=\/wp\/v2\/types\/post"}],"author":[{"embeddable":true,"href":"http:\/\/spp3.slawno.pl\/index.php?rest_route=\/wp\/v2\/users\/2"}],"replies":[{"embeddable":true,"href":"http:\/\/spp3.slawno.pl\/index.php?rest_route=%2Fwp%2Fv2%2Fcomments&post=8720"}],"version-history":[{"count":1,"href":"http:\/\/spp3.slawno.pl\/index.php?rest_route=\/wp\/v2\/posts\/8720\/revisions"}],"predecessor-version":[{"id":8730,"href":"http:\/\/spp3.slawno.pl\/index.php?rest_route=\/wp\/v2\/posts\/8720\/revisions\/8730"}],"wp:featuredmedia":[{"embeddable":true,"href":"http:\/\/spp3.slawno.pl\/index.php?rest_route=\/wp\/v2\/media\/8723"}],"wp:attachment":[{"href":"http:\/\/spp3.slawno.pl\/index.php?rest_route=%2Fwp%2Fv2%2Fmedia&parent=8720"}],"wp:term":[{"taxonomy":"category","embeddable":true,"href":"http:\/\/spp3.slawno.pl\/index.php?rest_route=%2Fwp%2Fv2%2Fcategories&post=8720"},{"taxonomy":"post_tag","embeddable":true,"href":"http:\/\/spp3.slawno.pl\/index.php?rest_route=%2Fwp%2Fv2%2Ftags&post=8720"}],"curies":[{"name":"wp","href":"https:\/\/api.w.org\/{rel}","templated":true}]}}